{"id":2247,"date":"2013-02-16T12:45:08","date_gmt":"2013-02-16T12:45:08","guid":{"rendered":"http:\/\/ew.og-ommersheim.de\/?p=2247"},"modified":"2015-12-17T19:37:46","modified_gmt":"2015-12-17T19:37:46","slug":"grosse-ehrungen-bei-der-jahreshauptversammlung-2013","status":"publish","type":"post","link":"http:\/\/www.og-ommersheim.de\/?p=2247","title":{"rendered":"Gro\u00dfe Ehrungen bei der Jahreshauptversammlung 2013"},"content":{"rendered":"<p align=\"justify\"><span style=\"font-family: arial, helvetica, sans-serif; font-size: large;\">Gro\u00dfe Ehrungen beim Verein f\u00fcr Deutsche Sch\u00e4ferhunde<\/span><\/p>\n<p align=\"justify\"><span style=\"font-family: Arial, sans-serif; font-size: small;\">Erika <span style=\"font-family: arial, helvetica, sans-serif;\">Schwarz f\u00fcr 50-j\u00e4hrige Amtst\u00e4tigkeit und Leo Braunberger f\u00fcr 50-j\u00e4hrige Mitgliedschaft geehrt<\/span><\/span><\/p>\n<p align=\"justify\"><span style=\"font-family: arial, helvetica, sans-serif; font-size: medium;\">Im Rahmen der am 16. Februar 2013 im Vereinsheim des Vereins f\u00fcr Deutsche Sch\u00e4ferhunde (SV) e.V., Ortsgruppe Ommersheim in der Gemeindesportanlage Ziegelh\u00fctte in Ommersheim\u00a0 stattgefundenen Jahreshauptversammlung wurden zahlreiche Mitglieder und auch aktive Hundef\u00fchrer geehrt. Die Hundef\u00fchrer J\u00fcrgen Schwarz und Stefan Lehnert erhielten die sehr seltene Auszeichnung mit dem goldenen beziehungsweise silbernen Hundef\u00fchrersportabzeichen des Verbandes f\u00fcr das Deutsche Hundewesen, Dortmund. J\u00fcrgen Schwarz erzielte die f\u00fcr das Goldene Hundef\u00fchrersportabzeichen erforderlichen Punkte durch seine jahrelangen, sehr erfolgreich absolvierten <i>Schutzhundepr\u00fcfungen <\/i>mit seinem Deutschen Sch\u00e4ferhund Opal von den jungen Hansen, w\u00e4hrend Stefan Lehnert die Voraussetzung f\u00fcr das silberne VDH-Hundef\u00fchrersportabzeichen mit seinen beiden Deutschen Sch\u00e4ferhunden Brenda von Kyrstetten und Atze von der oberen Saar in relativ wenigen Jahren in der Spezialdisziplin<i>F\u00e4hrtenhundepr\u00fcfung 2 <\/i>schaffte.<\/span><\/p>\n<p align=\"justify\"><span style=\"font-family: arial, helvetica, sans-serif; font-size: medium;\">F\u00fcr seine 25-j\u00e4hrige Mitgliedschaft im Verein f\u00fcr Deutsche Sch\u00e4ferhunde, Augsburg erhielt Horst M\u00fcller die Ehrennadel mit Urkunde des Hauptvereins. Der gesch\u00e4ftsf\u00fchrende Direktor des SV, Hartmut Seteki w\u00fcrdigte die langj\u00e4hrige Vereinstreue von Horst M\u00fcller und sprach ihm den Dank und Anerkennung des Bundesvorstandes aus. Er w\u00fcnschte Horst M\u00fcller weiterhin viel Gl\u00fcck und Gesundheit und sprach die Hoffnung aus, dass er noch lange dem SV erhalten bleiben m\u00f6ge.<\/span><\/p>\n<p align=\"justify\"><span style=\"font-family: arial, helvetica, sans-serif; font-size: medium;\">Mit der Goldenen Verdienstspange wurde Alois Tussing \u00a0in Abwesenheit geehrt. Ehrenvorsitzender Alfred Schwarz, der die Ehrungen vornahm, w\u00fcrdigte Alois Tussing f\u00fcr seine langj\u00e4hrige erfolgreiche T\u00e4tigkeit als 2. Vorsitzender der OG Ommersheim Er habe nicht nur f\u00fcr den Ommersheimer Verein wertvolle Arbeit geleistet, sondern auch f\u00fcr die Landesgruppe Saarland. Folgerichtig erhielt er die Silberne Verdienstspange des SV, eine Auszeichnung, die pro Landesgruppe nur dreimal im Jahr vergeben wird. Der Ehrenvorsitzende w\u00fcnschte Alois Tussing alles Gute, vor allem Gesundheit und Wohlergehen.<\/span><\/p>\n<p align=\"justify\"><span style=\"font-family: arial, helvetica, sans-serif; font-size: medium;\">Seit 1988 geh\u00f6rt Harald Spork dem Vorstand der Ortsgruppe Ommersheim an. Zun\u00e4chst als 2. Vorsitzender und nach der Wahl von J\u00fcrgen Schwarz zum 1. Vorsitzenden im Jahre 1993 auch zum Zuchtwart. Harald Spork habe insbesondere im monet\u00e4ren Bereich sehr wertvolle Arbeit f\u00fcr seine Ortsgruppe geleistet. Bei den Gro\u00dfveranstaltungen, wie der Landesgruppenzuchtschau im Jahre 1998, die mit mehr als 170 gemeldeten Deutschen Sch\u00e4ferhunde aus ganz Europa und weit mehr als 1000 Zuschauern; war er f\u00fcr die Verk\u00f6stigung verantwortlich. Dies gelang ihm ebenso perfekt, wie beim Internationalen Hundesport-Meeting aus Anlass der Verabschiedung von Landesgruppen-Ausbildungswart und Leistungsrichter Hans Kreutzer im Jahr 2002, mit Teilnehmern der Weltmeisterschaft der Weltunion der Vereine f\u00fcr Deutsche Sch\u00e4ferhunde, der Bundessiegerpr\u00fcfung und Spitzenhundef\u00fchrern aus dem Saarland. Auch hier war Harald Spork f\u00fcr die Verk\u00f6stigung von mehr als 30 Teilnehmern und weit \u00fcber 1000 Zuschauern verantwortlich. Seine besonderen Verdienste nahm der Vorstand nun zum Anlass, ihn mit der Goldenen Verdienstspange des Vereins auszuzeichnen.<\/span><\/p>\n<p align=\"justify\"><span style=\"font-family: arial, helvetica, sans-serif; font-size: medium;\">Als ein Musterbeispiel f\u00fcr Vereinstreue nannte Ehrenvorsitzender Alfred Schwarz, den Ommersheimer Leo Braunberger, der seit f\u00fcnfzig Jahren der OG Ommersheim und \u00fcberdies dem Verein f\u00fcr Deutsche Sch\u00e4ferhunde, Augsburg angeh\u00f6re. Leo Braunberger habe im Jahre 1986 beim Bau des Vereinsheimes in der Gemeindesportanlage bereitwillig die Fester f\u00fcr das neue Vereinsheim kostenlos zur Verf\u00fcgung gestellt und damit der OG Ommersheim durch sein Sponsoring sehr viel Geld beim Bau des Vereinsheimes eingespart. Ehrenvorsitzender Alfred Schwarz f\u00fchrte aus, dass er Leo Braunberger daf\u00fcr f\u00fcr immer dankbar sein werde. Seine Ehrung durch den Hauptverein erfolgt am 2. M\u00e4rz 2013 durch den Vorstand der Landesgruppe Saarland im Rahmen der Jahreshauptversammlung in der Kultur- und Sporthalle in Eschringen, wo er mit einer Ehrengabe f\u00fcr seine langj\u00e4hrige Vereinstreue ausgezeichnet wird. Leo Braunberger erhielt nun mit der Goldenen Verdienstspange, die h\u00f6chste Auszeichnung, die die\u00a0 OG Ommersheim vergibt.<\/span><\/p>\n<p align=\"justify\"><span style=\"font-family: arial, helvetica, sans-serif; font-size: medium;\">Gar f\u00fcr 50-j\u00e4hrige Amtst\u00e4tigkeit wurde die Kassenwartin und Schriftf\u00fchrern Erika Schwarz ausgezeichnet. Seit dem Gr\u00fcndungstag der OG Ommersheim am 23. August 1963 begleitet sie ununterbrochen ihre beiden \u00c4mter. In diesem halben Jahrhundert gab es zu keinem Zeitpunkt Anlass zur Kritik an ihrer Kassenf\u00fchrung. Die Kassenpr\u00fcfer bescheinigten ihr stets eine korrekte Kassenf\u00fchrung, so dass sie in den Jahreshauptversammlungen stets einstimmig entlastet worden ist. Aber ihre Arbeit f\u00fcr den Ommersheimer \u00a0Verein erstreckte sich bei weitem nicht nur auf die beiden Wahl\u00e4mter. Sie war auch verantwortlich f\u00fcr das Vereinsheim und die Pflege der Gartenanlage. \u00dcberdies war sie eine passionierte Hundef\u00fchrerin und hat in den 50 Jahren seit der Gr\u00fcndung der OG Ommersheim keine einzige Schutzhundepr\u00fcfung vers\u00e4umt. Inzwischen hat sie die Rekordzahl von 36 Deutschen Sch\u00e4ferhunden zur H\u00f6chststufe<i>Schutzhundepr\u00fcfung 3<\/i> ausgebildet. Ehrenvorsitzender Alfred Schwarz betonte, dass die Leistungen der Jubilarin f\u00fcr die Ortsgruppe Ommersheim nicht mehr zu topen seien. Sie sei in all den\u00a0 ahren ein Musterbeispiel an Flei\u00df und Einsatzbereitschaft f\u00fcr ihren Verein gewesen. Er w\u00fcnschte den Geehrten f\u00fcr die Zukunft alles Gute und hoffe auf eine weitere enge Verbundenheit zum Verein f\u00fcr Deutsche Sch\u00e4ferhunde, Ortsgruppe Ommersheim.<\/span><\/p>\n<p align=\"center\"><span style=\"font-family: Arial, sans-serif; font-size: small;\">\u00a0\u00a0\u00a0\u00a0\u00a0\u00a0\u00a0\u00a0\u00a0\u00a0\u00a0\u00a0\u00a0\u00a0\u00a0\u00a0\u00a0\u00a0\u00a0\u00a0\u00a0\u00a0\u00a0\u00a0\u00a0\u00a0\u00a0\u00a0\u00a0\u00a0\u00a0\u00a0\u00a0\u00a0\u00a0\u00a0\u00a0\u00a0\u00a0\u00a0\u00a0\u00a0\u00a0\u00a0\u00a0\u00a0\u00a0\u00a0\u00a0\u00a0\u00a0\u00a0\u00a0\u00a0\u00a0\u00a0\u00a0\u00a0\u00a0\u00a0\u00a0\u00a0\u00a0\u00a0\u00a0\u00a0\u00a0\u00a0\u00a0\u00a0\u00a0\u00a0\u00a0\u00a0\u00a0\u00a0\u00a0\u00a0\u00a0\u00a0\u00a0\u00a0\u00a0\u00a0\u00a0\u00a0\u00a0\u00a0\u00a0\u00a0\u00a0\u00a0\u00a0\u00a0\u00a0\u00a0\u00a0\u00a0\u00a0\u00a0\u00a0\u00a0\u00a0\u00a0\u00a0\u00a0\u00a0\u00a0\u00a0\u00a0\u00a0\u00a0\u00a0\u00a0\u00a0\u00a0\u00a0\u00a0\u00a0\u00a0\u00a0\u00a0\u00a0\u00a0\u00a0\u00a0\u00a0\u00a0\u00a0\u00a0\u00a0\u00a0\u00a0\u00a0\u00a0\u00a0\u00a0\u00a0\u00a0\u00a0\u00a0\u00a0\u00a0\u00a0\u00a0\u00a0\u00a0\u00a0\u00a0\u00a0\u00a0\u00a0\u00a0\u00a0\u00a0\u00a0\u00a0\u00a0\u00a0\u00a0\u00a0\u00a0\u00a0\u00a0\u00a0\u00a0 \u00a0Alfred Schwarz, Ehrenvorsitzender<\/span><\/p>\n<table class=\"mceVisualAid\" border=\"0\">\n<tbody>\n<tr>\n<td class=\"mceVisualAid\"><\/td>\n<\/tr>\n<\/tbody>\n<\/table>\n<table class=\"mceVisualAid\" style=\"height: 1088px;\" border=\"0\" width=\"648\">\n<tbody>\n<tr>\n<td class=\"mceVisualAid\"><img loading=\"lazy\" decoding=\"async\" class=\"\" title=\"p1000544_1.jpg\" src=\"http:\/\/www.og-ommersheim.de\/images\/stories\/jahreshauptversammlung_2013\/p1000544_1.jpg\" alt=\"p1000544_1.jpg\" width=\"357\" height=\"267\" \/><\/td>\n<td class=\"mceVisualAid\"><img loading=\"lazy\" decoding=\"async\" class=\"\" title=\"p1000542_1.jpg\" src=\"http:\/\/www.og-ommersheim.de\/images\/stories\/jahreshauptversammlung_2013\/p1000542_1.jpg\" alt=\"p1000542_1.jpg\" width=\"292\" height=\"219\" \/><\/td>\n<\/tr>\n<tr>\n<td class=\"mceVisualAid\">\u00a0Goldenes VDH Hundef\u00fchrersportabzeichen f\u00fcr J\u00fcrgen Schwarz<\/td>\n<td class=\"mceVisualAid\">\u00a0Silbernes VDH Hundef\u00fchrersportabzeichen f\u00fcr Stefan Lehnert<\/td>\n<\/tr>\n<tr>\n<td class=\"mceVisualAid\">\u00a0<img loading=\"lazy\" decoding=\"async\" title=\"p1000546_1.jpg\" src=\"http:\/\/www.og-ommersheim.de\/images\/stories\/jahreshauptversammlung_2013\/p1000546_1.jpg\" alt=\"p1000546_1.jpg\" width=\"400\" height=\"300\" \/><\/td>\n<td class=\"mceVisualAid\">\u00a0<img loading=\"lazy\" decoding=\"async\" class=\"\" title=\"p1000548_1.jpg\" src=\"http:\/\/www.og-ommersheim.de\/images\/stories\/jahreshauptversammlung_2013\/p1000548_1.jpg\" alt=\"p1000548_1.jpg\" width=\"320\" height=\"240\" \/><\/td>\n<\/tr>\n<tr>\n<td class=\"mceVisualAid\">\u00a0Ehrennadel\u00a0zum 25-j\u00e4hrigen SV-Jubil\u00e4um f\u00fcr Horst M\u00fcller<\/td>\n<td class=\"mceVisualAid\">\u00a0Goldene Verdienstspange der Ortsguppe Ommersheim f\u00fcr Harald Spork<\/td>\n<\/tr>\n<tr>\n<td class=\"mceVisualAid\">\u00a0<img loading=\"lazy\" decoding=\"async\" title=\"p1000553_1.jpg\" src=\"http:\/\/www.og-ommersheim.de\/images\/stories\/jahreshauptversammlung_2013\/p1000553_1.jpg\" alt=\"p1000553_1.jpg\" width=\"400\" height=\"300\" \/><\/td>\n<td class=\"mceVisualAid\">\u00a0<img loading=\"lazy\" decoding=\"async\" title=\"p1000559_1.jpg\" src=\"http:\/\/www.og-ommersheim.de\/images\/stories\/jahreshauptversammlung_2013\/p1000559_1.jpg\" alt=\"p1000559_1.jpg\" width=\"400\" height=\"300\" \/><\/td>\n<\/tr>\n<tr>\n<td class=\"mceVisualAid\">\u00a0Goldene Verdienstspange der Ortsgruppe Ommersheimf\u00fcr Leo Braunberger<\/td>\n<td class=\"mceVisualAid\">\u00a0Ehrenteller zum 50-j\u00e4hrigen Amtstjubil\u00e4um f\u00fcr Erika Schwarz<\/td>\n<\/tr>\n<\/tbody>\n<\/table>\n<pre class=\"western\"><span style=\"color: #666666;\"><span style=\"font-family: Arial, sans-serif;\"><span style=\"font-size: xx-small;\">Fotos S. Lehnert<\/span><\/span><\/span><\/pre>\n","protected":false},"excerpt":{"rendered":"<p>Gro\u00dfe Ehrungen beim Verein f\u00fcr Deutsche Sch\u00e4ferhunde Erika Schwarz f\u00fcr 50-j\u00e4hrige Amtst\u00e4tigkeit und Leo Braunberger f\u00fcr 50-j\u00e4hrige Mitgliedschaft geehrt Im Rahmen der am 16. Februar 2013 im Vereinsheim des Vereins f\u00fcr Deutsche<a class=\"moretag\" href=\"http:\/\/www.og-ommersheim.de\/?p=2247\">Read More&#8230;<\/a><\/p>\n","protected":false},"author":3,"featured_media":0,"comment_status":"open","ping_status":"open","sticky":false,"template":"","format":"standard","meta":{"_jetpack_memberships_contains_paid_content":false,"footnotes":""},"categories":[18],"tags":[],"class_list":["post-2247","post","type-post","status-publish","format-standard","hentry","category-jahreshauptversammlung"],"jetpack_featured_media_url":"","jetpack_sharing_enabled":true,"_links":{"self":[{"href":"http:\/\/www.og-ommersheim.de\/index.php?rest_route=\/wp\/v2\/posts\/2247","targetHints":{"allow":["GET"]}}],"collection":[{"href":"http:\/\/www.og-ommersheim.de\/index.php?rest_route=\/wp\/v2\/posts"}],"about":[{"href":"http:\/\/www.og-ommersheim.de\/index.php?rest_route=\/wp\/v2\/types\/post"}],"author":[{"embeddable":true,"href":"http:\/\/www.og-ommersheim.de\/index.php?rest_route=\/wp\/v2\/users\/3"}],"replies":[{"embeddable":true,"href":"http:\/\/www.og-ommersheim.de\/index.php?rest_route=%2Fwp%2Fv2%2Fcomments&post=2247"}],"version-history":[{"count":3,"href":"http:\/\/www.og-ommersheim.de\/index.php?rest_route=\/wp\/v2\/posts\/2247\/revisions"}],"predecessor-version":[{"id":2379,"href":"http:\/\/www.og-ommersheim.de\/index.php?rest_route=\/wp\/v2\/posts\/2247\/revisions\/2379"}],"wp:attachment":[{"href":"http:\/\/www.og-ommersheim.de\/index.php?rest_route=%2Fwp%2Fv2%2Fmedia&parent=2247"}],"wp:term":[{"taxonomy":"category","embeddable":true,"href":"http:\/\/www.og-ommersheim.de\/index.php?rest_route=%2Fwp%2Fv2%2Fcategories&post=2247"},{"taxonomy":"post_tag","embeddable":true,"href":"http:\/\/www.og-ommersheim.de\/index.php?rest_route=%2Fwp%2Fv2%2Ftags&post=2247"}],"curies":[{"name":"wp","href":"https:\/\/api.w.org\/{rel}","templated":true}]}}