{"id":2972,"date":"2016-01-16T10:57:15","date_gmt":"2016-01-16T10:57:15","guid":{"rendered":"http:\/\/ew.og-ommersheim.de\/?p=2972"},"modified":"2017-01-09T20:39:16","modified_gmt":"2017-01-09T20:39:16","slug":"jahresabschlussfeier-2015","status":"publish","type":"post","link":"http:\/\/www.og-ommersheim.de\/?p=2972","title":{"rendered":"Jahresabschlussfeier 2015"},"content":{"rendered":"<p><span style=\"font-family: Arial, sans-serif;\">Gro\u00dfer Zuspruch bei der Jahresabschlussfeier 2015<\/span><\/p>\n<p><span style=\"font-family: Arial, sans-serif;\">Zur diesj\u00e4hrigen Jahresabschlussfeier fanden sich 32 Teilnehmer im Vereinsheim ein. Die Begr\u00fc\u00dfungsrede nahm der Ausbildungswart Stefan Lehnert vor, da der erste Vorsitzende J\u00fcrgen Schwarz noch arbeiten musste. Danach wurde das Buffet angerichtet und alle konnten sich darauf st\u00fcrzen. Es gab Burgunder- und Schweinespie\u00dfbraten mit Rahmgem\u00fcse, Kartoffelgratin und Buttersp\u00e4tzle. Nach dem Essen wurde zur Unterhaltung ein Jahresr\u00fcckblick als Diaschau von allen besonderen Anl\u00e4ssen des zur\u00fcckliegenden Jahres (Jahreshauptversammlung, Pr\u00fcfungen, Tag des Hundes, Sommerfest, Benefizveranstaltung und Nacht\u00fcbung) vorgef\u00fchrt. Dann wurden die Vereinsmeister durch die Ausbildungswartin Andrea Mayer geehrt.<\/span><\/p>\n<p><span style=\"font-family: Arial, sans-serif;\">Jahresmeisterin der Begleithunde wurde Sandra Schwarz mit Paula vom Glash\u00fctter Tal und drei bestandenen BH-Pr\u00fcfungen.<\/span><\/p>\n<p><span style=\"font-family: Arial, sans-serif;\">Jahresmeister in FH2 wurde Stefan Lehnert mit Atze von der oberen Saar und vier bestanden FH2 Pr\u00fcfungen.<\/span><\/p>\n<p><span style=\"font-family: Arial, sans-serif;\">Beide Vereinsmeister bekamen einen wertvollen Pokal \u00fcberreicht. Die Freude dar\u00fcber konnte man beiden ansehen. Im Anschluss war nur noch gem\u00fctliches Zusammensein in geselliger Runde angesagt. Es gab noch allerlei bis in den sp\u00e4ten Abend zu bereden.<\/span><\/p>\n<div class=\"foogallery foogallery-container foogallery-thumbnail foogallery-single-thumbnail foogallery-lightbox-foobox-free fg-center fg-thumbnail fg-ready fg-light fg-border-thin fg-shadow-outline fg-loading-default fg-loaded-fade-in fg-caption-hover fg-hover-slide-down fg-hover-zoom\" id=\"foogallery-gallery-2961\" data-foogallery=\"{&quot;item&quot;:{&quot;showCaptionTitle&quot;:true,&quot;showCaptionDescription&quot;:true},&quot;lazy&quot;:true}\" style=\"--fg-title-line-clamp: 0; --fg-description-line-clamp: 0;\" >\n    <div class=\"fg-item fg-type-image fg-idle\"><figure class=\"fg-item-inner\"><a href=\"http:\/\/www.og-ommersheim.de\/wp-content\/uploads\/2016\/01\/P1030470_1.jpg\" data-caption-title=\"Foto: Stefan Lehnert\" data-attachment-id=\"2956\" rel=\"lightbox[2961]\" data-type=\"image\" class=\"fg-thumb\"><span class=\"fg-image-wrap\"><img fetchpriority=\"high\" decoding=\"async\" title=\"Foto: Stefan Lehnert\" width=\"250\" height=\"200\" class=\"skip-lazy fg-image\" data-src-fg=\"http:\/\/www.og-ommersheim.de\/wp-content\/uploads\/cache\/2016\/01\/P1030470_1\/4107479579.jpg\" src=\"data:image\/svg+xml,%3Csvg%20xmlns%3D%22http%3A%2F%2Fwww.w3.org%2F2000%2Fsvg%22%20width%3D%22250%22%20height%3D%22200%22%20viewBox%3D%220%200%20250%20200%22%3E%3C%2Fsvg%3E\" loading=\"eager\"><\/span><span class=\"fg-image-overlay\"><\/span><\/a><\/figure><div class=\"fg-loader\"><\/div><\/div>        <div class=\"fg-st-hidden\">\n        <div class=\"fg-item fg-type-image fg-idle\"><figure class=\"fg-item-inner\"><a href=\"http:\/\/www.og-ommersheim.de\/wp-content\/uploads\/2016\/01\/P1030471_1.jpg\" data-caption-title=\"Foto: Stefan Lehnert\" data-attachment-id=\"2957\" rel=\"lightbox[2961]\" data-type=\"image\" class=\"fg-thumb\"><span class=\"fg-image-wrap\"><img decoding=\"async\" title=\"Foto: Stefan Lehnert\" width=\"250\" height=\"200\" class=\"skip-lazy fg-image\" data-src-fg=\"http:\/\/www.og-ommersheim.de\/wp-content\/uploads\/cache\/2016\/01\/P1030471_1\/4064287205.jpg\" src=\"data:image\/svg+xml,%3Csvg%20xmlns%3D%22http%3A%2F%2Fwww.w3.org%2F2000%2Fsvg%22%20width%3D%22250%22%20height%3D%22200%22%20viewBox%3D%220%200%20250%20200%22%3E%3C%2Fsvg%3E\" loading=\"eager\"><\/span><span class=\"fg-image-overlay\"><\/span><\/a><figcaption class=\"fg-caption\"><div class=\"fg-caption-inner\"><div class=\"fg-caption-title\">Foto: Stefan Lehnert<\/div><\/div><\/figcaption><\/figure><div class=\"fg-loader\"><\/div><\/div><div class=\"fg-item fg-type-image fg-idle\"><figure class=\"fg-item-inner\"><a href=\"http:\/\/www.og-ommersheim.de\/wp-content\/uploads\/2016\/01\/P1030434_.jpg\" data-caption-title=\"Foto: Stefan Lehnert\" data-attachment-id=\"2925\" rel=\"lightbox[2961]\" data-type=\"image\" class=\"fg-thumb\"><span class=\"fg-image-wrap\"><img decoding=\"async\" title=\"Foto: Stefan Lehnert\" width=\"250\" height=\"200\" class=\"skip-lazy fg-image\" data-src-fg=\"http:\/\/www.og-ommersheim.de\/wp-content\/uploads\/cache\/2016\/01\/P1030434_\/3414887929.jpg\" src=\"data:image\/svg+xml,%3Csvg%20xmlns%3D%22http%3A%2F%2Fwww.w3.org%2F2000%2Fsvg%22%20width%3D%22250%22%20height%3D%22200%22%20viewBox%3D%220%200%20250%20200%22%3E%3C%2Fsvg%3E\" loading=\"eager\"><\/span><span class=\"fg-image-overlay\"><\/span><\/a><figcaption class=\"fg-caption\"><div class=\"fg-caption-inner\"><div class=\"fg-caption-title\">Foto: Stefan Lehnert<\/div><\/div><\/figcaption><\/figure><div class=\"fg-loader\"><\/div><\/div><div class=\"fg-item fg-type-image fg-idle\"><figure class=\"fg-item-inner\"><a href=\"http:\/\/www.og-ommersheim.de\/wp-content\/uploads\/2016\/01\/P1030433_.jpg\" data-caption-title=\"Foto: Stefan Lehnert\" data-attachment-id=\"2924\" rel=\"lightbox[2961]\" data-type=\"image\" class=\"fg-thumb\"><span class=\"fg-image-wrap\"><img decoding=\"async\" title=\"Foto: Stefan Lehnert\" width=\"250\" height=\"200\" class=\"skip-lazy fg-image\" data-src-fg=\"http:\/\/www.og-ommersheim.de\/wp-content\/uploads\/cache\/2016\/01\/P1030433_\/2157184041.jpg\" src=\"data:image\/svg+xml,%3Csvg%20xmlns%3D%22http%3A%2F%2Fwww.w3.org%2F2000%2Fsvg%22%20width%3D%22250%22%20height%3D%22200%22%20viewBox%3D%220%200%20250%20200%22%3E%3C%2Fsvg%3E\" loading=\"eager\"><\/span><span class=\"fg-image-overlay\"><\/span><\/a><figcaption class=\"fg-caption\"><div class=\"fg-caption-inner\"><div class=\"fg-caption-title\">Foto: Stefan Lehnert<\/div><\/div><\/figcaption><\/figure><div class=\"fg-loader\"><\/div><\/div><div class=\"fg-item fg-type-image fg-idle\"><figure class=\"fg-item-inner\"><a href=\"http:\/\/www.og-ommersheim.de\/wp-content\/uploads\/2016\/01\/P1030435_.jpg\" data-caption-title=\"Foto: Stefan Lehnert\" data-attachment-id=\"2926\" rel=\"lightbox[2961]\" data-type=\"image\" class=\"fg-thumb\"><span class=\"fg-image-wrap\"><img decoding=\"async\" title=\"Foto: Stefan Lehnert\" width=\"250\" height=\"200\" class=\"skip-lazy fg-image\" data-src-fg=\"http:\/\/www.og-ommersheim.de\/wp-content\/uploads\/cache\/2016\/01\/P1030435_\/2909975953.jpg\" src=\"data:image\/svg+xml,%3Csvg%20xmlns%3D%22http%3A%2F%2Fwww.w3.org%2F2000%2Fsvg%22%20width%3D%22250%22%20height%3D%22200%22%20viewBox%3D%220%200%20250%20200%22%3E%3C%2Fsvg%3E\" loading=\"eager\"><\/span><span class=\"fg-image-overlay\"><\/span><\/a><figcaption class=\"fg-caption\"><div class=\"fg-caption-inner\"><div class=\"fg-caption-title\">Foto: Stefan Lehnert<\/div><\/div><\/figcaption><\/figure><div class=\"fg-loader\"><\/div><\/div><div class=\"fg-item fg-type-image fg-idle\"><figure class=\"fg-item-inner\"><a href=\"http:\/\/www.og-ommersheim.de\/wp-content\/uploads\/2016\/01\/P1030436_.jpg\" data-caption-title=\"Foto: Stefan Lehnert\" data-attachment-id=\"2927\" rel=\"lightbox[2961]\" data-type=\"image\" class=\"fg-thumb\"><span class=\"fg-image-wrap\"><img decoding=\"async\" title=\"Foto: Stefan Lehnert\" width=\"250\" height=\"200\" class=\"skip-lazy fg-image\" data-src-fg=\"http:\/\/www.og-ommersheim.de\/wp-content\/uploads\/cache\/2016\/01\/P1030436_\/3145854285.jpg\" src=\"data:image\/svg+xml,%3Csvg%20xmlns%3D%22http%3A%2F%2Fwww.w3.org%2F2000%2Fsvg%22%20width%3D%22250%22%20height%3D%22200%22%20viewBox%3D%220%200%20250%20200%22%3E%3C%2Fsvg%3E\" loading=\"eager\"><\/span><span class=\"fg-image-overlay\"><\/span><\/a><figcaption class=\"fg-caption\"><div class=\"fg-caption-inner\"><div class=\"fg-caption-title\">Foto: Stefan Lehnert<\/div><\/div><\/figcaption><\/figure><div class=\"fg-loader\"><\/div><\/div><div class=\"fg-item fg-type-image fg-idle\"><figure class=\"fg-item-inner\"><a href=\"http:\/\/www.og-ommersheim.de\/wp-content\/uploads\/2016\/01\/P1030437_.jpg\" data-caption-title=\"Foto: Stefan Lehnert\" data-attachment-id=\"2928\" rel=\"lightbox[2961]\" data-type=\"image\" class=\"fg-thumb\"><span class=\"fg-image-wrap\"><img decoding=\"async\" title=\"Foto: Stefan Lehnert\" width=\"250\" height=\"200\" class=\"skip-lazy fg-image\" data-src-fg=\"http:\/\/www.og-ommersheim.de\/wp-content\/uploads\/cache\/2016\/01\/P1030437_\/3221480392.jpg\" src=\"data:image\/svg+xml,%3Csvg%20xmlns%3D%22http%3A%2F%2Fwww.w3.org%2F2000%2Fsvg%22%20width%3D%22250%22%20height%3D%22200%22%20viewBox%3D%220%200%20250%20200%22%3E%3C%2Fsvg%3E\" loading=\"eager\"><\/span><span class=\"fg-image-overlay\"><\/span><\/a><figcaption class=\"fg-caption\"><div class=\"fg-caption-inner\"><div class=\"fg-caption-title\">Foto: Stefan Lehnert<\/div><\/div><\/figcaption><\/figure><div class=\"fg-loader\"><\/div><\/div><div class=\"fg-item fg-type-image fg-idle\"><figure class=\"fg-item-inner\"><a href=\"http:\/\/www.og-ommersheim.de\/wp-content\/uploads\/2016\/01\/P1030438_.jpg\" data-caption-title=\"Foto: Stefan Lehnert\" data-attachment-id=\"2929\" rel=\"lightbox[2961]\" data-type=\"image\" class=\"fg-thumb\"><span class=\"fg-image-wrap\"><img decoding=\"async\" title=\"Foto: Stefan Lehnert\" width=\"250\" height=\"200\" class=\"skip-lazy fg-image\" data-src-fg=\"http:\/\/www.og-ommersheim.de\/wp-content\/uploads\/cache\/2016\/01\/P1030438_\/818169856.jpg\" src=\"data:image\/svg+xml,%3Csvg%20xmlns%3D%22http%3A%2F%2Fwww.w3.org%2F2000%2Fsvg%22%20width%3D%22250%22%20height%3D%22200%22%20viewBox%3D%220%200%20250%20200%22%3E%3C%2Fsvg%3E\" loading=\"eager\"><\/span><span class=\"fg-image-overlay\"><\/span><\/a><figcaption class=\"fg-caption\"><div class=\"fg-caption-inner\"><div class=\"fg-caption-title\">Foto: Stefan Lehnert<\/div><\/div><\/figcaption><\/figure><div class=\"fg-loader\"><\/div><\/div><div class=\"fg-item fg-type-image fg-idle\"><figure class=\"fg-item-inner\"><a href=\"http:\/\/www.og-ommersheim.de\/wp-content\/uploads\/2016\/01\/P1030439_.jpg\" data-caption-title=\"Foto: Stefan Lehnert\" data-attachment-id=\"2930\" rel=\"lightbox[2961]\" data-type=\"image\" class=\"fg-thumb\"><span class=\"fg-image-wrap\"><img decoding=\"async\" title=\"Foto: Stefan Lehnert\" width=\"250\" height=\"200\" class=\"skip-lazy fg-image\" data-src-fg=\"http:\/\/www.og-ommersheim.de\/wp-content\/uploads\/cache\/2016\/01\/P1030439_\/3423062135.jpg\" src=\"data:image\/svg+xml,%3Csvg%20xmlns%3D%22http%3A%2F%2Fwww.w3.org%2F2000%2Fsvg%22%20width%3D%22250%22%20height%3D%22200%22%20viewBox%3D%220%200%20250%20200%22%3E%3C%2Fsvg%3E\" loading=\"eager\"><\/span><span class=\"fg-image-overlay\"><\/span><\/a><figcaption class=\"fg-caption\"><div class=\"fg-caption-inner\"><div class=\"fg-caption-title\">Foto: Stefan Lehnert<\/div><\/div><\/figcaption><\/figure><div class=\"fg-loader\"><\/div><\/div><div class=\"fg-item fg-type-image fg-idle\"><figure class=\"fg-item-inner\"><a href=\"http:\/\/www.og-ommersheim.de\/wp-content\/uploads\/2016\/01\/P1030440_.jpg\" data-caption-title=\"Foto: Stefan Lehnert\" data-attachment-id=\"2931\" rel=\"lightbox[2961]\" data-type=\"image\" class=\"fg-thumb\"><span class=\"fg-image-wrap\"><img decoding=\"async\" title=\"Foto: Stefan Lehnert\" width=\"250\" height=\"200\" class=\"skip-lazy fg-image\" data-src-fg=\"http:\/\/www.og-ommersheim.de\/wp-content\/uploads\/cache\/2016\/01\/P1030440_\/2902851916.jpg\" src=\"data:image\/svg+xml,%3Csvg%20xmlns%3D%22http%3A%2F%2Fwww.w3.org%2F2000%2Fsvg%22%20width%3D%22250%22%20height%3D%22200%22%20viewBox%3D%220%200%20250%20200%22%3E%3C%2Fsvg%3E\" loading=\"eager\"><\/span><span class=\"fg-image-overlay\"><\/span><\/a><figcaption class=\"fg-caption\"><div class=\"fg-caption-inner\"><div class=\"fg-caption-title\">Foto: Stefan Lehnert<\/div><\/div><\/figcaption><\/figure><div class=\"fg-loader\"><\/div><\/div><div class=\"fg-item fg-type-image fg-idle\"><figure class=\"fg-item-inner\"><a href=\"http:\/\/www.og-ommersheim.de\/wp-content\/uploads\/2016\/01\/P1030441_.jpg\" data-caption-title=\"Foto: Stefan Lehnert\" data-attachment-id=\"2932\" rel=\"lightbox[2961]\" data-type=\"image\" class=\"fg-thumb\"><span class=\"fg-image-wrap\"><img decoding=\"async\" title=\"Foto: Stefan Lehnert\" width=\"250\" height=\"200\" class=\"skip-lazy fg-image\" data-src-fg=\"http:\/\/www.og-ommersheim.de\/wp-content\/uploads\/cache\/2016\/01\/P1030441_\/3422533924.jpg\" src=\"data:image\/svg+xml,%3Csvg%20xmlns%3D%22http%3A%2F%2Fwww.w3.org%2F2000%2Fsvg%22%20width%3D%22250%22%20height%3D%22200%22%20viewBox%3D%220%200%20250%20200%22%3E%3C%2Fsvg%3E\" loading=\"eager\"><\/span><span class=\"fg-image-overlay\"><\/span><\/a><figcaption class=\"fg-caption\"><div class=\"fg-caption-inner\"><div class=\"fg-caption-title\">Foto: Stefan Lehnert<\/div><\/div><\/figcaption><\/figure><div class=\"fg-loader\"><\/div><\/div><div class=\"fg-item fg-type-image fg-idle\"><figure class=\"fg-item-inner\"><a href=\"http:\/\/www.og-ommersheim.de\/wp-content\/uploads\/2016\/01\/P1030442_.jpg\" data-caption-title=\"Foto: Stefan Lehnert\" data-attachment-id=\"2933\" rel=\"lightbox[2961]\" data-type=\"image\" class=\"fg-thumb\"><span class=\"fg-image-wrap\"><img decoding=\"async\" title=\"Foto: Stefan Lehnert\" width=\"250\" height=\"200\" class=\"skip-lazy fg-image\" data-src-fg=\"http:\/\/www.og-ommersheim.de\/wp-content\/uploads\/cache\/2016\/01\/P1030442_\/3708609016.jpg\" src=\"data:image\/svg+xml,%3Csvg%20xmlns%3D%22http%3A%2F%2Fwww.w3.org%2F2000%2Fsvg%22%20width%3D%22250%22%20height%3D%22200%22%20viewBox%3D%220%200%20250%20200%22%3E%3C%2Fsvg%3E\" loading=\"eager\"><\/span><span class=\"fg-image-overlay\"><\/span><\/a><figcaption class=\"fg-caption\"><div class=\"fg-caption-inner\"><div class=\"fg-caption-title\">Foto: Stefan Lehnert<\/div><\/div><\/figcaption><\/figure><div class=\"fg-loader\"><\/div><\/div><div class=\"fg-item fg-type-image fg-idle\"><figure class=\"fg-item-inner\"><a href=\"http:\/\/www.og-ommersheim.de\/wp-content\/uploads\/2016\/01\/P1030443_.jpg\" data-caption-title=\"Foto: Stefan Lehnert\" data-attachment-id=\"2934\" rel=\"lightbox[2961]\" data-type=\"image\" class=\"fg-thumb\"><span class=\"fg-image-wrap\"><img decoding=\"async\" title=\"Foto: Stefan Lehnert\" width=\"250\" height=\"200\" class=\"skip-lazy fg-image\" data-src-fg=\"http:\/\/www.og-ommersheim.de\/wp-content\/uploads\/cache\/2016\/01\/P1030443_\/101501428.jpg\" src=\"data:image\/svg+xml,%3Csvg%20xmlns%3D%22http%3A%2F%2Fwww.w3.org%2F2000%2Fsvg%22%20width%3D%22250%22%20height%3D%22200%22%20viewBox%3D%220%200%20250%20200%22%3E%3C%2Fsvg%3E\" loading=\"eager\"><\/span><span class=\"fg-image-overlay\"><\/span><\/a><figcaption class=\"fg-caption\"><div class=\"fg-caption-inner\"><div class=\"fg-caption-title\">Foto: Stefan Lehnert<\/div><\/div><\/figcaption><\/figure><div class=\"fg-loader\"><\/div><\/div><div class=\"fg-item fg-type-image fg-idle\"><figure class=\"fg-item-inner\"><a href=\"http:\/\/www.og-ommersheim.de\/wp-content\/uploads\/2016\/01\/P1030444_.jpg\" data-caption-title=\"Foto: Stefan Lehnert\" data-attachment-id=\"2935\" rel=\"lightbox[2961]\" data-type=\"image\" class=\"fg-thumb\"><span class=\"fg-image-wrap\"><img decoding=\"async\" title=\"Foto: Stefan Lehnert\" width=\"250\" height=\"200\" class=\"skip-lazy fg-image\" data-src-fg=\"http:\/\/www.og-ommersheim.de\/wp-content\/uploads\/cache\/2016\/01\/P1030444_\/1293140004.jpg\" src=\"data:image\/svg+xml,%3Csvg%20xmlns%3D%22http%3A%2F%2Fwww.w3.org%2F2000%2Fsvg%22%20width%3D%22250%22%20height%3D%22200%22%20viewBox%3D%220%200%20250%20200%22%3E%3C%2Fsvg%3E\" loading=\"eager\"><\/span><span class=\"fg-image-overlay\"><\/span><\/a><figcaption class=\"fg-caption\"><div class=\"fg-caption-inner\"><div class=\"fg-caption-title\">Foto: Stefan Lehnert<\/div><\/div><\/figcaption><\/figure><div class=\"fg-loader\"><\/div><\/div><div class=\"fg-item fg-type-image fg-idle\"><figure class=\"fg-item-inner\"><a href=\"http:\/\/www.og-ommersheim.de\/wp-content\/uploads\/2016\/01\/P1030445_.jpg\" data-caption-title=\"Foto: Stefan Lehnert\" data-attachment-id=\"2936\" rel=\"lightbox[2961]\" data-type=\"image\" class=\"fg-thumb\"><span class=\"fg-image-wrap\"><img decoding=\"async\" title=\"Foto: Stefan Lehnert\" width=\"250\" height=\"200\" class=\"skip-lazy fg-image\" data-src-fg=\"http:\/\/www.og-ommersheim.de\/wp-content\/uploads\/cache\/2016\/01\/P1030445_\/736786508.jpg\" src=\"data:image\/svg+xml,%3Csvg%20xmlns%3D%22http%3A%2F%2Fwww.w3.org%2F2000%2Fsvg%22%20width%3D%22250%22%20height%3D%22200%22%20viewBox%3D%220%200%20250%20200%22%3E%3C%2Fsvg%3E\" loading=\"eager\"><\/span><span class=\"fg-image-overlay\"><\/span><\/a><figcaption class=\"fg-caption\"><div class=\"fg-caption-inner\"><div class=\"fg-caption-title\">Foto: Stefan Lehnert<\/div><\/div><\/figcaption><\/figure><div class=\"fg-loader\"><\/div><\/div><div class=\"fg-item fg-type-image fg-idle\"><figure class=\"fg-item-inner\"><a href=\"http:\/\/www.og-ommersheim.de\/wp-content\/uploads\/2016\/01\/P1030446_.jpg\" data-caption-title=\"Foto: Stefan Lehnert\" data-attachment-id=\"2937\" rel=\"lightbox[2961]\" data-type=\"image\" class=\"fg-thumb\"><span class=\"fg-image-wrap\"><img decoding=\"async\" title=\"Foto: Stefan Lehnert\" width=\"250\" height=\"200\" class=\"skip-lazy fg-image\" data-src-fg=\"http:\/\/www.og-ommersheim.de\/wp-content\/uploads\/cache\/2016\/01\/P1030446_\/1025056912.jpg\" src=\"data:image\/svg+xml,%3Csvg%20xmlns%3D%22http%3A%2F%2Fwww.w3.org%2F2000%2Fsvg%22%20width%3D%22250%22%20height%3D%22200%22%20viewBox%3D%220%200%20250%20200%22%3E%3C%2Fsvg%3E\" loading=\"eager\"><\/span><span class=\"fg-image-overlay\"><\/span><\/a><figcaption class=\"fg-caption\"><div class=\"fg-caption-inner\"><div class=\"fg-caption-title\">Foto: Stefan Lehnert<\/div><\/div><\/figcaption><\/figure><div class=\"fg-loader\"><\/div><\/div><div class=\"fg-item fg-type-image fg-idle\"><figure class=\"fg-item-inner\"><a href=\"http:\/\/www.og-ommersheim.de\/wp-content\/uploads\/2016\/01\/P1030447_.jpg\" data-caption-title=\"Foto: Stefan Lehnert\" data-attachment-id=\"2938\" rel=\"lightbox[2961]\" data-type=\"image\" class=\"fg-thumb\"><span class=\"fg-image-wrap\"><img decoding=\"async\" title=\"Foto: Stefan Lehnert\" width=\"250\" height=\"200\" class=\"skip-lazy fg-image\" data-src-fg=\"http:\/\/www.og-ommersheim.de\/wp-content\/uploads\/cache\/2016\/01\/P1030447_\/1184574997.jpg\" src=\"data:image\/svg+xml,%3Csvg%20xmlns%3D%22http%3A%2F%2Fwww.w3.org%2F2000%2Fsvg%22%20width%3D%22250%22%20height%3D%22200%22%20viewBox%3D%220%200%20250%20200%22%3E%3C%2Fsvg%3E\" loading=\"eager\"><\/span><span class=\"fg-image-overlay\"><\/span><\/a><figcaption class=\"fg-caption\"><div class=\"fg-caption-inner\"><div class=\"fg-caption-title\">Foto: Stefan Lehnert<\/div><\/div><\/figcaption><\/figure><div class=\"fg-loader\"><\/div><\/div><div class=\"fg-item fg-type-image fg-idle\"><figure class=\"fg-item-inner\"><a href=\"http:\/\/www.og-ommersheim.de\/wp-content\/uploads\/2016\/01\/P1030448_.jpg\" data-caption-title=\"Foto: Stefan Lehnert\" data-attachment-id=\"2939\" rel=\"lightbox[2961]\" data-type=\"image\" class=\"fg-thumb\"><span class=\"fg-image-wrap\"><img decoding=\"async\" title=\"Foto: Stefan Lehnert\" width=\"250\" height=\"200\" class=\"skip-lazy fg-image\" data-src-fg=\"http:\/\/www.og-ommersheim.de\/wp-content\/uploads\/cache\/2016\/01\/P1030448_\/3059516893.jpg\" src=\"data:image\/svg+xml,%3Csvg%20xmlns%3D%22http%3A%2F%2Fwww.w3.org%2F2000%2Fsvg%22%20width%3D%22250%22%20height%3D%22200%22%20viewBox%3D%220%200%20250%20200%22%3E%3C%2Fsvg%3E\" loading=\"eager\"><\/span><span class=\"fg-image-overlay\"><\/span><\/a><figcaption class=\"fg-caption\"><div class=\"fg-caption-inner\"><div class=\"fg-caption-title\">Foto: Stefan Lehnert<\/div><\/div><\/figcaption><\/figure><div class=\"fg-loader\"><\/div><\/div><div class=\"fg-item fg-type-image fg-idle\"><figure class=\"fg-item-inner\"><a href=\"http:\/\/www.og-ommersheim.de\/wp-content\/uploads\/2016\/01\/P1030449_.jpg\" data-caption-title=\"Foto: Stefan Lehnert\" data-attachment-id=\"2940\" rel=\"lightbox[2961]\" data-type=\"image\" class=\"fg-thumb\"><span class=\"fg-image-wrap\"><img decoding=\"async\" title=\"Foto: Stefan Lehnert\" width=\"250\" height=\"200\" class=\"skip-lazy fg-image\" data-src-fg=\"http:\/\/www.og-ommersheim.de\/wp-content\/uploads\/cache\/2016\/01\/P1030449_\/3363107891.jpg\" src=\"data:image\/svg+xml,%3Csvg%20xmlns%3D%22http%3A%2F%2Fwww.w3.org%2F2000%2Fsvg%22%20width%3D%22250%22%20height%3D%22200%22%20viewBox%3D%220%200%20250%20200%22%3E%3C%2Fsvg%3E\" loading=\"eager\"><\/span><span class=\"fg-image-overlay\"><\/span><\/a><figcaption class=\"fg-caption\"><div class=\"fg-caption-inner\"><div class=\"fg-caption-title\">Foto: Stefan Lehnert<\/div><\/div><\/figcaption><\/figure><div class=\"fg-loader\"><\/div><\/div><div class=\"fg-item fg-type-image fg-idle\"><figure class=\"fg-item-inner\"><a href=\"http:\/\/www.og-ommersheim.de\/wp-content\/uploads\/2016\/01\/P1030450_.jpg\" data-caption-title=\"Foto: Stefan Lehnert\" data-attachment-id=\"2941\" rel=\"lightbox[2961]\" data-type=\"image\" class=\"fg-thumb\"><span class=\"fg-image-wrap\"><img decoding=\"async\" title=\"Foto: Stefan Lehnert\" width=\"250\" height=\"200\" class=\"skip-lazy fg-image\" data-src-fg=\"http:\/\/www.og-ommersheim.de\/wp-content\/uploads\/cache\/2016\/01\/P1030450_\/2758495567.jpg\" src=\"data:image\/svg+xml,%3Csvg%20xmlns%3D%22http%3A%2F%2Fwww.w3.org%2F2000%2Fsvg%22%20width%3D%22250%22%20height%3D%22200%22%20viewBox%3D%220%200%20250%20200%22%3E%3C%2Fsvg%3E\" loading=\"eager\"><\/span><span class=\"fg-image-overlay\"><\/span><\/a><figcaption class=\"fg-caption\"><div class=\"fg-caption-inner\"><div class=\"fg-caption-title\">Foto: Stefan Lehnert<\/div><\/div><\/figcaption><\/figure><div class=\"fg-loader\"><\/div><\/div><div class=\"fg-item fg-type-image fg-idle\"><figure class=\"fg-item-inner\"><a href=\"http:\/\/www.og-ommersheim.de\/wp-content\/uploads\/2016\/01\/P1030451_.jpg\" data-caption-title=\"Foto: Stefan Lehnert\" data-attachment-id=\"2942\" rel=\"lightbox[2961]\" data-type=\"image\" class=\"fg-thumb\"><span class=\"fg-image-wrap\"><img decoding=\"async\" title=\"Foto: Stefan Lehnert\" width=\"250\" height=\"200\" class=\"skip-lazy fg-image\" data-src-fg=\"http:\/\/www.og-ommersheim.de\/wp-content\/uploads\/cache\/2016\/01\/P1030451_\/3264410919.jpg\" src=\"data:image\/svg+xml,%3Csvg%20xmlns%3D%22http%3A%2F%2Fwww.w3.org%2F2000%2Fsvg%22%20width%3D%22250%22%20height%3D%22200%22%20viewBox%3D%220%200%20250%20200%22%3E%3C%2Fsvg%3E\" loading=\"eager\"><\/span><span class=\"fg-image-overlay\"><\/span><\/a><figcaption class=\"fg-caption\"><div class=\"fg-caption-inner\"><div class=\"fg-caption-title\">Foto: Stefan Lehnert<\/div><\/div><\/figcaption><\/figure><div class=\"fg-loader\"><\/div><\/div><div class=\"fg-item fg-type-image fg-idle\"><figure class=\"fg-item-inner\"><a href=\"http:\/\/www.og-ommersheim.de\/wp-content\/uploads\/2016\/01\/P1030452_.jpg\" data-caption-title=\"Foto: Stefan Lehnert\" data-attachment-id=\"2943\" rel=\"lightbox[2961]\" data-type=\"image\" class=\"fg-thumb\"><span class=\"fg-image-wrap\"><img decoding=\"async\" title=\"Foto: Stefan Lehnert\" width=\"250\" height=\"200\" class=\"skip-lazy fg-image\" data-src-fg=\"http:\/\/www.og-ommersheim.de\/wp-content\/uploads\/cache\/2016\/01\/P1030452_\/3563171323.jpg\" src=\"data:image\/svg+xml,%3Csvg%20xmlns%3D%22http%3A%2F%2Fwww.w3.org%2F2000%2Fsvg%22%20width%3D%22250%22%20height%3D%22200%22%20viewBox%3D%220%200%20250%20200%22%3E%3C%2Fsvg%3E\" loading=\"eager\"><\/span><span class=\"fg-image-overlay\"><\/span><\/a><figcaption class=\"fg-caption\"><div class=\"fg-caption-inner\"><div class=\"fg-caption-title\">Foto: Stefan Lehnert<\/div><\/div><\/figcaption><\/figure><div class=\"fg-loader\"><\/div><\/div><div class=\"fg-item fg-type-image fg-idle\"><figure class=\"fg-item-inner\"><a href=\"http:\/\/www.og-ommersheim.de\/wp-content\/uploads\/2016\/01\/P1030453_.jpg\" data-caption-title=\"Foto: Stefan Lehnert\" data-attachment-id=\"2944\" rel=\"lightbox[2961]\" data-type=\"image\" class=\"fg-thumb\"><span class=\"fg-image-wrap\"><img decoding=\"async\" title=\"Foto: Stefan Lehnert\" width=\"250\" height=\"200\" class=\"skip-lazy fg-image\" data-src-fg=\"http:\/\/www.og-ommersheim.de\/wp-content\/uploads\/cache\/2016\/01\/P1030453_\/258049527.jpg\" src=\"data:image\/svg+xml,%3Csvg%20xmlns%3D%22http%3A%2F%2Fwww.w3.org%2F2000%2Fsvg%22%20width%3D%22250%22%20height%3D%22200%22%20viewBox%3D%220%200%20250%20200%22%3E%3C%2Fsvg%3E\" loading=\"eager\"><\/span><span class=\"fg-image-overlay\"><\/span><\/a><figcaption class=\"fg-caption\"><div class=\"fg-caption-inner\"><div class=\"fg-caption-title\">Foto: Stefan Lehnert<\/div><\/div><\/figcaption><\/figure><div class=\"fg-loader\"><\/div><\/div><div class=\"fg-item fg-type-image fg-idle\"><figure class=\"fg-item-inner\"><a href=\"http:\/\/www.og-ommersheim.de\/wp-content\/uploads\/2016\/01\/P1030454_.jpg\" data-caption-title=\"Foto: Stefan Lehnert\" data-attachment-id=\"2945\" rel=\"lightbox[2961]\" data-type=\"image\" class=\"fg-thumb\"><span class=\"fg-image-wrap\"><img decoding=\"async\" title=\"Foto: Stefan Lehnert\" width=\"250\" height=\"200\" class=\"skip-lazy fg-image\" data-src-fg=\"http:\/\/www.og-ommersheim.de\/wp-content\/uploads\/cache\/2016\/01\/P1030454_\/1149144103.jpg\" src=\"data:image\/svg+xml,%3Csvg%20xmlns%3D%22http%3A%2F%2Fwww.w3.org%2F2000%2Fsvg%22%20width%3D%22250%22%20height%3D%22200%22%20viewBox%3D%220%200%20250%20200%22%3E%3C%2Fsvg%3E\" loading=\"eager\"><\/span><span class=\"fg-image-overlay\"><\/span><\/a><figcaption class=\"fg-caption\"><div class=\"fg-caption-inner\"><div class=\"fg-caption-title\">Foto: Stefan Lehnert<\/div><\/div><\/figcaption><\/figure><div class=\"fg-loader\"><\/div><\/div><div class=\"fg-item fg-type-image fg-idle\"><figure class=\"fg-item-inner\"><a href=\"http:\/\/www.og-ommersheim.de\/wp-content\/uploads\/2016\/01\/P1030455_.jpg\" data-caption-title=\"Foto: Stefan Lehnert\" data-attachment-id=\"2946\" rel=\"lightbox[2961]\" data-type=\"image\" class=\"fg-thumb\"><span class=\"fg-image-wrap\"><img decoding=\"async\" title=\"Foto: Stefan Lehnert\" width=\"250\" height=\"200\" class=\"skip-lazy fg-image\" data-src-fg=\"http:\/\/www.og-ommersheim.de\/wp-content\/uploads\/cache\/2016\/01\/P1030455_\/579286095.jpg\" src=\"data:image\/svg+xml,%3Csvg%20xmlns%3D%22http%3A%2F%2Fwww.w3.org%2F2000%2Fsvg%22%20width%3D%22250%22%20height%3D%22200%22%20viewBox%3D%220%200%20250%20200%22%3E%3C%2Fsvg%3E\" loading=\"eager\"><\/span><span class=\"fg-image-overlay\"><\/span><\/a><figcaption class=\"fg-caption\"><div class=\"fg-caption-inner\"><div class=\"fg-caption-title\">Foto: Stefan Lehnert<\/div><\/div><\/figcaption><\/figure><div class=\"fg-loader\"><\/div><\/div><div class=\"fg-item fg-type-image fg-idle\"><figure class=\"fg-item-inner\"><a href=\"http:\/\/www.og-ommersheim.de\/wp-content\/uploads\/2016\/01\/P1030456_.jpg\" data-caption-title=\"Foto: Stefan Lehnert\" data-attachment-id=\"2947\" rel=\"lightbox[2961]\" data-type=\"image\" class=\"fg-thumb\"><span class=\"fg-image-wrap\"><img decoding=\"async\" title=\"Foto: Stefan Lehnert\" width=\"250\" height=\"200\" class=\"skip-lazy fg-image\" data-src-fg=\"http:\/\/www.og-ommersheim.de\/wp-content\/uploads\/cache\/2016\/01\/P1030456_\/880045203.jpg\" src=\"data:image\/svg+xml,%3Csvg%20xmlns%3D%22http%3A%2F%2Fwww.w3.org%2F2000%2Fsvg%22%20width%3D%22250%22%20height%3D%22200%22%20viewBox%3D%220%200%20250%20200%22%3E%3C%2Fsvg%3E\" loading=\"eager\"><\/span><span class=\"fg-image-overlay\"><\/span><\/a><figcaption class=\"fg-caption\"><div class=\"fg-caption-inner\"><div class=\"fg-caption-title\">Foto: Stefan Lehnert<\/div><\/div><\/figcaption><\/figure><div class=\"fg-loader\"><\/div><\/div><div class=\"fg-item fg-type-image fg-idle\"><figure class=\"fg-item-inner\"><a href=\"http:\/\/www.og-ommersheim.de\/wp-content\/uploads\/2016\/01\/P1030457_.jpg\" data-caption-title=\"Foto: Stefan Lehnert\" data-attachment-id=\"2948\" rel=\"lightbox[2961]\" data-type=\"image\" class=\"fg-thumb\"><span class=\"fg-image-wrap\"><img decoding=\"async\" title=\"Foto: Stefan Lehnert\" width=\"250\" height=\"200\" class=\"skip-lazy fg-image\" data-src-fg=\"http:\/\/www.og-ommersheim.de\/wp-content\/uploads\/cache\/2016\/01\/P1030457_\/1341547030.jpg\" src=\"data:image\/svg+xml,%3Csvg%20xmlns%3D%22http%3A%2F%2Fwww.w3.org%2F2000%2Fsvg%22%20width%3D%22250%22%20height%3D%22200%22%20viewBox%3D%220%200%20250%20200%22%3E%3C%2Fsvg%3E\" loading=\"eager\"><\/span><span class=\"fg-image-overlay\"><\/span><\/a><figcaption class=\"fg-caption\"><div class=\"fg-caption-inner\"><div class=\"fg-caption-title\">Foto: Stefan Lehnert<\/div><\/div><\/figcaption><\/figure><div class=\"fg-loader\"><\/div><\/div><div class=\"fg-item fg-type-image fg-idle\"><figure class=\"fg-item-inner\"><a href=\"http:\/\/www.og-ommersheim.de\/wp-content\/uploads\/2016\/01\/P1030461_.jpg\" data-caption-title=\"Foto: Stefan Lehnert\" data-attachment-id=\"2949\" rel=\"lightbox[2961]\" data-type=\"image\" class=\"fg-thumb\"><span class=\"fg-image-wrap\"><img decoding=\"async\" title=\"Foto: Stefan Lehnert\" width=\"250\" height=\"200\" class=\"skip-lazy fg-image\" data-src-fg=\"http:\/\/www.og-ommersheim.de\/wp-content\/uploads\/cache\/2016\/01\/P1030461_\/4171613318.jpg\" src=\"data:image\/svg+xml,%3Csvg%20xmlns%3D%22http%3A%2F%2Fwww.w3.org%2F2000%2Fsvg%22%20width%3D%22250%22%20height%3D%22200%22%20viewBox%3D%220%200%20250%20200%22%3E%3C%2Fsvg%3E\" loading=\"eager\"><\/span><span class=\"fg-image-overlay\"><\/span><\/a><figcaption class=\"fg-caption\"><div class=\"fg-caption-inner\"><div class=\"fg-caption-title\">Foto: Stefan Lehnert<\/div><\/div><\/figcaption><\/figure><div class=\"fg-loader\"><\/div><\/div><div class=\"fg-item fg-type-image fg-idle\"><figure class=\"fg-item-inner\"><a href=\"http:\/\/www.og-ommersheim.de\/wp-content\/uploads\/2016\/01\/P1030462_.jpg\" data-caption-title=\"Foto: Stefan Lehnert\" data-attachment-id=\"2950\" rel=\"lightbox[2961]\" data-type=\"image\" class=\"fg-thumb\"><span class=\"fg-image-wrap\"><img decoding=\"async\" title=\"Foto: Stefan Lehnert\" width=\"250\" height=\"200\" class=\"skip-lazy fg-image\" data-src-fg=\"http:\/\/www.og-ommersheim.de\/wp-content\/uploads\/cache\/2016\/01\/P1030462_\/714108023.jpg\" src=\"data:image\/svg+xml,%3Csvg%20xmlns%3D%22http%3A%2F%2Fwww.w3.org%2F2000%2Fsvg%22%20width%3D%22250%22%20height%3D%22200%22%20viewBox%3D%220%200%20250%20200%22%3E%3C%2Fsvg%3E\" loading=\"eager\"><\/span><span class=\"fg-image-overlay\"><\/span><\/a><figcaption class=\"fg-caption\"><div class=\"fg-caption-inner\"><div class=\"fg-caption-title\">Foto: Stefan Lehnert<\/div><\/div><\/figcaption><\/figure><div class=\"fg-loader\"><\/div><\/div><div class=\"fg-item fg-type-image fg-idle\"><figure class=\"fg-item-inner\"><a href=\"http:\/\/www.og-ommersheim.de\/wp-content\/uploads\/2016\/01\/P1030463_.jpg\" data-caption-title=\"Foto: Stefan Lehnert\" data-attachment-id=\"2951\" rel=\"lightbox[2961]\" data-type=\"image\" class=\"fg-thumb\"><span class=\"fg-image-wrap\"><img decoding=\"async\" title=\"Foto: Stefan Lehnert\" width=\"250\" height=\"200\" class=\"skip-lazy fg-image\" data-src-fg=\"http:\/\/www.og-ommersheim.de\/wp-content\/uploads\/cache\/2016\/01\/P1030463_\/311761965.jpg\" src=\"data:image\/svg+xml,%3Csvg%20xmlns%3D%22http%3A%2F%2Fwww.w3.org%2F2000%2Fsvg%22%20width%3D%22250%22%20height%3D%22200%22%20viewBox%3D%220%200%20250%20200%22%3E%3C%2Fsvg%3E\" loading=\"eager\"><\/span><span class=\"fg-image-overlay\"><\/span><\/a><figcaption class=\"fg-caption\"><div class=\"fg-caption-inner\"><div class=\"fg-caption-title\">Foto: Stefan Lehnert<\/div><\/div><\/figcaption><\/figure><div class=\"fg-loader\"><\/div><\/div><div class=\"fg-item fg-type-image fg-idle\"><figure class=\"fg-item-inner\"><a href=\"http:\/\/www.og-ommersheim.de\/wp-content\/uploads\/2016\/01\/P1030464_.jpg\" data-caption-title=\"Foto: Stefan Lehnert\" data-attachment-id=\"2952\" rel=\"lightbox[2961]\" data-type=\"image\" class=\"fg-thumb\"><span class=\"fg-image-wrap\"><img decoding=\"async\" title=\"Foto: Stefan Lehnert\" width=\"250\" height=\"200\" class=\"skip-lazy fg-image\" data-src-fg=\"http:\/\/www.og-ommersheim.de\/wp-content\/uploads\/cache\/2016\/01\/P1030464_\/125230543.jpg\" src=\"data:image\/svg+xml,%3Csvg%20xmlns%3D%22http%3A%2F%2Fwww.w3.org%2F2000%2Fsvg%22%20width%3D%22250%22%20height%3D%22200%22%20viewBox%3D%220%200%20250%20200%22%3E%3C%2Fsvg%3E\" loading=\"eager\"><\/span><span class=\"fg-image-overlay\"><\/span><\/a><figcaption class=\"fg-caption\"><div class=\"fg-caption-inner\"><div class=\"fg-caption-title\">Foto: Stefan Lehnert<\/div><\/div><\/figcaption><\/figure><div class=\"fg-loader\"><\/div><\/div><div class=\"fg-item fg-type-image fg-idle\"><figure class=\"fg-item-inner\"><a href=\"http:\/\/www.og-ommersheim.de\/wp-content\/uploads\/2016\/01\/P1030466_.jpg\" data-caption-title=\"Foto: Stefan Lehnert\" data-attachment-id=\"2953\" rel=\"lightbox[2961]\" data-type=\"image\" class=\"fg-thumb\"><span class=\"fg-image-wrap\"><img decoding=\"async\" title=\"Foto: Stefan Lehnert\" width=\"250\" height=\"200\" class=\"skip-lazy fg-image\" data-src-fg=\"http:\/\/www.og-ommersheim.de\/wp-content\/uploads\/cache\/2016\/01\/P1030466_\/117346640.jpg\" src=\"data:image\/svg+xml,%3Csvg%20xmlns%3D%22http%3A%2F%2Fwww.w3.org%2F2000%2Fsvg%22%20width%3D%22250%22%20height%3D%22200%22%20viewBox%3D%220%200%20250%20200%22%3E%3C%2Fsvg%3E\" loading=\"eager\"><\/span><span class=\"fg-image-overlay\"><\/span><\/a><figcaption class=\"fg-caption\"><div class=\"fg-caption-inner\"><div class=\"fg-caption-title\">Foto: Stefan Lehnert<\/div><\/div><\/figcaption><\/figure><div class=\"fg-loader\"><\/div><\/div><div class=\"fg-item fg-type-image fg-idle\"><figure class=\"fg-item-inner\"><a href=\"http:\/\/www.og-ommersheim.de\/wp-content\/uploads\/2016\/01\/P1030467_.jpg\" data-caption-title=\"Foto: Stefan Lehnert\" data-attachment-id=\"2954\" rel=\"lightbox[2961]\" data-type=\"image\" class=\"fg-thumb\"><span class=\"fg-image-wrap\"><img decoding=\"async\" title=\"Foto: Stefan Lehnert\" width=\"250\" height=\"200\" class=\"skip-lazy fg-image\" data-src-fg=\"http:\/\/www.og-ommersheim.de\/wp-content\/uploads\/cache\/2016\/01\/P1030467_\/3724458332.jpg\" src=\"data:image\/svg+xml,%3Csvg%20xmlns%3D%22http%3A%2F%2Fwww.w3.org%2F2000%2Fsvg%22%20width%3D%22250%22%20height%3D%22200%22%20viewBox%3D%220%200%20250%20200%22%3E%3C%2Fsvg%3E\" loading=\"eager\"><\/span><span class=\"fg-image-overlay\"><\/span><\/a><figcaption class=\"fg-caption\"><div class=\"fg-caption-inner\"><div class=\"fg-caption-title\">Foto: Stefan Lehnert<\/div><\/div><\/figcaption><\/figure><div class=\"fg-loader\"><\/div><\/div><div class=\"fg-item fg-type-image fg-idle\"><figure class=\"fg-item-inner\"><a href=\"http:\/\/www.og-ommersheim.de\/wp-content\/uploads\/2016\/01\/P1030468_.jpg\" data-caption-title=\"Foto: Stefan Lehnert\" data-attachment-id=\"2955\" rel=\"lightbox[2961]\" data-type=\"image\" class=\"fg-thumb\"><span class=\"fg-image-wrap\"><img decoding=\"async\" title=\"Foto: Stefan Lehnert\" width=\"250\" height=\"200\" class=\"skip-lazy fg-image\" data-src-fg=\"http:\/\/www.og-ommersheim.de\/wp-content\/uploads\/cache\/2016\/01\/P1030468_\/758715028.jpg\" src=\"data:image\/svg+xml,%3Csvg%20xmlns%3D%22http%3A%2F%2Fwww.w3.org%2F2000%2Fsvg%22%20width%3D%22250%22%20height%3D%22200%22%20viewBox%3D%220%200%20250%20200%22%3E%3C%2Fsvg%3E\" loading=\"eager\"><\/span><span class=\"fg-image-overlay\"><\/span><\/a><figcaption class=\"fg-caption\"><div class=\"fg-caption-inner\"><div class=\"fg-caption-title\">Foto: Stefan Lehnert<\/div><\/div><\/figcaption><\/figure><div class=\"fg-loader\"><\/div><\/div><div class=\"fg-item fg-type-image fg-idle\"><figure class=\"fg-item-inner\"><a href=\"http:\/\/www.og-ommersheim.de\/wp-content\/uploads\/2016\/01\/P1030472_.jpg\" data-caption-title=\"Foto: Stefan Lehnert\" data-attachment-id=\"2958\" rel=\"lightbox[2961]\" data-type=\"image\" class=\"fg-thumb\"><span class=\"fg-image-wrap\"><img decoding=\"async\" title=\"Foto: Stefan Lehnert\" width=\"250\" height=\"200\" class=\"skip-lazy fg-image\" data-src-fg=\"http:\/\/www.og-ommersheim.de\/wp-content\/uploads\/cache\/2016\/01\/P1030472_\/1708138944.jpg\" src=\"data:image\/svg+xml,%3Csvg%20xmlns%3D%22http%3A%2F%2Fwww.w3.org%2F2000%2Fsvg%22%20width%3D%22250%22%20height%3D%22200%22%20viewBox%3D%220%200%20250%20200%22%3E%3C%2Fsvg%3E\" loading=\"eager\"><\/span><span class=\"fg-image-overlay\"><\/span><\/a><figcaption class=\"fg-caption\"><div class=\"fg-caption-inner\"><div class=\"fg-caption-title\">Foto: Stefan Lehnert<\/div><\/div><\/figcaption><\/figure><div class=\"fg-loader\"><\/div><\/div><div class=\"fg-item fg-type-image fg-idle\"><figure class=\"fg-item-inner\"><a href=\"http:\/\/www.og-ommersheim.de\/wp-content\/uploads\/2016\/01\/P1030477_.jpg\" data-caption-title=\"Foto: Stefan Lehnert\" data-attachment-id=\"2959\" rel=\"lightbox[2961]\" data-type=\"image\" class=\"fg-thumb\"><span class=\"fg-image-wrap\"><img decoding=\"async\" title=\"Foto: Stefan Lehnert\" width=\"250\" height=\"200\" class=\"skip-lazy fg-image\" data-src-fg=\"http:\/\/www.og-ommersheim.de\/wp-content\/uploads\/cache\/2016\/01\/P1030477_\/3735702.jpg\" src=\"data:image\/svg+xml,%3Csvg%20xmlns%3D%22http%3A%2F%2Fwww.w3.org%2F2000%2Fsvg%22%20width%3D%22250%22%20height%3D%22200%22%20viewBox%3D%220%200%20250%20200%22%3E%3C%2Fsvg%3E\" loading=\"eager\"><\/span><span class=\"fg-image-overlay\"><\/span><\/a><figcaption class=\"fg-caption\"><div class=\"fg-caption-inner\"><div class=\"fg-caption-title\">Foto: Stefan Lehnert<\/div><\/div><\/figcaption><\/figure><div class=\"fg-loader\"><\/div><\/div><div class=\"fg-item fg-type-image fg-idle\"><figure class=\"fg-item-inner\"><a href=\"http:\/\/www.og-ommersheim.de\/wp-content\/uploads\/2016\/01\/P1030479_.jpg\" data-caption-title=\"Foto: Stefan Lehnert\" data-attachment-id=\"2960\" rel=\"lightbox[2961]\" data-type=\"image\" class=\"fg-thumb\"><span class=\"fg-image-wrap\"><img decoding=\"async\" title=\"Foto: Stefan Lehnert\" width=\"250\" height=\"200\" class=\"skip-lazy fg-image\" data-src-fg=\"http:\/\/www.og-ommersheim.de\/wp-content\/uploads\/cache\/2016\/01\/P1030479_\/3955942008.jpg\" src=\"data:image\/svg+xml,%3Csvg%20xmlns%3D%22http%3A%2F%2Fwww.w3.org%2F2000%2Fsvg%22%20width%3D%22250%22%20height%3D%22200%22%20viewBox%3D%220%200%20250%20200%22%3E%3C%2Fsvg%3E\" loading=\"eager\"><\/span><span class=\"fg-image-overlay\"><\/span><\/a><figcaption class=\"fg-caption\"><div class=\"fg-caption-inner\"><div class=\"fg-caption-title\">Foto: Stefan Lehnert<\/div><\/div><\/figcaption><\/figure><div class=\"fg-loader\"><\/div><\/div>    <\/div>\n<\/div>\n\n","protected":false},"excerpt":{"rendered":"<p>Gro\u00dfer Zuspruch bei der Jahresabschlussfeier 2015 Zur diesj\u00e4hrigen Jahresabschlussfeier fanden sich 32 Teilnehmer im Vereinsheim ein. Die Begr\u00fc\u00dfungsrede nahm der Ausbildungswart Stefan Lehnert vor, da der erste Vorsitzende J\u00fcrgen Schwarz noch arbeiten<a class=\"moretag\" href=\"http:\/\/www.og-ommersheim.de\/?p=2972\">Read More&#8230;<\/a><\/p>\n","protected":false},"author":3,"featured_media":0,"comment_status":"open","ping_status":"open","sticky":false,"template":"","format":"standard","meta":{"_jetpack_memberships_contains_paid_content":false,"footnotes":""},"categories":[15],"tags":[],"class_list":["post-2972","post","type-post","status-publish","format-standard","hentry","category-veranstaltungen"],"jetpack_featured_media_url":"","jetpack_sharing_enabled":true,"_links":{"self":[{"href":"http:\/\/www.og-ommersheim.de\/index.php?rest_route=\/wp\/v2\/posts\/2972","targetHints":{"allow":["GET"]}}],"collection":[{"href":"http:\/\/www.og-ommersheim.de\/index.php?rest_route=\/wp\/v2\/posts"}],"about":[{"href":"http:\/\/www.og-ommersheim.de\/index.php?rest_route=\/wp\/v2\/types\/post"}],"author":[{"embeddable":true,"href":"http:\/\/www.og-ommersheim.de\/index.php?rest_route=\/wp\/v2\/users\/3"}],"replies":[{"embeddable":true,"href":"http:\/\/www.og-ommersheim.de\/index.php?rest_route=%2Fwp%2Fv2%2Fcomments&post=2972"}],"version-history":[{"count":6,"href":"http:\/\/www.og-ommersheim.de\/index.php?rest_route=\/wp\/v2\/posts\/2972\/revisions"}],"predecessor-version":[{"id":4147,"href":"http:\/\/www.og-ommersheim.de\/index.php?rest_route=\/wp\/v2\/posts\/2972\/revisions\/4147"}],"wp:attachment":[{"href":"http:\/\/www.og-ommersheim.de\/index.php?rest_route=%2Fwp%2Fv2%2Fmedia&parent=2972"}],"wp:term":[{"taxonomy":"category","embeddable":true,"href":"http:\/\/www.og-ommersheim.de\/index.php?rest_route=%2Fwp%2Fv2%2Fcategories&post=2972"},{"taxonomy":"post_tag","embeddable":true,"href":"http:\/\/www.og-ommersheim.de\/index.php?rest_route=%2Fwp%2Fv2%2Ftags&post=2972"}],"curies":[{"name":"wp","href":"https:\/\/api.w.org\/{rel}","templated":true}]}}