{"id":7257,"date":"2018-10-29T20:24:45","date_gmt":"2018-10-29T20:24:45","guid":{"rendered":"http:\/\/www.og-ommersheim.de\/?p=7257"},"modified":"2021-12-25T12:20:22","modified_gmt":"2021-12-25T12:20:22","slug":"herbstpruefung-ommersheim-2018","status":"publish","type":"post","link":"http:\/\/www.og-ommersheim.de\/?p=7257","title":{"rendered":"Herbstpr\u00fcfung Ommersheim 2018"},"content":{"rendered":"<h2>Herbstpr\u00fcfung Ommersheim 2018<\/h2>\n<p>Am 28.10.2018 richtete die OG ihre allj\u00e4hrliche Herbstpr\u00fcfung aus. Als Leistungsrichter konnte der 2-te Vorsitzende der Landesgruppe Saar J\u00fcrgen Klein verpflichtet werden.<\/p>\n<p>Gegen 8.00 Uhr in der Fr\u00fch trafen sich die 6 Pr\u00fcfungsteilnehmer mit ihren 8 Hunden und alle, die am Tag der Pr\u00fcfung t\u00e4tig waren im Vereinsheim. Nach Durchsicht der Unterlagen und einer kurzen Begr\u00fc\u00dfungsrede durch den ersten Vorsitzenden und Pr\u00fcfungsleiter J\u00fcrgen Schwarz, ging es mit dem Leistungsrichter und den F\u00e4hrtenteilnehmern ins Gel\u00e4nde zum Legen der F\u00e4hrten. Es waren 4 F\u00e4hrten, eine FPR1, eine IPO2 und 2 IPO3, die nach den vorgeschriebenen Liegezeiten abgesucht wurden.<\/p>\n<p>Danach ging es zu einem st\u00e4rkenden Fr\u00fchst\u00fcck ins Vereinsheim. Jetzt fiel es den Teilnehmern sichtlich schwer aufzustehen und mit der Unterordnung der 4 Begleit- und 3 IPO-Hunden zu beginnen. Im Anschluss nach einer kurzen Pause wurde der Verkehrsteil abgehalten. Jetzt endlich gab es das lang ersehnte Mittagsessen, Gef\u00fcllte Kl\u00f6\u00dfe mit Sauerkraut und Speckrahmso\u00dfe. Die meisten h\u00e4tten mittlerweile nach dem \u00fcppigen Essen die n\u00f6tige Bettschwere erreicht, aber es gab noch 3 Schutzdienste zu sehen. Erst dann war die Pr\u00fcfung f\u00fcr die Hundef\u00fchrer mit ihren Hunden beendet. Der Leistungsrichter und der Pr\u00fcfungsleiter mussten jetzt nur noch die erzielten Ergebnisse in die Papiere eintragen. Im Anschluss kam noch die Siegerehrung mit Bekanntgabe der erzielten Ergebnisse. Tagessiegerin bei den Begleithunden wurde Monika Caspar mit Chrazy vom Liemespark und bei der IPO Daniel M\u00e4nnlein mit Lorie de la cite des loups gris. Wer jetzt noch etwas Hunger versp\u00fcrte konnte diesen bei einer Tasse Kaffee und selbst gebackenem Kuchen stillen.<\/p>\n<p>Zu guter Letzt noch ein ganz besonderer Dank noch an den Leistungsrichter J\u00fcrgen Klein f\u00fcr sein faires und gleichm\u00e4\u00dfiges Richten und an alle Helfer (F\u00e4hrtenleger, Gruppe, Schutzdiensthelfer) sowie die K\u00fcche, ganz besonders den K\u00fcchenchef Harald Spork, die zum Gelingen der Pr\u00fcfung beigetragen haben. Ohne deren Zutun kann keine Pr\u00fcfung stattfinden.<\/p>\n<p>Ein paar Foto Sessions der Pr\u00fcfungsteilnehmer und die erzielten Ergebnisse k\u00f6nnen nachstehend angesehen werden.<\/p>\n<div class=\"foogallery foogallery-container foogallery-thumbnail foogallery-single-thumbnail foogallery-lightbox-foobox fg-center fg-thumbnail fg-ready fg-light fg-border-thin fg-shadow-outline fg-loading-default fg-loaded-fade-in fg-caption-hover fg-hover-fade fg-hover-zoom\" id=\"foogallery-gallery-7621\" data-foogallery=\"{&quot;item&quot;:{&quot;showCaptionTitle&quot;:true,&quot;showCaptionDescription&quot;:true},&quot;lazy&quot;:true}\" style=\"--fg-title-line-clamp: 0; --fg-description-line-clamp: 0;\" >\n    <div class=\"fg-item fg-type-image fg-idle\"><figure class=\"fg-item-inner\"><a href=\"http:\/\/www.og-ommersheim.de\/wp-content\/uploads\/2018\/10\/P1050006_.jpg\" data-caption-title=\"Foto: Stefan Lehnert\" data-attachment-id=\"7272\" rel=\"lightbox[7621]\" data-type=\"image\" class=\"fg-thumb\"><span class=\"fg-image-wrap\"><img fetchpriority=\"high\" decoding=\"async\" title=\"Foto: Stefan Lehnert\" width=\"300\" height=\"250\" class=\"skip-lazy fg-image\" data-src-fg=\"http:\/\/www.og-ommersheim.de\/wp-content\/uploads\/cache\/2018\/10\/P1050006_\/285969564.jpg\" src=\"data:image\/svg+xml,%3Csvg%20xmlns%3D%22http%3A%2F%2Fwww.w3.org%2F2000%2Fsvg%22%20width%3D%22300%22%20height%3D%22250%22%20viewBox%3D%220%200%20300%20250%22%3E%3C%2Fsvg%3E\" loading=\"eager\"><\/span><span class=\"fg-image-overlay\"><\/span><\/a><figcaption class=\"fg-caption\"><div class=\"fg-caption-inner\"><div class=\"fg-caption-desc\">Uta und Geena FPR 1<\/div><\/div><\/figcaption><\/figure><div class=\"fg-loader\"><\/div><\/div>        <div class=\"fg-st-hidden\">\n        <div class=\"fg-item fg-type-image fg-idle\"><figure class=\"fg-item-inner\"><a href=\"http:\/\/www.og-ommersheim.de\/wp-content\/uploads\/2018\/10\/P1050007_.jpg\" data-caption-title=\"Foto: Stefan Lehnert\" data-attachment-id=\"7273\" rel=\"lightbox[7621]\" data-type=\"image\" class=\"fg-thumb\"><span class=\"fg-image-wrap\"><img decoding=\"async\" title=\"Foto: Stefan Lehnert\" width=\"300\" height=\"250\" class=\"skip-lazy fg-image\" data-src-fg=\"http:\/\/www.og-ommersheim.de\/wp-content\/uploads\/cache\/2018\/10\/P1050007_\/180673457.jpg\" src=\"data:image\/svg+xml,%3Csvg%20xmlns%3D%22http%3A%2F%2Fwww.w3.org%2F2000%2Fsvg%22%20width%3D%22300%22%20height%3D%22250%22%20viewBox%3D%220%200%20300%20250%22%3E%3C%2Fsvg%3E\" loading=\"eager\"><\/span><span class=\"fg-image-overlay\"><\/span><\/a><figcaption class=\"fg-caption\"><div class=\"fg-caption-inner\"><div class=\"fg-caption-title\">Foto: Stefan Lehnert<\/div><\/div><\/figcaption><\/figure><div class=\"fg-loader\"><\/div><\/div><div class=\"fg-item fg-type-image fg-idle\"><figure class=\"fg-item-inner\"><a href=\"http:\/\/www.og-ommersheim.de\/wp-content\/uploads\/2018\/10\/P1050008_.jpg\" data-caption-title=\"Foto: Stefan Lehnert\" data-attachment-id=\"7274\" rel=\"lightbox[7621]\" data-type=\"image\" class=\"fg-thumb\"><span class=\"fg-image-wrap\"><img decoding=\"async\" title=\"Foto: Stefan Lehnert\" width=\"300\" height=\"250\" class=\"skip-lazy fg-image\" data-src-fg=\"http:\/\/www.og-ommersheim.de\/wp-content\/uploads\/cache\/2018\/10\/P1050008_\/419833903.jpg\" src=\"data:image\/svg+xml,%3Csvg%20xmlns%3D%22http%3A%2F%2Fwww.w3.org%2F2000%2Fsvg%22%20width%3D%22300%22%20height%3D%22250%22%20viewBox%3D%220%200%20300%20250%22%3E%3C%2Fsvg%3E\" loading=\"eager\"><\/span><span class=\"fg-image-overlay\"><\/span><\/a><figcaption class=\"fg-caption\"><div class=\"fg-caption-inner\"><div class=\"fg-caption-title\">Foto: Stefan Lehnert<\/div><\/div><\/figcaption><\/figure><div class=\"fg-loader\"><\/div><\/div><div class=\"fg-item fg-type-image fg-idle\"><figure class=\"fg-item-inner\"><a href=\"http:\/\/www.og-ommersheim.de\/wp-content\/uploads\/2018\/10\/P1050015_.jpg\" data-caption-title=\"Foto: Stefan Lehnert\" data-attachment-id=\"7281\" rel=\"lightbox[7621]\" data-type=\"image\" class=\"fg-thumb\"><span class=\"fg-image-wrap\"><img decoding=\"async\" title=\"Foto: Stefan Lehnert\" width=\"300\" height=\"250\" class=\"skip-lazy fg-image\" data-src-fg=\"http:\/\/www.og-ommersheim.de\/wp-content\/uploads\/cache\/2018\/10\/P1050015_\/3882340004.jpg\" src=\"data:image\/svg+xml,%3Csvg%20xmlns%3D%22http%3A%2F%2Fwww.w3.org%2F2000%2Fsvg%22%20width%3D%22300%22%20height%3D%22250%22%20viewBox%3D%220%200%20300%20250%22%3E%3C%2Fsvg%3E\" loading=\"eager\"><\/span><span class=\"fg-image-overlay\"><\/span><\/a><figcaption class=\"fg-caption\"><div class=\"fg-caption-inner\"><div class=\"fg-caption-title\">Foto: Stefan Lehnert<\/div><\/div><\/figcaption><\/figure><div class=\"fg-loader\"><\/div><\/div><div class=\"fg-item fg-type-image fg-idle\"><figure class=\"fg-item-inner\"><a href=\"http:\/\/www.og-ommersheim.de\/wp-content\/uploads\/2018\/10\/P1050016_.jpg\" data-caption-title=\"Foto: Stefan Lehnert\" data-attachment-id=\"7282\" rel=\"lightbox[7621]\" data-type=\"image\" class=\"fg-thumb\"><span class=\"fg-image-wrap\"><img decoding=\"async\" title=\"Foto: Stefan Lehnert\" width=\"300\" height=\"250\" class=\"skip-lazy fg-image\" data-src-fg=\"http:\/\/www.og-ommersheim.de\/wp-content\/uploads\/cache\/2018\/10\/P1050016_\/2942852682.jpg\" src=\"data:image\/svg+xml,%3Csvg%20xmlns%3D%22http%3A%2F%2Fwww.w3.org%2F2000%2Fsvg%22%20width%3D%22300%22%20height%3D%22250%22%20viewBox%3D%220%200%20300%20250%22%3E%3C%2Fsvg%3E\" loading=\"eager\"><\/span><span class=\"fg-image-overlay\"><\/span><\/a><figcaption class=\"fg-caption\"><div class=\"fg-caption-inner\"><div class=\"fg-caption-title\">Foto: Stefan Lehnert<\/div><\/div><\/figcaption><\/figure><div class=\"fg-loader\"><\/div><\/div><div class=\"fg-item fg-type-image fg-idle\"><figure class=\"fg-item-inner\"><a href=\"http:\/\/www.og-ommersheim.de\/wp-content\/uploads\/2018\/10\/P1050017_.jpg\" data-caption-title=\"Foto: Stefan Lehnert\" data-attachment-id=\"7283\" rel=\"lightbox[7621]\" data-type=\"image\" class=\"fg-thumb\"><span class=\"fg-image-wrap\"><img decoding=\"async\" title=\"Foto: Stefan Lehnert\" width=\"300\" height=\"250\" class=\"skip-lazy fg-image\" data-src-fg=\"http:\/\/www.og-ommersheim.de\/wp-content\/uploads\/cache\/2018\/10\/P1050017_\/2540514832.jpg\" src=\"data:image\/svg+xml,%3Csvg%20xmlns%3D%22http%3A%2F%2Fwww.w3.org%2F2000%2Fsvg%22%20width%3D%22300%22%20height%3D%22250%22%20viewBox%3D%220%200%20300%20250%22%3E%3C%2Fsvg%3E\" loading=\"eager\"><\/span><span class=\"fg-image-overlay\"><\/span><\/a><figcaption class=\"fg-caption\"><div class=\"fg-caption-inner\"><div class=\"fg-caption-title\">Foto: Stefan Lehnert<\/div><\/div><\/figcaption><\/figure><div class=\"fg-loader\"><\/div><\/div>    <\/div>\n<\/div>\n\n<div class=\"foogallery foogallery-container foogallery-thumbnail foogallery-single-thumbnail foogallery-lightbox-foobox fg-center fg-thumbnail fg-ready fg-light fg-border-thin fg-shadow-outline fg-loading-default fg-loaded-fade-in fg-caption-hover fg-hover-fade fg-hover-zoom\" id=\"foogallery-gallery-7622\" data-foogallery=\"{&quot;item&quot;:{&quot;showCaptionTitle&quot;:true,&quot;showCaptionDescription&quot;:true},&quot;lazy&quot;:true}\" style=\"--fg-title-line-clamp: 0; --fg-description-line-clamp: 0;\" >\n    <div class=\"fg-item fg-type-image fg-idle\"><figure class=\"fg-item-inner\"><a href=\"http:\/\/www.og-ommersheim.de\/wp-content\/uploads\/2018\/10\/P1050037_.jpg\" data-caption-title=\"Foto: Stefan Lehnert\" data-attachment-id=\"7303\" rel=\"lightbox[7622]\" data-type=\"image\" class=\"fg-thumb\"><span class=\"fg-image-wrap\"><img decoding=\"async\" title=\"Foto: Stefan Lehnert\" width=\"300\" height=\"250\" class=\"skip-lazy fg-image\" data-src-fg=\"http:\/\/www.og-ommersheim.de\/wp-content\/uploads\/cache\/2018\/10\/P1050037_\/3782966245.jpg\" src=\"data:image\/svg+xml,%3Csvg%20xmlns%3D%22http%3A%2F%2Fwww.w3.org%2F2000%2Fsvg%22%20width%3D%22300%22%20height%3D%22250%22%20viewBox%3D%220%200%20300%20250%22%3E%3C%2Fsvg%3E\" loading=\"eager\"><\/span><span class=\"fg-image-overlay\"><\/span><\/a><figcaption class=\"fg-caption\"><div class=\"fg-caption-inner\"><div class=\"fg-caption-desc\">Moni und Crazy BH<\/div><\/div><\/figcaption><\/figure><div class=\"fg-loader\"><\/div><\/div>        <div class=\"fg-st-hidden\">\n        <div class=\"fg-item fg-type-image fg-idle\"><figure class=\"fg-item-inner\"><a href=\"http:\/\/www.og-ommersheim.de\/wp-content\/uploads\/2018\/10\/P1050038_.jpg\" data-caption-title=\"Foto: Stefan Lehnert\" data-attachment-id=\"7304\" rel=\"lightbox[7622]\" data-type=\"image\" class=\"fg-thumb\"><span class=\"fg-image-wrap\"><img decoding=\"async\" title=\"Foto: Stefan Lehnert\" width=\"300\" height=\"250\" class=\"skip-lazy fg-image\" data-src-fg=\"http:\/\/www.og-ommersheim.de\/wp-content\/uploads\/cache\/2018\/10\/P1050038_\/1050647102.jpg\" src=\"data:image\/svg+xml,%3Csvg%20xmlns%3D%22http%3A%2F%2Fwww.w3.org%2F2000%2Fsvg%22%20width%3D%22300%22%20height%3D%22250%22%20viewBox%3D%220%200%20300%20250%22%3E%3C%2Fsvg%3E\" loading=\"eager\"><\/span><span class=\"fg-image-overlay\"><\/span><\/a><figcaption class=\"fg-caption\"><div class=\"fg-caption-inner\"><div class=\"fg-caption-title\">Foto: Stefan Lehnert<\/div><\/div><\/figcaption><\/figure><div class=\"fg-loader\"><\/div><\/div><div class=\"fg-item fg-type-image fg-idle\"><figure class=\"fg-item-inner\"><a href=\"http:\/\/www.og-ommersheim.de\/wp-content\/uploads\/2018\/10\/P1050039_.jpg\" data-caption-title=\"Foto: Stefan Lehnert\" data-attachment-id=\"7305\" rel=\"lightbox[7622]\" data-type=\"image\" class=\"fg-thumb\"><span class=\"fg-image-wrap\"><img decoding=\"async\" title=\"Foto: Stefan Lehnert\" width=\"300\" height=\"250\" class=\"skip-lazy fg-image\" data-src-fg=\"http:\/\/www.og-ommersheim.de\/wp-content\/uploads\/cache\/2018\/10\/P1050039_\/110815844.jpg\" src=\"data:image\/svg+xml,%3Csvg%20xmlns%3D%22http%3A%2F%2Fwww.w3.org%2F2000%2Fsvg%22%20width%3D%22300%22%20height%3D%22250%22%20viewBox%3D%220%200%20300%20250%22%3E%3C%2Fsvg%3E\" loading=\"eager\"><\/span><span class=\"fg-image-overlay\"><\/span><\/a><figcaption class=\"fg-caption\"><div class=\"fg-caption-inner\"><div class=\"fg-caption-title\">Foto: Stefan Lehnert<\/div><\/div><\/figcaption><\/figure><div class=\"fg-loader\"><\/div><\/div><div class=\"fg-item fg-type-image fg-idle\"><figure class=\"fg-item-inner\"><a href=\"http:\/\/www.og-ommersheim.de\/wp-content\/uploads\/2018\/10\/P1050041_.jpg\" data-caption-title=\"Foto: Stefan Lehnert\" data-attachment-id=\"7307\" rel=\"lightbox[7622]\" data-type=\"image\" class=\"fg-thumb\"><span class=\"fg-image-wrap\"><img decoding=\"async\" title=\"Foto: Stefan Lehnert\" width=\"300\" height=\"250\" class=\"skip-lazy fg-image\" data-src-fg=\"http:\/\/www.og-ommersheim.de\/wp-content\/uploads\/cache\/2018\/10\/P1050041_\/23239479.jpg\" src=\"data:image\/svg+xml,%3Csvg%20xmlns%3D%22http%3A%2F%2Fwww.w3.org%2F2000%2Fsvg%22%20width%3D%22300%22%20height%3D%22250%22%20viewBox%3D%220%200%20300%20250%22%3E%3C%2Fsvg%3E\" loading=\"eager\"><\/span><span class=\"fg-image-overlay\"><\/span><\/a><figcaption class=\"fg-caption\"><div class=\"fg-caption-inner\"><div class=\"fg-caption-title\">Foto: Stefan Lehnert<\/div><\/div><\/figcaption><\/figure><div class=\"fg-loader\"><\/div><\/div><div class=\"fg-item fg-type-image fg-idle\"><figure class=\"fg-item-inner\"><a href=\"http:\/\/www.og-ommersheim.de\/wp-content\/uploads\/2018\/10\/P1050042_.jpg\" data-caption-title=\"Foto: Stefan Lehnert\" data-attachment-id=\"7308\" rel=\"lightbox[7622]\" data-type=\"image\" class=\"fg-thumb\"><span class=\"fg-image-wrap\"><img decoding=\"async\" title=\"Foto: Stefan Lehnert\" width=\"300\" height=\"250\" class=\"skip-lazy fg-image\" data-src-fg=\"http:\/\/www.og-ommersheim.de\/wp-content\/uploads\/cache\/2018\/10\/P1050042_\/1410776372.jpg\" src=\"data:image\/svg+xml,%3Csvg%20xmlns%3D%22http%3A%2F%2Fwww.w3.org%2F2000%2Fsvg%22%20width%3D%22300%22%20height%3D%22250%22%20viewBox%3D%220%200%20300%20250%22%3E%3C%2Fsvg%3E\" loading=\"eager\"><\/span><span class=\"fg-image-overlay\"><\/span><\/a><figcaption class=\"fg-caption\"><div class=\"fg-caption-inner\"><div class=\"fg-caption-title\">Foto: Stefan Lehnert<\/div><\/div><\/figcaption><\/figure><div class=\"fg-loader\"><\/div><\/div><div class=\"fg-item fg-type-image fg-idle\"><figure class=\"fg-item-inner\"><a href=\"http:\/\/www.og-ommersheim.de\/wp-content\/uploads\/2018\/10\/P1050043_.jpg\" data-caption-title=\"Foto: Stefan Lehnert\" data-attachment-id=\"7309\" rel=\"lightbox[7622]\" data-type=\"image\" class=\"fg-thumb\"><span class=\"fg-image-wrap\"><img decoding=\"async\" title=\"Foto: Stefan Lehnert\" width=\"300\" height=\"250\" class=\"skip-lazy fg-image\" data-src-fg=\"http:\/\/www.og-ommersheim.de\/wp-content\/uploads\/cache\/2018\/10\/P1050043_\/1813237102.jpg\" src=\"data:image\/svg+xml,%3Csvg%20xmlns%3D%22http%3A%2F%2Fwww.w3.org%2F2000%2Fsvg%22%20width%3D%22300%22%20height%3D%22250%22%20viewBox%3D%220%200%20300%20250%22%3E%3C%2Fsvg%3E\" loading=\"eager\"><\/span><span class=\"fg-image-overlay\"><\/span><\/a><figcaption class=\"fg-caption\"><div class=\"fg-caption-inner\"><div class=\"fg-caption-title\">Foto: Stefan Lehnert<\/div><\/div><\/figcaption><\/figure><div class=\"fg-loader\"><\/div><\/div><div class=\"fg-item fg-type-image fg-idle\"><figure class=\"fg-item-inner\"><a href=\"http:\/\/www.og-ommersheim.de\/wp-content\/uploads\/2018\/10\/P1050045_.jpg\" data-caption-title=\"Foto: Stefan Lehnert\" data-attachment-id=\"7311\" rel=\"lightbox[7622]\" data-type=\"image\" class=\"fg-thumb\"><span class=\"fg-image-wrap\"><img decoding=\"async\" title=\"Foto: Stefan Lehnert\" width=\"300\" height=\"250\" class=\"skip-lazy fg-image\" data-src-fg=\"http:\/\/www.og-ommersheim.de\/wp-content\/uploads\/cache\/2018\/10\/P1050045_\/3687793865.jpg\" src=\"data:image\/svg+xml,%3Csvg%20xmlns%3D%22http%3A%2F%2Fwww.w3.org%2F2000%2Fsvg%22%20width%3D%22300%22%20height%3D%22250%22%20viewBox%3D%220%200%20300%20250%22%3E%3C%2Fsvg%3E\" loading=\"eager\"><\/span><span class=\"fg-image-overlay\"><\/span><\/a><figcaption class=\"fg-caption\"><div class=\"fg-caption-inner\"><div class=\"fg-caption-title\">Foto: Stefan Lehnert<\/div><\/div><\/figcaption><\/figure><div class=\"fg-loader\"><\/div><\/div><div class=\"fg-item fg-type-image fg-idle\"><figure class=\"fg-item-inner\"><a href=\"http:\/\/www.og-ommersheim.de\/wp-content\/uploads\/2018\/10\/IMG-20181028-WA0035.jpg\" data-caption-title=\"Foto: Sandra Schwarz\" data-attachment-id=\"7488\" rel=\"lightbox[7622]\" data-type=\"image\" class=\"fg-thumb\"><span class=\"fg-image-wrap\"><img decoding=\"async\" title=\"Foto: Sandra Schwarz\" width=\"300\" height=\"250\" class=\"skip-lazy fg-image\" data-src-fg=\"http:\/\/www.og-ommersheim.de\/wp-content\/uploads\/cache\/2018\/10\/IMG-20181028-WA0035\/3054532096.jpg\" src=\"data:image\/svg+xml,%3Csvg%20xmlns%3D%22http%3A%2F%2Fwww.w3.org%2F2000%2Fsvg%22%20width%3D%22300%22%20height%3D%22250%22%20viewBox%3D%220%200%20300%20250%22%3E%3C%2Fsvg%3E\" loading=\"eager\"><\/span><span class=\"fg-image-overlay\"><\/span><\/a><figcaption class=\"fg-caption\"><div class=\"fg-caption-inner\"><div class=\"fg-caption-title\">Foto: Sandra Schwarz<\/div><\/div><\/figcaption><\/figure><div class=\"fg-loader\"><\/div><\/div><div class=\"fg-item fg-type-image fg-idle\"><figure class=\"fg-item-inner\"><a href=\"http:\/\/www.og-ommersheim.de\/wp-content\/uploads\/2018\/10\/IMG-20181028-WA0036.jpg\" data-attachment-id=\"7489\" rel=\"lightbox[7622]\" data-type=\"image\" class=\"fg-thumb\"><span class=\"fg-image-wrap\"><img decoding=\"async\" width=\"300\" height=\"250\" class=\"skip-lazy fg-image\" data-src-fg=\"http:\/\/www.og-ommersheim.de\/wp-content\/uploads\/cache\/2018\/10\/IMG-20181028-WA0036\/1652867518.jpg\" src=\"data:image\/svg+xml,%3Csvg%20xmlns%3D%22http%3A%2F%2Fwww.w3.org%2F2000%2Fsvg%22%20width%3D%22300%22%20height%3D%22250%22%20viewBox%3D%220%200%20300%20250%22%3E%3C%2Fsvg%3E\" loading=\"eager\"><\/span><span class=\"fg-image-overlay\"><\/span><\/a><\/figure><div class=\"fg-loader\"><\/div><\/div><div class=\"fg-item fg-type-image fg-idle\"><figure class=\"fg-item-inner\"><a href=\"http:\/\/www.og-ommersheim.de\/wp-content\/uploads\/2018\/10\/IMG-20181028-WA0037.jpg\" data-caption-title=\"Foto: Sandra Schwarz\" data-attachment-id=\"7490\" rel=\"lightbox[7622]\" data-type=\"image\" class=\"fg-thumb\"><span class=\"fg-image-wrap\"><img decoding=\"async\" title=\"Foto: Sandra Schwarz\" width=\"300\" height=\"250\" class=\"skip-lazy fg-image\" data-src-fg=\"http:\/\/www.og-ommersheim.de\/wp-content\/uploads\/cache\/2018\/10\/IMG-20181028-WA0037\/1560006575.jpg\" src=\"data:image\/svg+xml,%3Csvg%20xmlns%3D%22http%3A%2F%2Fwww.w3.org%2F2000%2Fsvg%22%20width%3D%22300%22%20height%3D%22250%22%20viewBox%3D%220%200%20300%20250%22%3E%3C%2Fsvg%3E\" loading=\"eager\"><\/span><span class=\"fg-image-overlay\"><\/span><\/a><figcaption class=\"fg-caption\"><div class=\"fg-caption-inner\"><div class=\"fg-caption-title\">Foto: Sandra Schwarz<\/div><\/div><\/figcaption><\/figure><div class=\"fg-loader\"><\/div><\/div><div class=\"fg-item fg-type-image fg-idle\"><figure class=\"fg-item-inner\"><a href=\"http:\/\/www.og-ommersheim.de\/wp-content\/uploads\/2018\/10\/IMG-20181028-WA0038.jpg\" data-caption-title=\"Foto: Sandra Schwarz\" data-attachment-id=\"7491\" rel=\"lightbox[7622]\" data-type=\"image\" class=\"fg-thumb\"><span class=\"fg-image-wrap\"><img decoding=\"async\" title=\"Foto: Sandra Schwarz\" width=\"300\" height=\"250\" class=\"skip-lazy fg-image\" data-src-fg=\"http:\/\/www.og-ommersheim.de\/wp-content\/uploads\/cache\/2018\/10\/IMG-20181028-WA0038\/3753930078.jpg\" src=\"data:image\/svg+xml,%3Csvg%20xmlns%3D%22http%3A%2F%2Fwww.w3.org%2F2000%2Fsvg%22%20width%3D%22300%22%20height%3D%22250%22%20viewBox%3D%220%200%20300%20250%22%3E%3C%2Fsvg%3E\" loading=\"eager\"><\/span><span class=\"fg-image-overlay\"><\/span><\/a><figcaption class=\"fg-caption\"><div class=\"fg-caption-inner\"><div class=\"fg-caption-title\">Foto: Sandra Schwarz<\/div><\/div><\/figcaption><\/figure><div class=\"fg-loader\"><\/div><\/div><div class=\"fg-item fg-type-image fg-idle\"><figure class=\"fg-item-inner\"><a href=\"http:\/\/www.og-ommersheim.de\/wp-content\/uploads\/2018\/10\/IMG-20181028-WA0039.jpg\" data-caption-title=\"Foto: Sandra Schwarz\" data-attachment-id=\"7492\" rel=\"lightbox[7622]\" data-type=\"image\" class=\"fg-thumb\"><span class=\"fg-image-wrap\"><img decoding=\"async\" title=\"Foto: Sandra Schwarz\" width=\"300\" height=\"250\" class=\"skip-lazy fg-image\" data-src-fg=\"http:\/\/www.og-ommersheim.de\/wp-content\/uploads\/cache\/2018\/10\/IMG-20181028-WA0039\/4249271591.jpg\" src=\"data:image\/svg+xml,%3Csvg%20xmlns%3D%22http%3A%2F%2Fwww.w3.org%2F2000%2Fsvg%22%20width%3D%22300%22%20height%3D%22250%22%20viewBox%3D%220%200%20300%20250%22%3E%3C%2Fsvg%3E\" loading=\"eager\"><\/span><span class=\"fg-image-overlay\"><\/span><\/a><figcaption class=\"fg-caption\"><div class=\"fg-caption-inner\"><div class=\"fg-caption-title\">Foto: Sandra Schwarz<\/div><\/div><\/figcaption><\/figure><div class=\"fg-loader\"><\/div><\/div><div class=\"fg-item fg-type-image fg-idle\"><figure class=\"fg-item-inner\"><a href=\"http:\/\/www.og-ommersheim.de\/wp-content\/uploads\/2018\/10\/IMG-20181028-WA0040.jpg\" data-caption-title=\"Foto: Sandra Schwarz\" data-attachment-id=\"7493\" rel=\"lightbox[7622]\" data-type=\"image\" class=\"fg-thumb\"><span class=\"fg-image-wrap\"><img decoding=\"async\" title=\"Foto: Sandra Schwarz\" width=\"300\" height=\"250\" class=\"skip-lazy fg-image\" data-src-fg=\"http:\/\/www.og-ommersheim.de\/wp-content\/uploads\/cache\/2018\/10\/IMG-20181028-WA0040\/3698555800.jpg\" src=\"data:image\/svg+xml,%3Csvg%20xmlns%3D%22http%3A%2F%2Fwww.w3.org%2F2000%2Fsvg%22%20width%3D%22300%22%20height%3D%22250%22%20viewBox%3D%220%200%20300%20250%22%3E%3C%2Fsvg%3E\" loading=\"eager\"><\/span><span class=\"fg-image-overlay\"><\/span><\/a><figcaption class=\"fg-caption\"><div class=\"fg-caption-inner\"><div class=\"fg-caption-title\">Foto: Sandra Schwarz<\/div><\/div><\/figcaption><\/figure><div class=\"fg-loader\"><\/div><\/div><div class=\"fg-item fg-type-image fg-idle\"><figure class=\"fg-item-inner\"><a href=\"http:\/\/www.og-ommersheim.de\/wp-content\/uploads\/2018\/10\/IMG-20181028-WA0042.jpg\" data-caption-title=\"Foto: Sandra Schwarz\" data-attachment-id=\"7495\" rel=\"lightbox[7622]\" data-type=\"image\" class=\"fg-thumb\"><span class=\"fg-image-wrap\"><img decoding=\"async\" title=\"Foto: Sandra Schwarz\" width=\"300\" height=\"250\" class=\"skip-lazy fg-image\" data-src-fg=\"http:\/\/www.og-ommersheim.de\/wp-content\/uploads\/cache\/2018\/10\/IMG-20181028-WA0042\/2575227754.jpg\" src=\"data:image\/svg+xml,%3Csvg%20xmlns%3D%22http%3A%2F%2Fwww.w3.org%2F2000%2Fsvg%22%20width%3D%22300%22%20height%3D%22250%22%20viewBox%3D%220%200%20300%20250%22%3E%3C%2Fsvg%3E\" loading=\"eager\"><\/span><span class=\"fg-image-overlay\"><\/span><\/a><figcaption class=\"fg-caption\"><div class=\"fg-caption-inner\"><div class=\"fg-caption-title\">Foto: Sandra Schwarz<\/div><\/div><\/figcaption><\/figure><div class=\"fg-loader\"><\/div><\/div><div class=\"fg-item fg-type-image fg-idle\"><figure class=\"fg-item-inner\"><a href=\"http:\/\/www.og-ommersheim.de\/wp-content\/uploads\/2018\/10\/IMG-20181028-WA0043.jpg\" data-caption-title=\"Foto: Sandra Schwarz\" data-attachment-id=\"7496\" rel=\"lightbox[7622]\" data-type=\"image\" class=\"fg-thumb\"><span class=\"fg-image-wrap\"><img decoding=\"async\" title=\"Foto: Sandra Schwarz\" width=\"300\" height=\"250\" class=\"skip-lazy fg-image\" data-src-fg=\"http:\/\/www.og-ommersheim.de\/wp-content\/uploads\/cache\/2018\/10\/IMG-20181028-WA0043\/3153595155.jpg\" src=\"data:image\/svg+xml,%3Csvg%20xmlns%3D%22http%3A%2F%2Fwww.w3.org%2F2000%2Fsvg%22%20width%3D%22300%22%20height%3D%22250%22%20viewBox%3D%220%200%20300%20250%22%3E%3C%2Fsvg%3E\" loading=\"eager\"><\/span><span class=\"fg-image-overlay\"><\/span><\/a><figcaption class=\"fg-caption\"><div class=\"fg-caption-inner\"><div class=\"fg-caption-title\">Foto: Sandra Schwarz<\/div><\/div><\/figcaption><\/figure><div class=\"fg-loader\"><\/div><\/div><div class=\"fg-item fg-type-image fg-idle\"><figure class=\"fg-item-inner\"><a href=\"http:\/\/www.og-ommersheim.de\/wp-content\/uploads\/2018\/10\/IMG-20181028-WA0057.jpg\" data-caption-title=\"Foto: Sandra Schwarz\" data-attachment-id=\"7510\" rel=\"lightbox[7622]\" data-type=\"image\" class=\"fg-thumb\"><span class=\"fg-image-wrap\"><img decoding=\"async\" title=\"Foto: Sandra Schwarz\" width=\"300\" height=\"250\" class=\"skip-lazy fg-image\" data-src-fg=\"http:\/\/www.og-ommersheim.de\/wp-content\/uploads\/cache\/2018\/10\/IMG-20181028-WA0057\/1200933731.jpg\" src=\"data:image\/svg+xml,%3Csvg%20xmlns%3D%22http%3A%2F%2Fwww.w3.org%2F2000%2Fsvg%22%20width%3D%22300%22%20height%3D%22250%22%20viewBox%3D%220%200%20300%20250%22%3E%3C%2Fsvg%3E\" loading=\"eager\"><\/span><span class=\"fg-image-overlay\"><\/span><\/a><figcaption class=\"fg-caption\"><div class=\"fg-caption-inner\"><div class=\"fg-caption-title\">Foto: Sandra Schwarz<\/div><\/div><\/figcaption><\/figure><div class=\"fg-loader\"><\/div><\/div><div class=\"fg-item fg-type-image fg-idle\"><figure class=\"fg-item-inner\"><a href=\"http:\/\/www.og-ommersheim.de\/wp-content\/uploads\/2018\/10\/IMG-20181028-WA0058.jpg\" data-caption-title=\"Foto: Sandra Schwarz\" data-attachment-id=\"7511\" rel=\"lightbox[7622]\" data-type=\"image\" class=\"fg-thumb\"><span class=\"fg-image-wrap\"><img decoding=\"async\" title=\"Foto: Sandra Schwarz\" width=\"300\" height=\"250\" class=\"skip-lazy fg-image\" data-src-fg=\"http:\/\/www.og-ommersheim.de\/wp-content\/uploads\/cache\/2018\/10\/IMG-20181028-WA0058\/3299830162.jpg\" src=\"data:image\/svg+xml,%3Csvg%20xmlns%3D%22http%3A%2F%2Fwww.w3.org%2F2000%2Fsvg%22%20width%3D%22300%22%20height%3D%22250%22%20viewBox%3D%220%200%20300%20250%22%3E%3C%2Fsvg%3E\" loading=\"eager\"><\/span><span class=\"fg-image-overlay\"><\/span><\/a><figcaption class=\"fg-caption\"><div class=\"fg-caption-inner\"><div class=\"fg-caption-title\">Foto: Sandra Schwarz<\/div><\/div><\/figcaption><\/figure><div class=\"fg-loader\"><\/div><\/div><div class=\"fg-item fg-type-image fg-idle\"><figure class=\"fg-item-inner\"><a href=\"http:\/\/www.og-ommersheim.de\/wp-content\/uploads\/2018\/10\/IMG-20181028-WA0059.jpg\" data-caption-title=\"Foto: Sandra Schwarz\" data-attachment-id=\"7512\" rel=\"lightbox[7622]\" data-type=\"image\" class=\"fg-thumb\"><span class=\"fg-image-wrap\"><img decoding=\"async\" title=\"Foto: Sandra Schwarz\" width=\"300\" height=\"250\" class=\"skip-lazy fg-image\" data-src-fg=\"http:\/\/www.og-ommersheim.de\/wp-content\/uploads\/cache\/2018\/10\/IMG-20181028-WA0059\/3861494251.jpg\" src=\"data:image\/svg+xml,%3Csvg%20xmlns%3D%22http%3A%2F%2Fwww.w3.org%2F2000%2Fsvg%22%20width%3D%22300%22%20height%3D%22250%22%20viewBox%3D%220%200%20300%20250%22%3E%3C%2Fsvg%3E\" loading=\"eager\"><\/span><span class=\"fg-image-overlay\"><\/span><\/a><figcaption class=\"fg-caption\"><div class=\"fg-caption-inner\"><div class=\"fg-caption-title\">Foto: Sandra Schwarz<\/div><\/div><\/figcaption><\/figure><div class=\"fg-loader\"><\/div><\/div><div class=\"fg-item fg-type-image fg-idle\"><figure class=\"fg-item-inner\"><a href=\"http:\/\/www.og-ommersheim.de\/wp-content\/uploads\/2018\/10\/P1050131_.jpg\" data-caption-title=\"Foto: Stefan Lehnert\" data-attachment-id=\"7397\" rel=\"lightbox[7622]\" data-type=\"image\" class=\"fg-thumb\"><span class=\"fg-image-wrap\"><img decoding=\"async\" title=\"Foto: Stefan Lehnert\" width=\"300\" height=\"250\" class=\"skip-lazy fg-image\" data-src-fg=\"http:\/\/www.og-ommersheim.de\/wp-content\/uploads\/cache\/2018\/10\/P1050131_\/3534762120.jpg\" src=\"data:image\/svg+xml,%3Csvg%20xmlns%3D%22http%3A%2F%2Fwww.w3.org%2F2000%2Fsvg%22%20width%3D%22300%22%20height%3D%22250%22%20viewBox%3D%220%200%20300%20250%22%3E%3C%2Fsvg%3E\" loading=\"eager\"><\/span><span class=\"fg-image-overlay\"><\/span><\/a><figcaption class=\"fg-caption\"><div class=\"fg-caption-inner\"><div class=\"fg-caption-title\">Foto: Stefan Lehnert<\/div><\/div><\/figcaption><\/figure><div class=\"fg-loader\"><\/div><\/div><div class=\"fg-item fg-type-image fg-idle\"><figure class=\"fg-item-inner\"><a href=\"http:\/\/www.og-ommersheim.de\/wp-content\/uploads\/2018\/10\/IMG-20181028-WA0138.jpg\" data-caption-title=\"Foto: Sandra Schwarz\" data-attachment-id=\"7591\" rel=\"lightbox[7622]\" data-type=\"image\" class=\"fg-thumb\"><span class=\"fg-image-wrap\"><img decoding=\"async\" title=\"Foto: Sandra Schwarz\" width=\"300\" height=\"250\" class=\"skip-lazy fg-image\" data-src-fg=\"http:\/\/www.og-ommersheim.de\/wp-content\/uploads\/cache\/2018\/10\/IMG-20181028-WA0138\/4101426414.jpg\" src=\"data:image\/svg+xml,%3Csvg%20xmlns%3D%22http%3A%2F%2Fwww.w3.org%2F2000%2Fsvg%22%20width%3D%22300%22%20height%3D%22250%22%20viewBox%3D%220%200%20300%20250%22%3E%3C%2Fsvg%3E\" loading=\"eager\"><\/span><span class=\"fg-image-overlay\"><\/span><\/a><figcaption class=\"fg-caption\"><div class=\"fg-caption-inner\"><div class=\"fg-caption-title\">Foto: Sandra Schwarz<\/div><\/div><\/figcaption><\/figure><div class=\"fg-loader\"><\/div><\/div><div class=\"fg-item fg-type-image fg-idle\"><figure class=\"fg-item-inner\"><a href=\"http:\/\/www.og-ommersheim.de\/wp-content\/uploads\/2018\/10\/IMG-20181028-WA0140.jpg\" data-caption-title=\"Foto: Sandra Schwarz\" data-attachment-id=\"7593\" rel=\"lightbox[7622]\" data-type=\"image\" class=\"fg-thumb\"><span class=\"fg-image-wrap\"><img decoding=\"async\" title=\"Foto: Sandra Schwarz\" width=\"300\" height=\"250\" class=\"skip-lazy fg-image\" data-src-fg=\"http:\/\/www.og-ommersheim.de\/wp-content\/uploads\/cache\/2018\/10\/IMG-20181028-WA0140\/4156938792.jpg\" src=\"data:image\/svg+xml,%3Csvg%20xmlns%3D%22http%3A%2F%2Fwww.w3.org%2F2000%2Fsvg%22%20width%3D%22300%22%20height%3D%22250%22%20viewBox%3D%220%200%20300%20250%22%3E%3C%2Fsvg%3E\" loading=\"eager\"><\/span><span class=\"fg-image-overlay\"><\/span><\/a><figcaption class=\"fg-caption\"><div class=\"fg-caption-inner\"><div class=\"fg-caption-title\">Foto: Sandra Schwarz<\/div><\/div><\/figcaption><\/figure><div class=\"fg-loader\"><\/div><\/div><div class=\"fg-item fg-type-image fg-idle\"><figure class=\"fg-item-inner\"><a href=\"http:\/\/www.og-ommersheim.de\/wp-content\/uploads\/2018\/10\/IMG-20181028-WA0142.jpg\" data-caption-title=\"Foto: Sandra Schwarz\" data-attachment-id=\"7595\" rel=\"lightbox[7622]\" data-type=\"image\" class=\"fg-thumb\"><span class=\"fg-image-wrap\"><img decoding=\"async\" title=\"Foto: Sandra Schwarz\" width=\"300\" height=\"250\" class=\"skip-lazy fg-image\" data-src-fg=\"http:\/\/www.og-ommersheim.de\/wp-content\/uploads\/cache\/2018\/10\/IMG-20181028-WA0142\/2999483098.jpg\" src=\"data:image\/svg+xml,%3Csvg%20xmlns%3D%22http%3A%2F%2Fwww.w3.org%2F2000%2Fsvg%22%20width%3D%22300%22%20height%3D%22250%22%20viewBox%3D%220%200%20300%20250%22%3E%3C%2Fsvg%3E\" loading=\"eager\"><\/span><span class=\"fg-image-overlay\"><\/span><\/a><figcaption class=\"fg-caption\"><div class=\"fg-caption-inner\"><div class=\"fg-caption-title\">Foto: Sandra Schwarz<\/div><\/div><\/figcaption><\/figure><div class=\"fg-loader\"><\/div><\/div><div class=\"fg-item fg-type-image fg-idle\"><figure class=\"fg-item-inner\"><a href=\"http:\/\/www.og-ommersheim.de\/wp-content\/uploads\/2018\/10\/IMG-20181028-WA0143.jpg\" data-caption-title=\"Foto: Sandra Schwarz\" data-attachment-id=\"7596\" rel=\"lightbox[7622]\" data-type=\"image\" class=\"fg-thumb\"><span class=\"fg-image-wrap\"><img decoding=\"async\" title=\"Foto: Sandra Schwarz\" width=\"300\" height=\"250\" class=\"skip-lazy fg-image\" data-src-fg=\"http:\/\/www.og-ommersheim.de\/wp-content\/uploads\/cache\/2018\/10\/IMG-20181028-WA0143\/2421074595.jpg\" src=\"data:image\/svg+xml,%3Csvg%20xmlns%3D%22http%3A%2F%2Fwww.w3.org%2F2000%2Fsvg%22%20width%3D%22300%22%20height%3D%22250%22%20viewBox%3D%220%200%20300%20250%22%3E%3C%2Fsvg%3E\" loading=\"eager\"><\/span><span class=\"fg-image-overlay\"><\/span><\/a><figcaption class=\"fg-caption\"><div class=\"fg-caption-inner\"><div class=\"fg-caption-title\">Foto: Sandra Schwarz<\/div><\/div><\/figcaption><\/figure><div class=\"fg-loader\"><\/div><\/div><div class=\"fg-item fg-type-image fg-idle\"><figure class=\"fg-item-inner\"><a href=\"http:\/\/www.og-ommersheim.de\/wp-content\/uploads\/2018\/10\/IMG-20181028-WA0146.jpg\" data-caption-title=\"Foto: Sandra Schwarz\" data-attachment-id=\"7599\" rel=\"lightbox[7622]\" data-type=\"image\" class=\"fg-thumb\"><span class=\"fg-image-wrap\"><img decoding=\"async\" title=\"Foto: Sandra Schwarz\" width=\"300\" height=\"250\" class=\"skip-lazy fg-image\" data-src-fg=\"http:\/\/www.og-ommersheim.de\/wp-content\/uploads\/cache\/2018\/10\/IMG-20181028-WA0146\/953367358.jpg\" src=\"data:image\/svg+xml,%3Csvg%20xmlns%3D%22http%3A%2F%2Fwww.w3.org%2F2000%2Fsvg%22%20width%3D%22300%22%20height%3D%22250%22%20viewBox%3D%220%200%20300%20250%22%3E%3C%2Fsvg%3E\" loading=\"eager\"><\/span><span class=\"fg-image-overlay\"><\/span><\/a><figcaption class=\"fg-caption\"><div class=\"fg-caption-inner\"><div class=\"fg-caption-title\">Foto: Sandra Schwarz<\/div><\/div><\/figcaption><\/figure><div class=\"fg-loader\"><\/div><\/div><div class=\"fg-item fg-type-image fg-idle\"><figure class=\"fg-item-inner\"><a href=\"http:\/\/www.og-ommersheim.de\/wp-content\/uploads\/2018\/10\/IMG-20181028-WA0156.jpg\" data-caption-title=\"Foto: Sandra Schwarz\" data-attachment-id=\"7609\" rel=\"lightbox[7622]\" data-type=\"image\" class=\"fg-thumb\"><span class=\"fg-image-wrap\"><img decoding=\"async\" title=\"Foto: Sandra Schwarz\" width=\"300\" height=\"250\" class=\"skip-lazy fg-image\" data-src-fg=\"http:\/\/www.og-ommersheim.de\/wp-content\/uploads\/cache\/2018\/10\/IMG-20181028-WA0156\/29751199.jpg\" src=\"data:image\/svg+xml,%3Csvg%20xmlns%3D%22http%3A%2F%2Fwww.w3.org%2F2000%2Fsvg%22%20width%3D%22300%22%20height%3D%22250%22%20viewBox%3D%220%200%20300%20250%22%3E%3C%2Fsvg%3E\" loading=\"eager\"><\/span><span class=\"fg-image-overlay\"><\/span><\/a><figcaption class=\"fg-caption\"><div class=\"fg-caption-inner\"><div class=\"fg-caption-title\">Foto: Sandra Schwarz<\/div><\/div><\/figcaption><\/figure><div class=\"fg-loader\"><\/div><\/div><div class=\"fg-item fg-type-image fg-idle\"><figure class=\"fg-item-inner\"><a href=\"http:\/\/www.og-ommersheim.de\/wp-content\/uploads\/2018\/10\/IMG-20181028-WA0159.jpg\" data-caption-title=\"Foto: Sandra Schwarz\" data-attachment-id=\"7612\" rel=\"lightbox[7622]\" data-type=\"image\" class=\"fg-thumb\"><span class=\"fg-image-wrap\"><img decoding=\"async\" title=\"Foto: Sandra Schwarz\" width=\"300\" height=\"250\" class=\"skip-lazy fg-image\" data-src-fg=\"http:\/\/www.og-ommersheim.de\/wp-content\/uploads\/cache\/2018\/10\/IMG-20181028-WA0159\/2651294470.jpg\" src=\"data:image\/svg+xml,%3Csvg%20xmlns%3D%22http%3A%2F%2Fwww.w3.org%2F2000%2Fsvg%22%20width%3D%22300%22%20height%3D%22250%22%20viewBox%3D%220%200%20300%20250%22%3E%3C%2Fsvg%3E\" loading=\"eager\"><\/span><span class=\"fg-image-overlay\"><\/span><\/a><figcaption class=\"fg-caption\"><div class=\"fg-caption-inner\"><div class=\"fg-caption-title\">Foto: Sandra Schwarz<\/div><\/div><\/figcaption><\/figure><div class=\"fg-loader\"><\/div><\/div><div class=\"fg-item fg-type-image fg-idle\"><figure class=\"fg-item-inner\"><a href=\"http:\/\/www.og-ommersheim.de\/wp-content\/uploads\/2018\/10\/IMG-20181028-WA0152.jpg\" data-caption-title=\"Foto: Sandra Schwarz\" data-attachment-id=\"7605\" rel=\"lightbox[7622]\" data-type=\"image\" class=\"fg-thumb\"><span class=\"fg-image-wrap\"><img decoding=\"async\" title=\"Foto: Sandra Schwarz\" width=\"300\" height=\"250\" class=\"skip-lazy fg-image\" data-src-fg=\"http:\/\/www.og-ommersheim.de\/wp-content\/uploads\/cache\/2018\/10\/IMG-20181028-WA0152\/2346628731.jpg\" src=\"data:image\/svg+xml,%3Csvg%20xmlns%3D%22http%3A%2F%2Fwww.w3.org%2F2000%2Fsvg%22%20width%3D%22300%22%20height%3D%22250%22%20viewBox%3D%220%200%20300%20250%22%3E%3C%2Fsvg%3E\" loading=\"eager\"><\/span><span class=\"fg-image-overlay\"><\/span><\/a><figcaption class=\"fg-caption\"><div class=\"fg-caption-inner\"><div class=\"fg-caption-title\">Foto: Sandra Schwarz<\/div><\/div><\/figcaption><\/figure><div class=\"fg-loader\"><\/div><\/div>    <\/div>\n<\/div>\n\n<div class=\"foogallery foogallery-container foogallery-thumbnail foogallery-single-thumbnail foogallery-lightbox-foobox fg-center fg-thumbnail fg-ready fg-light fg-border-thin fg-shadow-outline fg-loading-default fg-loaded-fade-in fg-caption-hover fg-hover-fade fg-hover-zoom\" id=\"foogallery-gallery-7627\" data-foogallery=\"{&quot;item&quot;:{&quot;showCaptionTitle&quot;:true,&quot;showCaptionDescription&quot;:true},&quot;lazy&quot;:true}\" style=\"--fg-title-line-clamp: 0; --fg-description-line-clamp: 0;\" >\n    <div class=\"fg-item fg-type-image fg-idle\"><figure class=\"fg-item-inner\"><a href=\"http:\/\/www.og-ommersheim.de\/wp-content\/uploads\/2018\/10\/P1050024_.jpg\" data-caption-title=\"Foto: Stefan Lehnert\" data-attachment-id=\"7290\" rel=\"lightbox[7627]\" data-type=\"image\" class=\"fg-thumb\"><span class=\"fg-image-wrap\"><img decoding=\"async\" title=\"Foto: Stefan Lehnert\" width=\"300\" height=\"246\" class=\"skip-lazy fg-image\" data-src-fg=\"http:\/\/www.og-ommersheim.de\/wp-content\/uploads\/cache\/2018\/10\/P1050024_\/3110576276.jpg\" src=\"data:image\/svg+xml,%3Csvg%20xmlns%3D%22http%3A%2F%2Fwww.w3.org%2F2000%2Fsvg%22%20width%3D%22300%22%20height%3D%22246%22%20viewBox%3D%220%200%20300%20246%22%3E%3C%2Fsvg%3E\" loading=\"eager\"><\/span><span class=\"fg-image-overlay\"><\/span><\/a><figcaption class=\"fg-caption\"><div class=\"fg-caption-inner\"><div class=\"fg-caption-desc\">Stefan und Dschinie BH<\/div><\/div><\/figcaption><\/figure><div class=\"fg-loader\"><\/div><\/div>        <div class=\"fg-st-hidden\">\n        <div class=\"fg-item fg-type-image fg-idle\"><figure class=\"fg-item-inner\"><a href=\"http:\/\/www.og-ommersheim.de\/wp-content\/uploads\/2018\/10\/P1050025_.jpg\" data-caption-title=\"Foto: Stefan Lehnert\" data-attachment-id=\"7291\" rel=\"lightbox[7627]\" data-type=\"image\" class=\"fg-thumb\"><span class=\"fg-image-wrap\"><img decoding=\"async\" title=\"Foto: Stefan Lehnert\" width=\"300\" height=\"246\" class=\"skip-lazy fg-image\" data-src-fg=\"http:\/\/www.og-ommersheim.de\/wp-content\/uploads\/cache\/2018\/10\/P1050025_\/1376144859.jpg\" src=\"data:image\/svg+xml,%3Csvg%20xmlns%3D%22http%3A%2F%2Fwww.w3.org%2F2000%2Fsvg%22%20width%3D%22300%22%20height%3D%22246%22%20viewBox%3D%220%200%20300%20246%22%3E%3C%2Fsvg%3E\" loading=\"eager\"><\/span><span class=\"fg-image-overlay\"><\/span><\/a><figcaption class=\"fg-caption\"><div class=\"fg-caption-inner\"><div class=\"fg-caption-title\">Foto: Stefan Lehnert<\/div><\/div><\/figcaption><\/figure><div class=\"fg-loader\"><\/div><\/div><div class=\"fg-item fg-type-image fg-idle\"><figure class=\"fg-item-inner\"><a href=\"http:\/\/www.og-ommersheim.de\/wp-content\/uploads\/2018\/10\/P1050026_.jpg\" data-caption-title=\"Foto: Stefan Lehnert\" data-attachment-id=\"7292\" rel=\"lightbox[7627]\" data-type=\"image\" class=\"fg-thumb\"><span class=\"fg-image-wrap\"><img decoding=\"async\" title=\"Foto: Stefan Lehnert\" width=\"300\" height=\"246\" class=\"skip-lazy fg-image\" data-src-fg=\"http:\/\/www.og-ommersheim.de\/wp-content\/uploads\/cache\/2018\/10\/P1050026_\/436854069.jpg\" src=\"data:image\/svg+xml,%3Csvg%20xmlns%3D%22http%3A%2F%2Fwww.w3.org%2F2000%2Fsvg%22%20width%3D%22300%22%20height%3D%22246%22%20viewBox%3D%220%200%20300%20246%22%3E%3C%2Fsvg%3E\" loading=\"eager\"><\/span><span class=\"fg-image-overlay\"><\/span><\/a><figcaption class=\"fg-caption\"><div class=\"fg-caption-inner\"><div class=\"fg-caption-title\">Foto: Stefan Lehnert<\/div><\/div><\/figcaption><\/figure><div class=\"fg-loader\"><\/div><\/div><div class=\"fg-item fg-type-image fg-idle\"><figure class=\"fg-item-inner\"><a href=\"http:\/\/www.og-ommersheim.de\/wp-content\/uploads\/2018\/10\/P1050027_.jpg\" data-caption-title=\"Foto: Stefan Lehnert\" data-attachment-id=\"7293\" rel=\"lightbox[7627]\" data-type=\"image\" class=\"fg-thumb\"><span class=\"fg-image-wrap\"><img decoding=\"async\" title=\"Foto: Stefan Lehnert\" width=\"300\" height=\"246\" class=\"skip-lazy fg-image\" data-src-fg=\"http:\/\/www.og-ommersheim.de\/wp-content\/uploads\/cache\/2018\/10\/P1050027_\/571256175.jpg\" src=\"data:image\/svg+xml,%3Csvg%20xmlns%3D%22http%3A%2F%2Fwww.w3.org%2F2000%2Fsvg%22%20width%3D%22300%22%20height%3D%22246%22%20viewBox%3D%220%200%20300%20246%22%3E%3C%2Fsvg%3E\" loading=\"eager\"><\/span><span class=\"fg-image-overlay\"><\/span><\/a><figcaption class=\"fg-caption\"><div class=\"fg-caption-inner\"><div class=\"fg-caption-title\">Foto: Stefan Lehnert<\/div><\/div><\/figcaption><\/figure><div class=\"fg-loader\"><\/div><\/div><div class=\"fg-item fg-type-image fg-idle\"><figure class=\"fg-item-inner\"><a href=\"http:\/\/www.og-ommersheim.de\/wp-content\/uploads\/2018\/10\/P1050028_.jpg\" data-caption-title=\"Foto: Stefan Lehnert\" data-attachment-id=\"7294\" rel=\"lightbox[7627]\" data-type=\"image\" class=\"fg-thumb\"><span class=\"fg-image-wrap\"><img decoding=\"async\" title=\"Foto: Stefan Lehnert\" width=\"300\" height=\"246\" class=\"skip-lazy fg-image\" data-src-fg=\"http:\/\/www.og-ommersheim.de\/wp-content\/uploads\/cache\/2018\/10\/P1050028_\/835608305.jpg\" src=\"data:image\/svg+xml,%3Csvg%20xmlns%3D%22http%3A%2F%2Fwww.w3.org%2F2000%2Fsvg%22%20width%3D%22300%22%20height%3D%22246%22%20viewBox%3D%220%200%20300%20246%22%3E%3C%2Fsvg%3E\" loading=\"eager\"><\/span><span class=\"fg-image-overlay\"><\/span><\/a><figcaption class=\"fg-caption\"><div class=\"fg-caption-inner\"><div class=\"fg-caption-title\">Foto: Stefan Lehnert<\/div><\/div><\/figcaption><\/figure><div class=\"fg-loader\"><\/div><\/div><div class=\"fg-item fg-type-image fg-idle\"><figure class=\"fg-item-inner\"><a href=\"http:\/\/www.og-ommersheim.de\/wp-content\/uploads\/2018\/10\/P1050029_.jpg\" data-caption-title=\"Foto: Stefan Lehnert\" data-attachment-id=\"7295\" rel=\"lightbox[7627]\" data-type=\"image\" class=\"fg-thumb\"><span class=\"fg-image-wrap\"><img decoding=\"async\" title=\"Foto: Stefan Lehnert\" width=\"300\" height=\"246\" class=\"skip-lazy fg-image\" data-src-fg=\"http:\/\/www.og-ommersheim.de\/wp-content\/uploads\/cache\/2018\/10\/P1050029_\/164310699.jpg\" src=\"data:image\/svg+xml,%3Csvg%20xmlns%3D%22http%3A%2F%2Fwww.w3.org%2F2000%2Fsvg%22%20width%3D%22300%22%20height%3D%22246%22%20viewBox%3D%220%200%20300%20246%22%3E%3C%2Fsvg%3E\" loading=\"eager\"><\/span><span class=\"fg-image-overlay\"><\/span><\/a><figcaption class=\"fg-caption\"><div class=\"fg-caption-inner\"><div class=\"fg-caption-title\">Foto: Stefan Lehnert<\/div><\/div><\/figcaption><\/figure><div class=\"fg-loader\"><\/div><\/div><div class=\"fg-item fg-type-image fg-idle\"><figure class=\"fg-item-inner\"><a href=\"http:\/\/www.og-ommersheim.de\/wp-content\/uploads\/2018\/10\/P1050030_.jpg\" data-caption-title=\"Foto: Stefan Lehnert\" data-attachment-id=\"7296\" rel=\"lightbox[7627]\" data-type=\"image\" class=\"fg-thumb\"><span class=\"fg-image-wrap\"><img decoding=\"async\" title=\"Foto: Stefan Lehnert\" width=\"300\" height=\"246\" class=\"skip-lazy fg-image\" data-src-fg=\"http:\/\/www.og-ommersheim.de\/wp-content\/uploads\/cache\/2018\/10\/P1050030_\/992501733.jpg\" src=\"data:image\/svg+xml,%3Csvg%20xmlns%3D%22http%3A%2F%2Fwww.w3.org%2F2000%2Fsvg%22%20width%3D%22300%22%20height%3D%22246%22%20viewBox%3D%220%200%20300%20246%22%3E%3C%2Fsvg%3E\" loading=\"eager\"><\/span><span class=\"fg-image-overlay\"><\/span><\/a><figcaption class=\"fg-caption\"><div class=\"fg-caption-inner\"><div class=\"fg-caption-title\">Foto: Stefan Lehnert<\/div><\/div><\/figcaption><\/figure><div class=\"fg-loader\"><\/div><\/div><div class=\"fg-item fg-type-image fg-idle\"><figure class=\"fg-item-inner\"><a href=\"http:\/\/www.og-ommersheim.de\/wp-content\/uploads\/2018\/10\/P1050031_.jpg\" data-caption-title=\"Foto: Stefan Lehnert\" data-attachment-id=\"7297\" rel=\"lightbox[7627]\" data-type=\"image\" class=\"fg-thumb\"><span class=\"fg-image-wrap\"><img decoding=\"async\" title=\"Foto: Stefan Lehnert\" width=\"300\" height=\"246\" class=\"skip-lazy fg-image\" data-src-fg=\"http:\/\/www.og-ommersheim.de\/wp-content\/uploads\/cache\/2018\/10\/P1050031_\/53292991.jpg\" src=\"data:image\/svg+xml,%3Csvg%20xmlns%3D%22http%3A%2F%2Fwww.w3.org%2F2000%2Fsvg%22%20width%3D%22300%22%20height%3D%22246%22%20viewBox%3D%220%200%20300%20246%22%3E%3C%2Fsvg%3E\" loading=\"eager\"><\/span><span class=\"fg-image-overlay\"><\/span><\/a><figcaption class=\"fg-caption\"><div class=\"fg-caption-inner\"><div class=\"fg-caption-title\">Foto: Stefan Lehnert<\/div><\/div><\/figcaption><\/figure><div class=\"fg-loader\"><\/div><\/div><div class=\"fg-item fg-type-image fg-idle\"><figure class=\"fg-item-inner\"><a href=\"http:\/\/www.og-ommersheim.de\/wp-content\/uploads\/2018\/10\/P1050032_.jpg\" data-caption-title=\"Foto: Stefan Lehnert\" data-attachment-id=\"7298\" rel=\"lightbox[7627]\" data-type=\"image\" class=\"fg-thumb\"><span class=\"fg-image-wrap\"><img decoding=\"async\" title=\"Foto: Stefan Lehnert\" width=\"300\" height=\"246\" class=\"skip-lazy fg-image\" data-src-fg=\"http:\/\/www.og-ommersheim.de\/wp-content\/uploads\/cache\/2018\/10\/P1050032_\/1448675772.jpg\" src=\"data:image\/svg+xml,%3Csvg%20xmlns%3D%22http%3A%2F%2Fwww.w3.org%2F2000%2Fsvg%22%20width%3D%22300%22%20height%3D%22246%22%20viewBox%3D%220%200%20300%20246%22%3E%3C%2Fsvg%3E\" loading=\"eager\"><\/span><span class=\"fg-image-overlay\"><\/span><\/a><figcaption class=\"fg-caption\"><div class=\"fg-caption-inner\"><div class=\"fg-caption-title\">Foto: Stefan Lehnert<\/div><\/div><\/figcaption><\/figure><div class=\"fg-loader\"><\/div><\/div><div class=\"fg-item fg-type-image fg-idle\"><figure class=\"fg-item-inner\"><a href=\"http:\/\/www.og-ommersheim.de\/wp-content\/uploads\/2018\/10\/P1050033_.jpg\" data-caption-title=\"Foto: Stefan Lehnert\" data-attachment-id=\"7299\" rel=\"lightbox[7627]\" data-type=\"image\" class=\"fg-thumb\"><span class=\"fg-image-wrap\"><img decoding=\"async\" title=\"Foto: Stefan Lehnert\" width=\"300\" height=\"246\" class=\"skip-lazy fg-image\" data-src-fg=\"http:\/\/www.og-ommersheim.de\/wp-content\/uploads\/cache\/2018\/10\/P1050033_\/1851554278.jpg\" src=\"data:image\/svg+xml,%3Csvg%20xmlns%3D%22http%3A%2F%2Fwww.w3.org%2F2000%2Fsvg%22%20width%3D%22300%22%20height%3D%22246%22%20viewBox%3D%220%200%20300%20246%22%3E%3C%2Fsvg%3E\" loading=\"eager\"><\/span><span class=\"fg-image-overlay\"><\/span><\/a><figcaption class=\"fg-caption\"><div class=\"fg-caption-inner\"><div class=\"fg-caption-title\">Foto: Stefan Lehnert<\/div><\/div><\/figcaption><\/figure><div class=\"fg-loader\"><\/div><\/div><div class=\"fg-item fg-type-image fg-idle\"><figure class=\"fg-item-inner\"><a href=\"http:\/\/www.og-ommersheim.de\/wp-content\/uploads\/2018\/10\/P1050034_.jpg\" data-caption-title=\"Foto: Stefan Lehnert\" data-attachment-id=\"7300\" rel=\"lightbox[7627]\" data-type=\"image\" class=\"fg-thumb\"><span class=\"fg-image-wrap\"><img decoding=\"async\" title=\"Foto: Stefan Lehnert\" width=\"300\" height=\"246\" class=\"skip-lazy fg-image\" data-src-fg=\"http:\/\/www.og-ommersheim.de\/wp-content\/uploads\/cache\/2018\/10\/P1050034_\/2761824926.jpg\" src=\"data:image\/svg+xml,%3Csvg%20xmlns%3D%22http%3A%2F%2Fwww.w3.org%2F2000%2Fsvg%22%20width%3D%22300%22%20height%3D%22246%22%20viewBox%3D%220%200%20300%20246%22%3E%3C%2Fsvg%3E\" loading=\"eager\"><\/span><span class=\"fg-image-overlay\"><\/span><\/a><figcaption class=\"fg-caption\"><div class=\"fg-caption-inner\"><div class=\"fg-caption-title\">Foto: Stefan Lehnert<\/div><\/div><\/figcaption><\/figure><div class=\"fg-loader\"><\/div><\/div><div class=\"fg-item fg-type-image fg-idle\"><figure class=\"fg-item-inner\"><a href=\"http:\/\/www.og-ommersheim.de\/wp-content\/uploads\/2018\/10\/P1050035_.jpg\" data-caption-title=\"Foto: Stefan Lehnert\" data-attachment-id=\"7301\" rel=\"lightbox[7627]\" data-type=\"image\" class=\"fg-thumb\"><span class=\"fg-image-wrap\"><img decoding=\"async\" title=\"Foto: Stefan Lehnert\" width=\"300\" height=\"246\" class=\"skip-lazy fg-image\" data-src-fg=\"http:\/\/www.og-ommersheim.de\/wp-content\/uploads\/cache\/2018\/10\/P1050035_\/2627431108.jpg\" src=\"data:image\/svg+xml,%3Csvg%20xmlns%3D%22http%3A%2F%2Fwww.w3.org%2F2000%2Fsvg%22%20width%3D%22300%22%20height%3D%22246%22%20viewBox%3D%220%200%20300%20246%22%3E%3C%2Fsvg%3E\" loading=\"eager\"><\/span><span class=\"fg-image-overlay\"><\/span><\/a><figcaption class=\"fg-caption\"><div class=\"fg-caption-inner\"><div class=\"fg-caption-title\">Foto: Stefan Lehnert<\/div><\/div><\/figcaption><\/figure><div class=\"fg-loader\"><\/div><\/div><div class=\"fg-item fg-type-image fg-idle\"><figure class=\"fg-item-inner\"><a href=\"http:\/\/www.og-ommersheim.de\/wp-content\/uploads\/2018\/10\/P1050036_.jpg\" data-caption-title=\"Foto: Stefan Lehnert\" data-attachment-id=\"7302\" rel=\"lightbox[7627]\" data-type=\"image\" class=\"fg-thumb\"><span class=\"fg-image-wrap\"><img decoding=\"async\" title=\"Foto: Stefan Lehnert\" width=\"300\" height=\"246\" class=\"skip-lazy fg-image\" data-src-fg=\"http:\/\/www.og-ommersheim.de\/wp-content\/uploads\/cache\/2018\/10\/P1050036_\/3566533162.jpg\" src=\"data:image\/svg+xml,%3Csvg%20xmlns%3D%22http%3A%2F%2Fwww.w3.org%2F2000%2Fsvg%22%20width%3D%22300%22%20height%3D%22246%22%20viewBox%3D%220%200%20300%20246%22%3E%3C%2Fsvg%3E\" loading=\"eager\"><\/span><span class=\"fg-image-overlay\"><\/span><\/a><figcaption class=\"fg-caption\"><div class=\"fg-caption-inner\"><div class=\"fg-caption-title\">Foto: Stefan Lehnert<\/div><\/div><\/figcaption><\/figure><div class=\"fg-loader\"><\/div><\/div><div class=\"fg-item fg-type-image fg-idle\"><figure class=\"fg-item-inner\"><a href=\"http:\/\/www.og-ommersheim.de\/wp-content\/uploads\/2018\/10\/P1050044_.jpg\" data-caption-title=\"Foto: Stefan Lehnert\" data-attachment-id=\"7310\" rel=\"lightbox[7627]\" data-type=\"image\" class=\"fg-thumb\"><span class=\"fg-image-wrap\"><img decoding=\"async\" title=\"Foto: Stefan Lehnert\" width=\"300\" height=\"246\" class=\"skip-lazy fg-image\" data-src-fg=\"http:\/\/www.og-ommersheim.de\/wp-content\/uploads\/cache\/2018\/10\/P1050044_\/570873667.jpg\" src=\"data:image\/svg+xml,%3Csvg%20xmlns%3D%22http%3A%2F%2Fwww.w3.org%2F2000%2Fsvg%22%20width%3D%22300%22%20height%3D%22246%22%20viewBox%3D%220%200%20300%20246%22%3E%3C%2Fsvg%3E\" loading=\"eager\"><\/span><span class=\"fg-image-overlay\"><\/span><\/a><figcaption class=\"fg-caption\"><div class=\"fg-caption-inner\"><div class=\"fg-caption-title\">Foto: Stefan Lehnert<\/div><\/div><\/figcaption><\/figure><div class=\"fg-loader\"><\/div><\/div><div class=\"fg-item fg-type-image fg-idle\"><figure class=\"fg-item-inner\"><a href=\"http:\/\/www.og-ommersheim.de\/wp-content\/uploads\/2018\/10\/P1050040_.jpg\" data-caption-title=\"Foto: Stefan Lehnert\" data-attachment-id=\"7306\" rel=\"lightbox[7627]\" data-type=\"image\" class=\"fg-thumb\"><span class=\"fg-image-wrap\"><img decoding=\"async\" title=\"Foto: Stefan Lehnert\" width=\"300\" height=\"246\" class=\"skip-lazy fg-image\" data-src-fg=\"http:\/\/www.og-ommersheim.de\/wp-content\/uploads\/cache\/2018\/10\/P1050040_\/4171958461.jpg\" src=\"data:image\/svg+xml,%3Csvg%20xmlns%3D%22http%3A%2F%2Fwww.w3.org%2F2000%2Fsvg%22%20width%3D%22300%22%20height%3D%22246%22%20viewBox%3D%220%200%20300%20246%22%3E%3C%2Fsvg%3E\" loading=\"eager\"><\/span><span class=\"fg-image-overlay\"><\/span><\/a><figcaption class=\"fg-caption\"><div class=\"fg-caption-inner\"><div class=\"fg-caption-title\">Foto: Stefan Lehnert<\/div><\/div><\/figcaption><\/figure><div class=\"fg-loader\"><\/div><\/div><div class=\"fg-item fg-type-image fg-idle\"><figure class=\"fg-item-inner\"><a href=\"http:\/\/www.og-ommersheim.de\/wp-content\/uploads\/2018\/10\/P1050046_.jpg\" data-caption-title=\"Foto: Stefan Lehnert\" data-attachment-id=\"7312\" rel=\"lightbox[7627]\" data-type=\"image\" class=\"fg-thumb\"><span class=\"fg-image-wrap\"><img decoding=\"async\" title=\"Foto: Stefan Lehnert\" width=\"300\" height=\"246\" class=\"skip-lazy fg-image\" data-src-fg=\"http:\/\/www.og-ommersheim.de\/wp-content\/uploads\/cache\/2018\/10\/P1050046_\/1376532471.jpg\" src=\"data:image\/svg+xml,%3Csvg%20xmlns%3D%22http%3A%2F%2Fwww.w3.org%2F2000%2Fsvg%22%20width%3D%22300%22%20height%3D%22246%22%20viewBox%3D%220%200%20300%20246%22%3E%3C%2Fsvg%3E\" loading=\"eager\"><\/span><span class=\"fg-image-overlay\"><\/span><\/a><figcaption class=\"fg-caption\"><div class=\"fg-caption-inner\"><div class=\"fg-caption-title\">Foto: Stefan Lehnert<\/div><\/div><\/figcaption><\/figure><div class=\"fg-loader\"><\/div><\/div><div class=\"fg-item fg-type-image fg-idle\"><figure class=\"fg-item-inner\"><a href=\"http:\/\/www.og-ommersheim.de\/wp-content\/uploads\/2018\/10\/P1050047_.jpg\" data-caption-title=\"Foto: Stefan Lehnert\" data-attachment-id=\"7313\" rel=\"lightbox[7627]\" data-type=\"image\" class=\"fg-thumb\"><span class=\"fg-image-wrap\"><img decoding=\"async\" title=\"Foto: Stefan Lehnert\" width=\"300\" height=\"246\" class=\"skip-lazy fg-image\" data-src-fg=\"http:\/\/www.og-ommersheim.de\/wp-content\/uploads\/cache\/2018\/10\/P1050047_\/1778993069.jpg\" src=\"data:image\/svg+xml,%3Csvg%20xmlns%3D%22http%3A%2F%2Fwww.w3.org%2F2000%2Fsvg%22%20width%3D%22300%22%20height%3D%22246%22%20viewBox%3D%220%200%20300%20246%22%3E%3C%2Fsvg%3E\" loading=\"eager\"><\/span><span class=\"fg-image-overlay\"><\/span><\/a><figcaption class=\"fg-caption\"><div class=\"fg-caption-inner\"><div class=\"fg-caption-title\">Foto: Stefan Lehnert<\/div><\/div><\/figcaption><\/figure><div class=\"fg-loader\"><\/div><\/div><div class=\"fg-item fg-type-image fg-idle\"><figure class=\"fg-item-inner\"><a href=\"http:\/\/www.og-ommersheim.de\/wp-content\/uploads\/2018\/10\/P1050048_.jpg\" data-caption-title=\"Foto: Stefan Lehnert\" data-attachment-id=\"7314\" rel=\"lightbox[7627]\" data-type=\"image\" class=\"fg-thumb\"><span class=\"fg-image-wrap\"><img decoding=\"async\" title=\"Foto: Stefan Lehnert\" width=\"300\" height=\"246\" class=\"skip-lazy fg-image\" data-src-fg=\"http:\/\/www.og-ommersheim.de\/wp-content\/uploads\/cache\/2018\/10\/P1050048_\/2043393075.jpg\" src=\"data:image\/svg+xml,%3Csvg%20xmlns%3D%22http%3A%2F%2Fwww.w3.org%2F2000%2Fsvg%22%20width%3D%22300%22%20height%3D%22246%22%20viewBox%3D%220%200%20300%20246%22%3E%3C%2Fsvg%3E\" loading=\"eager\"><\/span><span class=\"fg-image-overlay\"><\/span><\/a><figcaption class=\"fg-caption\"><div class=\"fg-caption-inner\"><div class=\"fg-caption-title\">Foto: Stefan Lehnert<\/div><\/div><\/figcaption><\/figure><div class=\"fg-loader\"><\/div><\/div><div class=\"fg-item fg-type-image fg-idle\"><figure class=\"fg-item-inner\"><a href=\"http:\/\/www.og-ommersheim.de\/wp-content\/uploads\/2018\/10\/IMG-20181028-WA0000.jpg\" data-caption-title=\"Foto: Sandra Schwarz\" data-attachment-id=\"7453\" rel=\"lightbox[7627]\" data-type=\"image\" class=\"fg-thumb\"><span class=\"fg-image-wrap\"><img decoding=\"async\" title=\"Foto: Sandra Schwarz\" width=\"300\" height=\"246\" class=\"skip-lazy fg-image\" data-src-fg=\"http:\/\/www.og-ommersheim.de\/wp-content\/uploads\/cache\/2018\/10\/IMG-20181028-WA0000\/1616360088.jpg\" src=\"data:image\/svg+xml,%3Csvg%20xmlns%3D%22http%3A%2F%2Fwww.w3.org%2F2000%2Fsvg%22%20width%3D%22300%22%20height%3D%22246%22%20viewBox%3D%220%200%20300%20246%22%3E%3C%2Fsvg%3E\" loading=\"eager\"><\/span><span class=\"fg-image-overlay\"><\/span><\/a><figcaption class=\"fg-caption\"><div class=\"fg-caption-inner\"><div class=\"fg-caption-title\">Foto: Sandra Schwarz<\/div><\/div><\/figcaption><\/figure><div class=\"fg-loader\"><\/div><\/div><div class=\"fg-item fg-type-image fg-idle\"><figure class=\"fg-item-inner\"><a href=\"http:\/\/www.og-ommersheim.de\/wp-content\/uploads\/2018\/10\/IMG-20181028-WA0001.jpg\" data-caption-title=\"Foto: Sandra Schwarz\" data-attachment-id=\"7454\" rel=\"lightbox[7627]\" data-type=\"image\" class=\"fg-thumb\"><span class=\"fg-image-wrap\"><img decoding=\"async\" title=\"Foto: Sandra Schwarz\" width=\"300\" height=\"246\" class=\"skip-lazy fg-image\" data-src-fg=\"http:\/\/www.og-ommersheim.de\/wp-content\/uploads\/cache\/2018\/10\/IMG-20181028-WA0001\/4056851924.jpg\" src=\"data:image\/svg+xml,%3Csvg%20xmlns%3D%22http%3A%2F%2Fwww.w3.org%2F2000%2Fsvg%22%20width%3D%22300%22%20height%3D%22246%22%20viewBox%3D%220%200%20300%20246%22%3E%3C%2Fsvg%3E\" loading=\"eager\"><\/span><span class=\"fg-image-overlay\"><\/span><\/a><figcaption class=\"fg-caption\"><div class=\"fg-caption-inner\"><div class=\"fg-caption-title\">Foto: Sandra Schwarz<\/div><\/div><\/figcaption><\/figure><div class=\"fg-loader\"><\/div><\/div><div class=\"fg-item fg-type-image fg-idle\"><figure class=\"fg-item-inner\"><a href=\"http:\/\/www.og-ommersheim.de\/wp-content\/uploads\/2018\/10\/IMG-20181028-WA0002.jpg\" data-caption-title=\"Foto: Sandra Schwarz\" data-attachment-id=\"7455\" rel=\"lightbox[7627]\" data-type=\"image\" class=\"fg-thumb\"><span class=\"fg-image-wrap\"><img decoding=\"async\" title=\"Foto: Sandra Schwarz\" width=\"300\" height=\"246\" class=\"skip-lazy fg-image\" data-src-fg=\"http:\/\/www.og-ommersheim.de\/wp-content\/uploads\/cache\/2018\/10\/IMG-20181028-WA0002\/626659946.jpg\" src=\"data:image\/svg+xml,%3Csvg%20xmlns%3D%22http%3A%2F%2Fwww.w3.org%2F2000%2Fsvg%22%20width%3D%22300%22%20height%3D%22246%22%20viewBox%3D%220%200%20300%20246%22%3E%3C%2Fsvg%3E\" loading=\"eager\"><\/span><span class=\"fg-image-overlay\"><\/span><\/a><figcaption class=\"fg-caption\"><div class=\"fg-caption-inner\"><div class=\"fg-caption-title\">Foto: Sandra Schwarz<\/div><\/div><\/figcaption><\/figure><div class=\"fg-loader\"><\/div><\/div><div class=\"fg-item fg-type-image fg-idle\"><figure class=\"fg-item-inner\"><a href=\"http:\/\/www.og-ommersheim.de\/wp-content\/uploads\/2018\/10\/IMG-20181028-WA0003.jpg\" data-caption-title=\"Foto: Sandra Schwarz\" data-attachment-id=\"7456\" rel=\"lightbox[7627]\" data-type=\"image\" class=\"fg-thumb\"><span class=\"fg-image-wrap\"><img decoding=\"async\" title=\"Foto: Sandra Schwarz\" width=\"300\" height=\"246\" class=\"skip-lazy fg-image\" data-src-fg=\"http:\/\/www.og-ommersheim.de\/wp-content\/uploads\/cache\/2018\/10\/IMG-20181028-WA0003\/131908115.jpg\" src=\"data:image\/svg+xml,%3Csvg%20xmlns%3D%22http%3A%2F%2Fwww.w3.org%2F2000%2Fsvg%22%20width%3D%22300%22%20height%3D%22246%22%20viewBox%3D%220%200%20300%20246%22%3E%3C%2Fsvg%3E\" loading=\"eager\"><\/span><span class=\"fg-image-overlay\"><\/span><\/a><figcaption class=\"fg-caption\"><div class=\"fg-caption-inner\"><div class=\"fg-caption-title\">Foto: Sandra Schwarz<\/div><\/div><\/figcaption><\/figure><div class=\"fg-loader\"><\/div><\/div><div class=\"fg-item fg-type-image fg-idle\"><figure class=\"fg-item-inner\"><a href=\"http:\/\/www.og-ommersheim.de\/wp-content\/uploads\/2018\/10\/IMG-20181028-WA0004.jpg\" data-caption-title=\"Foto: Sandra Schwarz\" data-attachment-id=\"7457\" rel=\"lightbox[7627]\" data-type=\"image\" class=\"fg-thumb\"><span class=\"fg-image-wrap\"><img decoding=\"async\" title=\"Foto: Sandra Schwarz\" width=\"300\" height=\"246\" class=\"skip-lazy fg-image\" data-src-fg=\"http:\/\/www.og-ommersheim.de\/wp-content\/uploads\/cache\/2018\/10\/IMG-20181028-WA0004\/1459780439.jpg\" src=\"data:image\/svg+xml,%3Csvg%20xmlns%3D%22http%3A%2F%2Fwww.w3.org%2F2000%2Fsvg%22%20width%3D%22300%22%20height%3D%22246%22%20viewBox%3D%220%200%20300%20246%22%3E%3C%2Fsvg%3E\" loading=\"eager\"><\/span><span class=\"fg-image-overlay\"><\/span><\/a><figcaption class=\"fg-caption\"><div class=\"fg-caption-inner\"><div class=\"fg-caption-title\">Foto: Sandra Schwarz<\/div><\/div><\/figcaption><\/figure><div class=\"fg-loader\"><\/div><\/div><div class=\"fg-item fg-type-image fg-idle\"><figure class=\"fg-item-inner\"><a href=\"http:\/\/www.og-ommersheim.de\/wp-content\/uploads\/2018\/10\/IMG-20181028-WA0005.jpg\" data-caption-title=\"Foto: Sandra Schwarz\" data-attachment-id=\"7458\" rel=\"lightbox[7627]\" data-type=\"image\" class=\"fg-thumb\"><span class=\"fg-image-wrap\"><img decoding=\"async\" title=\"Foto: Sandra Schwarz\" width=\"300\" height=\"246\" class=\"skip-lazy fg-image\" data-src-fg=\"http:\/\/www.og-ommersheim.de\/wp-content\/uploads\/cache\/2018\/10\/IMG-20181028-WA0005\/2077615152.jpg\" src=\"data:image\/svg+xml,%3Csvg%20xmlns%3D%22http%3A%2F%2Fwww.w3.org%2F2000%2Fsvg%22%20width%3D%22300%22%20height%3D%22246%22%20viewBox%3D%220%200%20300%20246%22%3E%3C%2Fsvg%3E\" loading=\"eager\"><\/span><span class=\"fg-image-overlay\"><\/span><\/a><figcaption class=\"fg-caption\"><div class=\"fg-caption-inner\"><div class=\"fg-caption-title\">Foto: Sandra Schwarz<\/div><\/div><\/figcaption><\/figure><div class=\"fg-loader\"><\/div><\/div><div class=\"fg-item fg-type-image fg-idle\"><figure class=\"fg-item-inner\"><a href=\"http:\/\/www.og-ommersheim.de\/wp-content\/uploads\/2018\/10\/IMG-20181028-WA0006.jpg\" data-caption-title=\"Foto: Sandra Schwarz\" data-attachment-id=\"7459\" rel=\"lightbox[7627]\" data-type=\"image\" class=\"fg-thumb\"><span class=\"fg-image-wrap\"><img decoding=\"async\" title=\"Foto: Sandra Schwarz\" width=\"300\" height=\"246\" class=\"skip-lazy fg-image\" data-src-fg=\"http:\/\/www.og-ommersheim.de\/wp-content\/uploads\/cache\/2018\/10\/IMG-20181028-WA0006\/2940294030.jpg\" src=\"data:image\/svg+xml,%3Csvg%20xmlns%3D%22http%3A%2F%2Fwww.w3.org%2F2000%2Fsvg%22%20width%3D%22300%22%20height%3D%22246%22%20viewBox%3D%220%200%20300%20246%22%3E%3C%2Fsvg%3E\" loading=\"eager\"><\/span><span class=\"fg-image-overlay\"><\/span><\/a><figcaption class=\"fg-caption\"><div class=\"fg-caption-inner\"><div class=\"fg-caption-title\">Foto: Sandra Schwarz<\/div><\/div><\/figcaption><\/figure><div class=\"fg-loader\"><\/div><\/div><div class=\"fg-item fg-type-image fg-idle\"><figure class=\"fg-item-inner\"><a href=\"http:\/\/www.og-ommersheim.de\/wp-content\/uploads\/2018\/10\/IMG-20181028-WA0007.jpg\" data-caption-title=\"Foto: Sandra Schwarz\" data-attachment-id=\"7460\" rel=\"lightbox[7627]\" data-type=\"image\" class=\"fg-thumb\"><span class=\"fg-image-wrap\"><img decoding=\"async\" title=\"Foto: Sandra Schwarz\" width=\"300\" height=\"246\" class=\"skip-lazy fg-image\" data-src-fg=\"http:\/\/www.og-ommersheim.de\/wp-content\/uploads\/cache\/2018\/10\/IMG-20181028-WA0007\/3124637805.jpg\" src=\"data:image\/svg+xml,%3Csvg%20xmlns%3D%22http%3A%2F%2Fwww.w3.org%2F2000%2Fsvg%22%20width%3D%22300%22%20height%3D%22246%22%20viewBox%3D%220%200%20300%20246%22%3E%3C%2Fsvg%3E\" loading=\"eager\"><\/span><span class=\"fg-image-overlay\"><\/span><\/a><figcaption class=\"fg-caption\"><div class=\"fg-caption-inner\"><div class=\"fg-caption-title\">Foto: Sandra Schwarz<\/div><\/div><\/figcaption><\/figure><div class=\"fg-loader\"><\/div><\/div><div class=\"fg-item fg-type-image fg-idle\"><figure class=\"fg-item-inner\"><a href=\"http:\/\/www.og-ommersheim.de\/wp-content\/uploads\/2018\/10\/IMG-20181028-WA0008.jpg\" data-caption-title=\"Foto: Sandra Schwarz\" data-attachment-id=\"7461\" rel=\"lightbox[7627]\" data-type=\"image\" class=\"fg-thumb\"><span class=\"fg-image-wrap\"><img decoding=\"async\" title=\"Foto: Sandra Schwarz\" width=\"300\" height=\"246\" class=\"skip-lazy fg-image\" data-src-fg=\"http:\/\/www.og-ommersheim.de\/wp-content\/uploads\/cache\/2018\/10\/IMG-20181028-WA0008\/956666524.jpg\" src=\"data:image\/svg+xml,%3Csvg%20xmlns%3D%22http%3A%2F%2Fwww.w3.org%2F2000%2Fsvg%22%20width%3D%22300%22%20height%3D%22246%22%20viewBox%3D%220%200%20300%20246%22%3E%3C%2Fsvg%3E\" loading=\"eager\"><\/span><span class=\"fg-image-overlay\"><\/span><\/a><figcaption class=\"fg-caption\"><div class=\"fg-caption-inner\"><div class=\"fg-caption-title\">Foto: Sandra Schwarz<\/div><\/div><\/figcaption><\/figure><div class=\"fg-loader\"><\/div><\/div><div class=\"fg-item fg-type-image fg-idle\"><figure class=\"fg-item-inner\"><a href=\"http:\/\/www.og-ommersheim.de\/wp-content\/uploads\/2018\/10\/IMG-20181028-WA0009.jpg\" data-caption-title=\"Foto: Sandra Schwarz\" data-attachment-id=\"7462\" rel=\"lightbox[7627]\" data-type=\"image\" class=\"fg-thumb\"><span class=\"fg-image-wrap\"><img decoding=\"async\" title=\"Foto: Sandra Schwarz\" width=\"300\" height=\"246\" class=\"skip-lazy fg-image\" data-src-fg=\"http:\/\/www.og-ommersheim.de\/wp-content\/uploads\/cache\/2018\/10\/IMG-20181028-WA0009\/461587173.jpg\" src=\"data:image\/svg+xml,%3Csvg%20xmlns%3D%22http%3A%2F%2Fwww.w3.org%2F2000%2Fsvg%22%20width%3D%22300%22%20height%3D%22246%22%20viewBox%3D%220%200%20300%20246%22%3E%3C%2Fsvg%3E\" loading=\"eager\"><\/span><span class=\"fg-image-overlay\"><\/span><\/a><figcaption class=\"fg-caption\"><div class=\"fg-caption-inner\"><div class=\"fg-caption-title\">Foto: Sandra Schwarz<\/div><\/div><\/figcaption><\/figure><div class=\"fg-loader\"><\/div><\/div><div class=\"fg-item fg-type-image fg-idle\"><figure class=\"fg-item-inner\"><a href=\"http:\/\/www.og-ommersheim.de\/wp-content\/uploads\/2018\/10\/IMG-20181028-WA0010.jpg\" data-caption-title=\"Foto: Sandra Schwarz\" data-attachment-id=\"7463\" rel=\"lightbox[7627]\" data-type=\"image\" class=\"fg-thumb\"><span class=\"fg-image-wrap\"><img decoding=\"async\" title=\"Foto: Sandra Schwarz\" width=\"300\" height=\"246\" class=\"skip-lazy fg-image\" data-src-fg=\"http:\/\/www.og-ommersheim.de\/wp-content\/uploads\/cache\/2018\/10\/IMG-20181028-WA0010\/1236073936.jpg\" src=\"data:image\/svg+xml,%3Csvg%20xmlns%3D%22http%3A%2F%2Fwww.w3.org%2F2000%2Fsvg%22%20width%3D%22300%22%20height%3D%22246%22%20viewBox%3D%220%200%20300%20246%22%3E%3C%2Fsvg%3E\" loading=\"eager\"><\/span><span class=\"fg-image-overlay\"><\/span><\/a><figcaption class=\"fg-caption\"><div class=\"fg-caption-inner\"><div class=\"fg-caption-title\">Foto: Sandra Schwarz<\/div><\/div><\/figcaption><\/figure><div class=\"fg-loader\"><\/div><\/div><div class=\"fg-item fg-type-image fg-idle\"><figure class=\"fg-item-inner\"><a href=\"http:\/\/www.og-ommersheim.de\/wp-content\/uploads\/2018\/10\/IMG-20181028-WA0011.jpg\" data-caption-title=\"Foto: Sandra Schwarz\" data-attachment-id=\"7464\" rel=\"lightbox[7627]\" data-type=\"image\" class=\"fg-thumb\"><span class=\"fg-image-wrap\"><img decoding=\"async\" title=\"Foto: Sandra Schwarz\" width=\"300\" height=\"246\" class=\"skip-lazy fg-image\" data-src-fg=\"http:\/\/www.og-ommersheim.de\/wp-content\/uploads\/cache\/2018\/10\/IMG-20181028-WA0011\/3627412124.jpg\" src=\"data:image\/svg+xml,%3Csvg%20xmlns%3D%22http%3A%2F%2Fwww.w3.org%2F2000%2Fsvg%22%20width%3D%22300%22%20height%3D%22246%22%20viewBox%3D%220%200%20300%20246%22%3E%3C%2Fsvg%3E\" loading=\"eager\"><\/span><span class=\"fg-image-overlay\"><\/span><\/a><figcaption class=\"fg-caption\"><div class=\"fg-caption-inner\"><div class=\"fg-caption-title\">Foto: Sandra Schwarz<\/div><\/div><\/figcaption><\/figure><div class=\"fg-loader\"><\/div><\/div><div class=\"fg-item fg-type-image fg-idle\"><figure class=\"fg-item-inner\"><a href=\"http:\/\/www.og-ommersheim.de\/wp-content\/uploads\/2018\/10\/IMG-20181028-WA0012.jpg\" data-caption-title=\"Foto: Sandra Schwarz\" data-attachment-id=\"7465\" rel=\"lightbox[7627]\" data-type=\"image\" class=\"fg-thumb\"><span class=\"fg-image-wrap\"><img decoding=\"async\" title=\"Foto: Sandra Schwarz\" width=\"300\" height=\"246\" class=\"skip-lazy fg-image\" data-src-fg=\"http:\/\/www.og-ommersheim.de\/wp-content\/uploads\/cache\/2018\/10\/IMG-20181028-WA0012\/211901730.jpg\" src=\"data:image\/svg+xml,%3Csvg%20xmlns%3D%22http%3A%2F%2Fwww.w3.org%2F2000%2Fsvg%22%20width%3D%22300%22%20height%3D%22246%22%20viewBox%3D%220%200%20300%20246%22%3E%3C%2Fsvg%3E\" loading=\"eager\"><\/span><span class=\"fg-image-overlay\"><\/span><\/a><figcaption class=\"fg-caption\"><div class=\"fg-caption-inner\"><div class=\"fg-caption-title\">Foto: Sandra Schwarz<\/div><\/div><\/figcaption><\/figure><div class=\"fg-loader\"><\/div><\/div><div class=\"fg-item fg-type-image fg-idle\"><figure class=\"fg-item-inner\"><a href=\"http:\/\/www.og-ommersheim.de\/wp-content\/uploads\/2018\/10\/IMG-20181028-WA0013.jpg\" data-caption-title=\"Foto: Sandra Schwarz\" data-attachment-id=\"7466\" rel=\"lightbox[7627]\" data-type=\"image\" class=\"fg-thumb\"><span class=\"fg-image-wrap\"><img decoding=\"async\" title=\"Foto: Sandra Schwarz\" width=\"300\" height=\"246\" class=\"skip-lazy fg-image\" data-src-fg=\"http:\/\/www.og-ommersheim.de\/wp-content\/uploads\/cache\/2018\/10\/IMG-20181028-WA0013\/774344027.jpg\" src=\"data:image\/svg+xml,%3Csvg%20xmlns%3D%22http%3A%2F%2Fwww.w3.org%2F2000%2Fsvg%22%20width%3D%22300%22%20height%3D%22246%22%20viewBox%3D%220%200%20300%20246%22%3E%3C%2Fsvg%3E\" loading=\"eager\"><\/span><span class=\"fg-image-overlay\"><\/span><\/a><figcaption class=\"fg-caption\"><div class=\"fg-caption-inner\"><div class=\"fg-caption-title\">Foto: Sandra Schwarz<\/div><\/div><\/figcaption><\/figure><div class=\"fg-loader\"><\/div><\/div><div class=\"fg-item fg-type-image fg-idle\"><figure class=\"fg-item-inner\"><a href=\"http:\/\/www.og-ommersheim.de\/wp-content\/uploads\/2018\/10\/IMG-20181028-WA0014.jpg\" data-caption-title=\"Foto: Sandra Schwarz\" data-attachment-id=\"7467\" rel=\"lightbox[7627]\" data-type=\"image\" class=\"fg-thumb\"><span class=\"fg-image-wrap\"><img decoding=\"async\" title=\"Foto: Sandra Schwarz\" width=\"300\" height=\"246\" class=\"skip-lazy fg-image\" data-src-fg=\"http:\/\/www.og-ommersheim.de\/wp-content\/uploads\/cache\/2018\/10\/IMG-20181028-WA0014\/2130261023.jpg\" src=\"data:image\/svg+xml,%3Csvg%20xmlns%3D%22http%3A%2F%2Fwww.w3.org%2F2000%2Fsvg%22%20width%3D%22300%22%20height%3D%22246%22%20viewBox%3D%220%200%20300%20246%22%3E%3C%2Fsvg%3E\" loading=\"eager\"><\/span><span class=\"fg-image-overlay\"><\/span><\/a><figcaption class=\"fg-caption\"><div class=\"fg-caption-inner\"><div class=\"fg-caption-title\">Foto: Sandra Schwarz<\/div><\/div><\/figcaption><\/figure><div class=\"fg-loader\"><\/div><\/div><div class=\"fg-item fg-type-image fg-idle\"><figure class=\"fg-item-inner\"><a href=\"http:\/\/www.og-ommersheim.de\/wp-content\/uploads\/2018\/10\/IMG-20181028-WA0015.jpg\" data-caption-title=\"Foto: Sandra Schwarz\" data-attachment-id=\"7468\" rel=\"lightbox[7627]\" data-type=\"image\" class=\"fg-thumb\"><span class=\"fg-image-wrap\"><img decoding=\"async\" title=\"Foto: Sandra Schwarz\" width=\"300\" height=\"246\" class=\"skip-lazy fg-image\" data-src-fg=\"http:\/\/www.og-ommersheim.de\/wp-content\/uploads\/cache\/2018\/10\/IMG-20181028-WA0015\/1378790264.jpg\" src=\"data:image\/svg+xml,%3Csvg%20xmlns%3D%22http%3A%2F%2Fwww.w3.org%2F2000%2Fsvg%22%20width%3D%22300%22%20height%3D%22246%22%20viewBox%3D%220%200%20300%20246%22%3E%3C%2Fsvg%3E\" loading=\"eager\"><\/span><span class=\"fg-image-overlay\"><\/span><\/a><figcaption class=\"fg-caption\"><div class=\"fg-caption-inner\"><div class=\"fg-caption-title\">Foto: Sandra Schwarz<\/div><\/div><\/figcaption><\/figure><div class=\"fg-loader\"><\/div><\/div><div class=\"fg-item fg-type-image fg-idle\"><figure class=\"fg-item-inner\"><a href=\"http:\/\/www.og-ommersheim.de\/wp-content\/uploads\/2018\/10\/IMG-20181028-WA0016.jpg\" data-caption-title=\"Foto: Sandra Schwarz\" data-attachment-id=\"7469\" rel=\"lightbox[7627]\" data-type=\"image\" class=\"fg-thumb\"><span class=\"fg-image-wrap\"><img decoding=\"async\" title=\"Foto: Sandra Schwarz\" width=\"300\" height=\"246\" class=\"skip-lazy fg-image\" data-src-fg=\"http:\/\/www.og-ommersheim.de\/wp-content\/uploads\/cache\/2018\/10\/IMG-20181028-WA0016\/2260344006.jpg\" src=\"data:image\/svg+xml,%3Csvg%20xmlns%3D%22http%3A%2F%2Fwww.w3.org%2F2000%2Fsvg%22%20width%3D%22300%22%20height%3D%22246%22%20viewBox%3D%220%200%20300%20246%22%3E%3C%2Fsvg%3E\" loading=\"eager\"><\/span><span class=\"fg-image-overlay\"><\/span><\/a><figcaption class=\"fg-caption\"><div class=\"fg-caption-inner\"><div class=\"fg-caption-title\">Foto: Sandra Schwarz<\/div><\/div><\/figcaption><\/figure><div class=\"fg-loader\"><\/div><\/div><div class=\"fg-item fg-type-image fg-idle\"><figure class=\"fg-item-inner\"><a href=\"http:\/\/www.og-ommersheim.de\/wp-content\/uploads\/2018\/10\/IMG-20181028-WA0017.jpg\" data-caption-title=\"Foto: Sandra Schwarz\" data-attachment-id=\"7470\" rel=\"lightbox[7627]\" data-type=\"image\" class=\"fg-thumb\"><span class=\"fg-image-wrap\"><img decoding=\"async\" title=\"Foto: Sandra Schwarz\" width=\"300\" height=\"246\" class=\"skip-lazy fg-image\" data-src-fg=\"http:\/\/www.og-ommersheim.de\/wp-content\/uploads\/cache\/2018\/10\/IMG-20181028-WA0017\/3099923159.jpg\" src=\"data:image\/svg+xml,%3Csvg%20xmlns%3D%22http%3A%2F%2Fwww.w3.org%2F2000%2Fsvg%22%20width%3D%22300%22%20height%3D%22246%22%20viewBox%3D%220%200%20300%20246%22%3E%3C%2Fsvg%3E\" loading=\"eager\"><\/span><span class=\"fg-image-overlay\"><\/span><\/a><figcaption class=\"fg-caption\"><div class=\"fg-caption-inner\"><div class=\"fg-caption-title\">Foto: Sandra Schwarz<\/div><\/div><\/figcaption><\/figure><div class=\"fg-loader\"><\/div><\/div><div class=\"fg-item fg-type-image fg-idle\"><figure class=\"fg-item-inner\"><a href=\"http:\/\/www.og-ommersheim.de\/wp-content\/uploads\/2018\/10\/IMG-20181028-WA0018.jpg\" data-caption-title=\"Foto: Sandra Schwarz\" data-attachment-id=\"7471\" rel=\"lightbox[7627]\" data-type=\"image\" class=\"fg-thumb\"><span class=\"fg-image-wrap\"><img decoding=\"async\" title=\"Foto: Sandra Schwarz\" width=\"300\" height=\"246\" class=\"skip-lazy fg-image\" data-src-fg=\"http:\/\/www.og-ommersheim.de\/wp-content\/uploads\/cache\/2018\/10\/IMG-20181028-WA0018\/1006546982.jpg\" src=\"data:image\/svg+xml,%3Csvg%20xmlns%3D%22http%3A%2F%2Fwww.w3.org%2F2000%2Fsvg%22%20width%3D%22300%22%20height%3D%22246%22%20viewBox%3D%220%200%20300%20246%22%3E%3C%2Fsvg%3E\" loading=\"eager\"><\/span><span class=\"fg-image-overlay\"><\/span><\/a><figcaption class=\"fg-caption\"><div class=\"fg-caption-inner\"><div class=\"fg-caption-title\">Foto: Sandra Schwarz<\/div><\/div><\/figcaption><\/figure><div class=\"fg-loader\"><\/div><\/div><div class=\"fg-item fg-type-image fg-idle\"><figure class=\"fg-item-inner\"><a href=\"http:\/\/www.og-ommersheim.de\/wp-content\/uploads\/2018\/10\/IMG-20181028-WA0019.jpg\" data-caption-title=\"Foto: Sandra Schwarz\" data-attachment-id=\"7472\" rel=\"lightbox[7627]\" data-type=\"image\" class=\"fg-thumb\"><span class=\"fg-image-wrap\"><img decoding=\"async\" title=\"Foto: Sandra Schwarz\" width=\"300\" height=\"246\" class=\"skip-lazy fg-image\" data-src-fg=\"http:\/\/www.og-ommersheim.de\/wp-content\/uploads\/cache\/2018\/10\/IMG-20181028-WA0019\/427319391.jpg\" src=\"data:image\/svg+xml,%3Csvg%20xmlns%3D%22http%3A%2F%2Fwww.w3.org%2F2000%2Fsvg%22%20width%3D%22300%22%20height%3D%22246%22%20viewBox%3D%220%200%20300%20246%22%3E%3C%2Fsvg%3E\" loading=\"eager\"><\/span><span class=\"fg-image-overlay\"><\/span><\/a><figcaption class=\"fg-caption\"><div class=\"fg-caption-inner\"><div class=\"fg-caption-title\">Foto: Sandra Schwarz<\/div><\/div><\/figcaption><\/figure><div class=\"fg-loader\"><\/div><\/div><div class=\"fg-item fg-type-image fg-idle\"><figure class=\"fg-item-inner\"><a href=\"http:\/\/www.og-ommersheim.de\/wp-content\/uploads\/2018\/10\/IMG-20181028-WA0021.jpg\" data-caption-title=\"Foto: Sandra Schwarz\" data-attachment-id=\"7474\" rel=\"lightbox[7627]\" data-type=\"image\" class=\"fg-thumb\"><span class=\"fg-image-wrap\"><img decoding=\"async\" title=\"Foto: Sandra Schwarz\" width=\"300\" height=\"246\" class=\"skip-lazy fg-image\" data-src-fg=\"http:\/\/www.og-ommersheim.de\/wp-content\/uploads\/cache\/2018\/10\/IMG-20181028-WA0021\/4097368224.jpg\" src=\"data:image\/svg+xml,%3Csvg%20xmlns%3D%22http%3A%2F%2Fwww.w3.org%2F2000%2Fsvg%22%20width%3D%22300%22%20height%3D%22246%22%20viewBox%3D%220%200%20300%20246%22%3E%3C%2Fsvg%3E\" loading=\"eager\"><\/span><span class=\"fg-image-overlay\"><\/span><\/a><figcaption class=\"fg-caption\"><div class=\"fg-caption-inner\"><div class=\"fg-caption-title\">Foto: Sandra Schwarz<\/div><\/div><\/figcaption><\/figure><div class=\"fg-loader\"><\/div><\/div><div class=\"fg-item fg-type-image fg-idle\"><figure class=\"fg-item-inner\"><a href=\"http:\/\/www.og-ommersheim.de\/wp-content\/uploads\/2018\/10\/IMG-20181028-WA0022.jpg\" data-caption-title=\"Foto: Sandra SchwarzFoto: Sandra Schwarz\" data-attachment-id=\"7475\" rel=\"lightbox[7627]\" data-type=\"image\" class=\"fg-thumb\"><span class=\"fg-image-wrap\"><img decoding=\"async\" title=\"Foto: Sandra SchwarzFoto: Sandra Schwarz\" width=\"300\" height=\"246\" class=\"skip-lazy fg-image\" data-src-fg=\"http:\/\/www.og-ommersheim.de\/wp-content\/uploads\/cache\/2018\/10\/IMG-20181028-WA0022\/548165406.jpg\" src=\"data:image\/svg+xml,%3Csvg%20xmlns%3D%22http%3A%2F%2Fwww.w3.org%2F2000%2Fsvg%22%20width%3D%22300%22%20height%3D%22246%22%20viewBox%3D%220%200%20300%20246%22%3E%3C%2Fsvg%3E\" loading=\"eager\"><\/span><span class=\"fg-image-overlay\"><\/span><\/a><figcaption class=\"fg-caption\"><div class=\"fg-caption-inner\"><div class=\"fg-caption-title\">Foto: Sandra SchwarzFoto: Sandra Schwarz<\/div><\/div><\/figcaption><\/figure><div class=\"fg-loader\"><\/div><\/div><div class=\"fg-item fg-type-image fg-idle\"><figure class=\"fg-item-inner\"><a href=\"http:\/\/www.og-ommersheim.de\/wp-content\/uploads\/2018\/10\/IMG-20181028-WA0023.jpg\" data-caption-title=\"Foto: Sandra Schwarz\" data-attachment-id=\"7476\" rel=\"lightbox[7627]\" data-type=\"image\" class=\"fg-thumb\"><span class=\"fg-image-wrap\"><img decoding=\"async\" title=\"Foto: Sandra Schwarz\" width=\"300\" height=\"246\" class=\"skip-lazy fg-image\" data-src-fg=\"http:\/\/www.og-ommersheim.de\/wp-content\/uploads\/cache\/2018\/10\/IMG-20181028-WA0023\/36341607.jpg\" src=\"data:image\/svg+xml,%3Csvg%20xmlns%3D%22http%3A%2F%2Fwww.w3.org%2F2000%2Fsvg%22%20width%3D%22300%22%20height%3D%22246%22%20viewBox%3D%220%200%20300%20246%22%3E%3C%2Fsvg%3E\" loading=\"eager\"><\/span><span class=\"fg-image-overlay\"><\/span><\/a><figcaption class=\"fg-caption\"><div class=\"fg-caption-inner\"><div class=\"fg-caption-title\">Foto: Sandra Schwarz<\/div><\/div><\/figcaption><\/figure><div class=\"fg-loader\"><\/div><\/div><div class=\"fg-item fg-type-image fg-idle\"><figure class=\"fg-item-inner\"><a href=\"http:\/\/www.og-ommersheim.de\/wp-content\/uploads\/2018\/10\/IMG-20181028-WA0026.jpg\" data-caption-title=\"Foto: Sandra Schwarz\" data-attachment-id=\"7479\" rel=\"lightbox[7627]\" data-type=\"image\" class=\"fg-thumb\"><span class=\"fg-image-wrap\"><img decoding=\"async\" title=\"Foto: Sandra Schwarz\" width=\"300\" height=\"246\" class=\"skip-lazy fg-image\" data-src-fg=\"http:\/\/www.og-ommersheim.de\/wp-content\/uploads\/cache\/2018\/10\/IMG-20181028-WA0026\/2864125690.jpg\" src=\"data:image\/svg+xml,%3Csvg%20xmlns%3D%22http%3A%2F%2Fwww.w3.org%2F2000%2Fsvg%22%20width%3D%22300%22%20height%3D%22246%22%20viewBox%3D%220%200%20300%20246%22%3E%3C%2Fsvg%3E\" loading=\"eager\"><\/span><span class=\"fg-image-overlay\"><\/span><\/a><figcaption class=\"fg-caption\"><div class=\"fg-caption-inner\"><div class=\"fg-caption-title\">Foto: Sandra Schwarz<\/div><\/div><\/figcaption><\/figure><div class=\"fg-loader\"><\/div><\/div><div class=\"fg-item fg-type-image fg-idle\"><figure class=\"fg-item-inner\"><a href=\"http:\/\/www.og-ommersheim.de\/wp-content\/uploads\/2018\/10\/IMG-20181028-WA0027.jpg\" data-caption-title=\"Foto: Sandra Schwarz\" data-attachment-id=\"7480\" rel=\"lightbox[7627]\" data-type=\"image\" class=\"fg-thumb\"><span class=\"fg-image-wrap\"><img decoding=\"async\" title=\"Foto: Sandra Schwarz\" width=\"300\" height=\"246\" class=\"skip-lazy fg-image\" data-src-fg=\"http:\/\/www.og-ommersheim.de\/wp-content\/uploads\/cache\/2018\/10\/IMG-20181028-WA0027\/1170807093.jpg\" src=\"data:image\/svg+xml,%3Csvg%20xmlns%3D%22http%3A%2F%2Fwww.w3.org%2F2000%2Fsvg%22%20width%3D%22300%22%20height%3D%22246%22%20viewBox%3D%220%200%20300%20246%22%3E%3C%2Fsvg%3E\" loading=\"eager\"><\/span><span class=\"fg-image-overlay\"><\/span><\/a><figcaption class=\"fg-caption\"><div class=\"fg-caption-inner\"><div class=\"fg-caption-title\">Foto: Sandra Schwarz<\/div><\/div><\/figcaption><\/figure><div class=\"fg-loader\"><\/div><\/div><div class=\"fg-item fg-type-image fg-idle\"><figure class=\"fg-item-inner\"><a href=\"http:\/\/www.og-ommersheim.de\/wp-content\/uploads\/2018\/10\/IMG-20181028-WA0028.jpg\" data-caption-title=\"Foto: Sandra Schwarz\" data-attachment-id=\"7481\" rel=\"lightbox[7627]\" data-type=\"image\" class=\"fg-thumb\"><span class=\"fg-image-wrap\"><img decoding=\"async\" title=\"Foto: Sandra Schwarz\" width=\"300\" height=\"246\" class=\"skip-lazy fg-image\" data-src-fg=\"http:\/\/www.og-ommersheim.de\/wp-content\/uploads\/cache\/2018\/10\/IMG-20181028-WA0028\/3337796548.jpg\" src=\"data:image\/svg+xml,%3Csvg%20xmlns%3D%22http%3A%2F%2Fwww.w3.org%2F2000%2Fsvg%22%20width%3D%22300%22%20height%3D%22246%22%20viewBox%3D%220%200%20300%20246%22%3E%3C%2Fsvg%3E\" loading=\"eager\"><\/span><span class=\"fg-image-overlay\"><\/span><\/a><figcaption class=\"fg-caption\"><div class=\"fg-caption-inner\"><div class=\"fg-caption-title\">Foto: Sandra Schwarz<\/div><\/div><\/figcaption><\/figure><div class=\"fg-loader\"><\/div><\/div><div class=\"fg-item fg-type-image fg-idle\"><figure class=\"fg-item-inner\"><a href=\"http:\/\/www.og-ommersheim.de\/wp-content\/uploads\/2018\/10\/IMG-20181028-WA0030.jpg\" data-caption-title=\"Foto: Sandra Schwarz\" data-attachment-id=\"7483\" rel=\"lightbox[7627]\" data-type=\"image\" class=\"fg-thumb\"><span class=\"fg-image-wrap\"><img decoding=\"async\" title=\"Foto: Sandra Schwarz\" width=\"300\" height=\"246\" class=\"skip-lazy fg-image\" data-src-fg=\"http:\/\/www.og-ommersheim.de\/wp-content\/uploads\/cache\/2018\/10\/IMG-20181028-WA0030\/3059471496.jpg\" src=\"data:image\/svg+xml,%3Csvg%20xmlns%3D%22http%3A%2F%2Fwww.w3.org%2F2000%2Fsvg%22%20width%3D%22300%22%20height%3D%22246%22%20viewBox%3D%220%200%20300%20246%22%3E%3C%2Fsvg%3E\" loading=\"eager\"><\/span><span class=\"fg-image-overlay\"><\/span><\/a><figcaption class=\"fg-caption\"><div class=\"fg-caption-inner\"><div class=\"fg-caption-title\">Foto: Sandra Schwarz<\/div><\/div><\/figcaption><\/figure><div class=\"fg-loader\"><\/div><\/div><div class=\"fg-item fg-type-image fg-idle\"><figure class=\"fg-item-inner\"><a href=\"http:\/\/www.og-ommersheim.de\/wp-content\/uploads\/2018\/10\/IMG-20181028-WA0031.jpg\" data-caption-title=\"Foto: Sandra Schwarz\" data-attachment-id=\"7484\" rel=\"lightbox[7627]\" data-type=\"image\" class=\"fg-thumb\"><span class=\"fg-image-wrap\"><img decoding=\"async\" title=\"Foto: Sandra Schwarz\" width=\"300\" height=\"246\" class=\"skip-lazy fg-image\" data-src-fg=\"http:\/\/www.og-ommersheim.de\/wp-content\/uploads\/cache\/2018\/10\/IMG-20181028-WA0031\/667075524.jpg\" src=\"data:image\/svg+xml,%3Csvg%20xmlns%3D%22http%3A%2F%2Fwww.w3.org%2F2000%2Fsvg%22%20width%3D%22300%22%20height%3D%22246%22%20viewBox%3D%220%200%20300%20246%22%3E%3C%2Fsvg%3E\" loading=\"eager\"><\/span><span class=\"fg-image-overlay\"><\/span><\/a><figcaption class=\"fg-caption\"><div class=\"fg-caption-inner\"><div class=\"fg-caption-title\">Foto: Sandra Schwarz<\/div><\/div><\/figcaption><\/figure><div class=\"fg-loader\"><\/div><\/div><div class=\"fg-item fg-type-image fg-idle\"><figure class=\"fg-item-inner\"><a href=\"http:\/\/www.og-ommersheim.de\/wp-content\/uploads\/2018\/10\/IMG-20181028-WA0032.jpg\" data-caption-title=\"Foto: Sandra Schwarz\" data-attachment-id=\"7485\" rel=\"lightbox[7627]\" data-type=\"image\" class=\"fg-thumb\"><span class=\"fg-image-wrap\"><img decoding=\"async\" title=\"Foto: Sandra Schwarz\" width=\"300\" height=\"246\" class=\"skip-lazy fg-image\" data-src-fg=\"http:\/\/www.og-ommersheim.de\/wp-content\/uploads\/cache\/2018\/10\/IMG-20181028-WA0032\/4082529402.jpg\" src=\"data:image\/svg+xml,%3Csvg%20xmlns%3D%22http%3A%2F%2Fwww.w3.org%2F2000%2Fsvg%22%20width%3D%22300%22%20height%3D%22246%22%20viewBox%3D%220%200%20300%20246%22%3E%3C%2Fsvg%3E\" loading=\"eager\"><\/span><span class=\"fg-image-overlay\"><\/span><\/a><figcaption class=\"fg-caption\"><div class=\"fg-caption-inner\"><div class=\"fg-caption-title\">Foto: Sandra Schwarz<\/div><\/div><\/figcaption><\/figure><div class=\"fg-loader\"><\/div><\/div><div class=\"fg-item fg-type-image fg-idle\"><figure class=\"fg-item-inner\"><a href=\"http:\/\/www.og-ommersheim.de\/wp-content\/uploads\/2018\/10\/IMG-20181028-WA0033.jpg\" data-caption-title=\"Foto: Sandra Schwarz\" data-attachment-id=\"7486\" rel=\"lightbox[7627]\" data-type=\"image\" class=\"fg-thumb\"><span class=\"fg-image-wrap\"><img decoding=\"async\" title=\"Foto: Sandra Schwarz\" width=\"300\" height=\"246\" class=\"skip-lazy fg-image\" data-src-fg=\"http:\/\/www.og-ommersheim.de\/wp-content\/uploads\/cache\/2018\/10\/IMG-20181028-WA0033\/3520111619.jpg\" src=\"data:image\/svg+xml,%3Csvg%20xmlns%3D%22http%3A%2F%2Fwww.w3.org%2F2000%2Fsvg%22%20width%3D%22300%22%20height%3D%22246%22%20viewBox%3D%220%200%20300%20246%22%3E%3C%2Fsvg%3E\" loading=\"eager\"><\/span><span class=\"fg-image-overlay\"><\/span><\/a><figcaption class=\"fg-caption\"><div class=\"fg-caption-inner\"><div class=\"fg-caption-title\">Foto: Sandra Schwarz<\/div><\/div><\/figcaption><\/figure><div class=\"fg-loader\"><\/div><\/div><div class=\"fg-item fg-type-image fg-idle\"><figure class=\"fg-item-inner\"><a href=\"http:\/\/www.og-ommersheim.de\/wp-content\/uploads\/2018\/10\/IMG-20181028-WA0034.jpg\" data-caption-title=\"Foto: Sandra Schwarz\" data-attachment-id=\"7487\" rel=\"lightbox[7627]\" data-type=\"image\" class=\"fg-thumb\"><span class=\"fg-image-wrap\"><img decoding=\"async\" title=\"Foto: Sandra Schwarz\" width=\"300\" height=\"246\" class=\"skip-lazy fg-image\" data-src-fg=\"http:\/\/www.og-ommersheim.de\/wp-content\/uploads\/cache\/2018\/10\/IMG-20181028-WA0034\/2165185863.jpg\" src=\"data:image\/svg+xml,%3Csvg%20xmlns%3D%22http%3A%2F%2Fwww.w3.org%2F2000%2Fsvg%22%20width%3D%22300%22%20height%3D%22246%22%20viewBox%3D%220%200%20300%20246%22%3E%3C%2Fsvg%3E\" loading=\"eager\"><\/span><span class=\"fg-image-overlay\"><\/span><\/a><figcaption class=\"fg-caption\"><div class=\"fg-caption-inner\"><div class=\"fg-caption-title\">Foto: Sandra Schwarz<\/div><\/div><\/figcaption><\/figure><div class=\"fg-loader\"><\/div><\/div><div class=\"fg-item fg-type-image fg-idle\"><figure class=\"fg-item-inner\"><a href=\"http:\/\/www.og-ommersheim.de\/wp-content\/uploads\/2018\/10\/IMG-20181028-WA0041.jpg\" data-caption-title=\"Foto: Sandra Schwarz\" data-attachment-id=\"7494\" rel=\"lightbox[7627]\" data-type=\"image\" class=\"fg-thumb\"><span class=\"fg-image-wrap\"><img decoding=\"async\" title=\"Foto: Sandra Schwarz\" width=\"300\" height=\"246\" class=\"skip-lazy fg-image\" data-src-fg=\"http:\/\/www.og-ommersheim.de\/wp-content\/uploads\/cache\/2018\/10\/IMG-20181028-WA0041\/1445173492.jpg\" src=\"data:image\/svg+xml,%3Csvg%20xmlns%3D%22http%3A%2F%2Fwww.w3.org%2F2000%2Fsvg%22%20width%3D%22300%22%20height%3D%22246%22%20viewBox%3D%220%200%20300%20246%22%3E%3C%2Fsvg%3E\" loading=\"eager\"><\/span><span class=\"fg-image-overlay\"><\/span><\/a><figcaption class=\"fg-caption\"><div class=\"fg-caption-inner\"><div class=\"fg-caption-title\">Foto: Sandra Schwarz<\/div><\/div><\/figcaption><\/figure><div class=\"fg-loader\"><\/div><\/div><div class=\"fg-item fg-type-image fg-idle\"><figure class=\"fg-item-inner\"><a href=\"http:\/\/www.og-ommersheim.de\/wp-content\/uploads\/2018\/10\/P1050119_.jpg\" data-caption-title=\"Foto: Stefan Lehnert\" data-attachment-id=\"7385\" rel=\"lightbox[7627]\" data-type=\"image\" class=\"fg-thumb\"><span class=\"fg-image-wrap\"><img decoding=\"async\" title=\"Foto: Stefan Lehnert\" width=\"300\" height=\"246\" class=\"skip-lazy fg-image\" data-src-fg=\"http:\/\/www.og-ommersheim.de\/wp-content\/uploads\/cache\/2018\/10\/P1050119_\/2531901419.jpg\" src=\"data:image\/svg+xml,%3Csvg%20xmlns%3D%22http%3A%2F%2Fwww.w3.org%2F2000%2Fsvg%22%20width%3D%22300%22%20height%3D%22246%22%20viewBox%3D%220%200%20300%20246%22%3E%3C%2Fsvg%3E\" loading=\"eager\"><\/span><span class=\"fg-image-overlay\"><\/span><\/a><figcaption class=\"fg-caption\"><div class=\"fg-caption-inner\"><div class=\"fg-caption-title\">Foto: Stefan Lehnert<\/div><\/div><\/figcaption><\/figure><div class=\"fg-loader\"><\/div><\/div><div class=\"fg-item fg-type-image fg-idle\"><figure class=\"fg-item-inner\"><a href=\"http:\/\/www.og-ommersheim.de\/wp-content\/uploads\/2018\/10\/P1050120_.jpg\" data-caption-title=\"Foto: Stefan Lehnert\" data-attachment-id=\"7386\" rel=\"lightbox[7627]\" data-type=\"image\" class=\"fg-thumb\"><span class=\"fg-image-wrap\"><img decoding=\"async\" title=\"Foto: Stefan Lehnert\" width=\"300\" height=\"246\" class=\"skip-lazy fg-image\" data-src-fg=\"http:\/\/www.og-ommersheim.de\/wp-content\/uploads\/cache\/2018\/10\/P1050120_\/2701074072.jpg\" src=\"data:image\/svg+xml,%3Csvg%20xmlns%3D%22http%3A%2F%2Fwww.w3.org%2F2000%2Fsvg%22%20width%3D%22300%22%20height%3D%22246%22%20viewBox%3D%220%200%20300%20246%22%3E%3C%2Fsvg%3E\" loading=\"eager\"><\/span><span class=\"fg-image-overlay\"><\/span><\/a><figcaption class=\"fg-caption\"><div class=\"fg-caption-inner\"><div class=\"fg-caption-title\">Foto: Stefan Lehnert<\/div><\/div><\/figcaption><\/figure><div class=\"fg-loader\"><\/div><\/div><div class=\"fg-item fg-type-image fg-idle\"><figure class=\"fg-item-inner\"><a href=\"http:\/\/www.og-ommersheim.de\/wp-content\/uploads\/2018\/10\/P1050121_.jpg\" data-caption-title=\"Foto: Stefan Lehnert\" data-attachment-id=\"7387\" rel=\"lightbox[7627]\" data-type=\"image\" class=\"fg-thumb\"><span class=\"fg-image-wrap\"><img decoding=\"async\" title=\"Foto: Stefan Lehnert\" width=\"300\" height=\"246\" class=\"skip-lazy fg-image\" data-src-fg=\"http:\/\/www.og-ommersheim.de\/wp-content\/uploads\/cache\/2018\/10\/P1050121_\/2566549186.jpg\" src=\"data:image\/svg+xml,%3Csvg%20xmlns%3D%22http%3A%2F%2Fwww.w3.org%2F2000%2Fsvg%22%20width%3D%22300%22%20height%3D%22246%22%20viewBox%3D%220%200%20300%20246%22%3E%3C%2Fsvg%3E\" loading=\"eager\"><\/span><span class=\"fg-image-overlay\"><\/span><\/a><figcaption class=\"fg-caption\"><div class=\"fg-caption-inner\"><div class=\"fg-caption-title\">Foto: Stefan Lehnert<\/div><\/div><\/figcaption><\/figure><div class=\"fg-loader\"><\/div><\/div><div class=\"fg-item fg-type-image fg-idle\"><figure class=\"fg-item-inner\"><a href=\"http:\/\/www.og-ommersheim.de\/wp-content\/uploads\/2018\/10\/P1050122_.jpg\" data-caption-title=\"Foto: Stefan Lehnert\" data-attachment-id=\"7388\" rel=\"lightbox[7627]\" data-type=\"image\" class=\"fg-thumb\"><span class=\"fg-image-wrap\"><img decoding=\"async\" title=\"Foto: Stefan Lehnert\" width=\"300\" height=\"246\" class=\"skip-lazy fg-image\" data-src-fg=\"http:\/\/www.og-ommersheim.de\/wp-content\/uploads\/cache\/2018\/10\/P1050122_\/3448654017.jpg\" src=\"data:image\/svg+xml,%3Csvg%20xmlns%3D%22http%3A%2F%2Fwww.w3.org%2F2000%2Fsvg%22%20width%3D%22300%22%20height%3D%22246%22%20viewBox%3D%220%200%20300%20246%22%3E%3C%2Fsvg%3E\" loading=\"eager\"><\/span><span class=\"fg-image-overlay\"><\/span><\/a><figcaption class=\"fg-caption\"><div class=\"fg-caption-inner\"><div class=\"fg-caption-title\">Foto: Stefan Lehnert<\/div><\/div><\/figcaption><\/figure><div class=\"fg-loader\"><\/div><\/div><div class=\"fg-item fg-type-image fg-idle\"><figure class=\"fg-item-inner\"><a href=\"http:\/\/www.og-ommersheim.de\/wp-content\/uploads\/2018\/10\/P1050124_.jpg\" data-caption-title=\"Foto: Stefan Lehnert\" data-attachment-id=\"7390\" rel=\"lightbox[7627]\" data-type=\"image\" class=\"fg-thumb\"><span class=\"fg-image-wrap\"><img decoding=\"async\" title=\"Foto: Stefan Lehnert\" width=\"300\" height=\"246\" class=\"skip-lazy fg-image\" data-src-fg=\"http:\/\/www.og-ommersheim.de\/wp-content\/uploads\/cache\/2018\/10\/P1050124_\/2052243814.jpg\" src=\"data:image\/svg+xml,%3Csvg%20xmlns%3D%22http%3A%2F%2Fwww.w3.org%2F2000%2Fsvg%22%20width%3D%22300%22%20height%3D%22246%22%20viewBox%3D%220%200%20300%20246%22%3E%3C%2Fsvg%3E\" loading=\"eager\"><\/span><span class=\"fg-image-overlay\"><\/span><\/a><figcaption class=\"fg-caption\"><div class=\"fg-caption-inner\"><div class=\"fg-caption-title\">Foto: Stefan Lehnert<\/div><\/div><\/figcaption><\/figure><div class=\"fg-loader\"><\/div><\/div><div class=\"fg-item fg-type-image fg-idle\"><figure class=\"fg-item-inner\"><a href=\"http:\/\/www.og-ommersheim.de\/wp-content\/uploads\/2018\/10\/P1050125_.jpg\" data-caption-title=\"Foto: Stefan Lehnert\" data-attachment-id=\"7391\" rel=\"lightbox[7627]\" data-type=\"image\" class=\"fg-thumb\"><span class=\"fg-image-wrap\"><img decoding=\"async\" title=\"Foto: Stefan Lehnert\" width=\"300\" height=\"246\" class=\"skip-lazy fg-image\" data-src-fg=\"http:\/\/www.og-ommersheim.de\/wp-content\/uploads\/cache\/2018\/10\/P1050125_\/1113043260.jpg\" src=\"data:image\/svg+xml,%3Csvg%20xmlns%3D%22http%3A%2F%2Fwww.w3.org%2F2000%2Fsvg%22%20width%3D%22300%22%20height%3D%22246%22%20viewBox%3D%220%200%20300%20246%22%3E%3C%2Fsvg%3E\" loading=\"eager\"><\/span><span class=\"fg-image-overlay\"><\/span><\/a><figcaption class=\"fg-caption\"><div class=\"fg-caption-inner\"><div class=\"fg-caption-title\">Foto: Stefan Lehnert<\/div><\/div><\/figcaption><\/figure><div class=\"fg-loader\"><\/div><\/div><div class=\"fg-item fg-type-image fg-idle\"><figure class=\"fg-item-inner\"><a href=\"http:\/\/www.og-ommersheim.de\/wp-content\/uploads\/2018\/10\/P1050126_.jpg\" data-caption-title=\"Foto: Stefan Lehnert\" data-attachment-id=\"7392\" rel=\"lightbox[7627]\" data-type=\"image\" class=\"fg-thumb\"><span class=\"fg-image-wrap\"><img decoding=\"async\" title=\"Foto: Stefan Lehnert\" width=\"300\" height=\"246\" class=\"skip-lazy fg-image\" data-src-fg=\"http:\/\/www.og-ommersheim.de\/wp-content\/uploads\/cache\/2018\/10\/P1050126_\/173547986.jpg\" src=\"data:image\/svg+xml,%3Csvg%20xmlns%3D%22http%3A%2F%2Fwww.w3.org%2F2000%2Fsvg%22%20width%3D%22300%22%20height%3D%22246%22%20viewBox%3D%220%200%20300%20246%22%3E%3C%2Fsvg%3E\" loading=\"eager\"><\/span><span class=\"fg-image-overlay\"><\/span><\/a><figcaption class=\"fg-caption\"><div class=\"fg-caption-inner\"><div class=\"fg-caption-title\">Foto: Stefan Lehnert<\/div><\/div><\/figcaption><\/figure><div class=\"fg-loader\"><\/div><\/div><div class=\"fg-item fg-type-image fg-idle\"><figure class=\"fg-item-inner\"><a href=\"http:\/\/www.og-ommersheim.de\/wp-content\/uploads\/2018\/10\/P1050127_.jpg\" data-caption-title=\"Foto: Stefan Lehnert\" data-attachment-id=\"7393\" rel=\"lightbox[7627]\" data-type=\"image\" class=\"fg-thumb\"><span class=\"fg-image-wrap\"><img decoding=\"async\" title=\"Foto: Stefan Lehnert\" width=\"300\" height=\"246\" class=\"skip-lazy fg-image\" data-src-fg=\"http:\/\/www.og-ommersheim.de\/wp-content\/uploads\/cache\/2018\/10\/P1050127_\/844976520.jpg\" src=\"data:image\/svg+xml,%3Csvg%20xmlns%3D%22http%3A%2F%2Fwww.w3.org%2F2000%2Fsvg%22%20width%3D%22300%22%20height%3D%22246%22%20viewBox%3D%220%200%20300%20246%22%3E%3C%2Fsvg%3E\" loading=\"eager\"><\/span><span class=\"fg-image-overlay\"><\/span><\/a><figcaption class=\"fg-caption\"><div class=\"fg-caption-inner\"><div class=\"fg-caption-title\">Foto: Stefan Lehnert<\/div><\/div><\/figcaption><\/figure><div class=\"fg-loader\"><\/div><\/div><div class=\"fg-item fg-type-image fg-idle\"><figure class=\"fg-item-inner\"><a href=\"http:\/\/www.og-ommersheim.de\/wp-content\/uploads\/2018\/10\/P1050128_.jpg\" data-caption-title=\"Foto: Stefan Lehnert\" data-attachment-id=\"7394\" rel=\"lightbox[7627]\" data-type=\"image\" class=\"fg-thumb\"><span class=\"fg-image-wrap\"><img decoding=\"async\" title=\"Foto: Stefan Lehnert\" width=\"300\" height=\"246\" class=\"skip-lazy fg-image\" data-src-fg=\"http:\/\/www.og-ommersheim.de\/wp-content\/uploads\/cache\/2018\/10\/P1050128_\/564109846.jpg\" src=\"data:image\/svg+xml,%3Csvg%20xmlns%3D%22http%3A%2F%2Fwww.w3.org%2F2000%2Fsvg%22%20width%3D%22300%22%20height%3D%22246%22%20viewBox%3D%220%200%20300%20246%22%3E%3C%2Fsvg%3E\" loading=\"eager\"><\/span><span class=\"fg-image-overlay\"><\/span><\/a><figcaption class=\"fg-caption\"><div class=\"fg-caption-inner\"><div class=\"fg-caption-title\">Foto: Stefan Lehnert<\/div><\/div><\/figcaption><\/figure><div class=\"fg-loader\"><\/div><\/div><div class=\"fg-item fg-type-image fg-idle\"><figure class=\"fg-item-inner\"><a href=\"http:\/\/www.og-ommersheim.de\/wp-content\/uploads\/2018\/10\/P1050129_.jpg\" data-caption-title=\"Foto: Stefan Lehnert\" data-attachment-id=\"7395\" rel=\"lightbox[7627]\" data-type=\"image\" class=\"fg-thumb\"><span class=\"fg-image-wrap\"><img decoding=\"async\" title=\"Foto: Stefan Lehnert\" width=\"300\" height=\"246\" class=\"skip-lazy fg-image\" data-src-fg=\"http:\/\/www.og-ommersheim.de\/wp-content\/uploads\/cache\/2018\/10\/P1050129_\/429576780.jpg\" src=\"data:image\/svg+xml,%3Csvg%20xmlns%3D%22http%3A%2F%2Fwww.w3.org%2F2000%2Fsvg%22%20width%3D%22300%22%20height%3D%22246%22%20viewBox%3D%220%200%20300%20246%22%3E%3C%2Fsvg%3E\" loading=\"eager\"><\/span><span class=\"fg-image-overlay\"><\/span><\/a><figcaption class=\"fg-caption\"><div class=\"fg-caption-inner\"><div class=\"fg-caption-title\">Foto: Stefan Lehnert<\/div><\/div><\/figcaption><\/figure><div class=\"fg-loader\"><\/div><\/div><div class=\"fg-item fg-type-image fg-idle\"><figure class=\"fg-item-inner\"><a href=\"http:\/\/www.og-ommersheim.de\/wp-content\/uploads\/2018\/10\/P1050130_.jpg\" data-caption-title=\"Foto: Stefan Lehnert\" data-attachment-id=\"7396\" rel=\"lightbox[7627]\" data-type=\"image\" class=\"fg-thumb\"><span class=\"fg-image-wrap\"><img decoding=\"async\" title=\"Foto: Stefan Lehnert\" width=\"300\" height=\"246\" class=\"skip-lazy fg-image\" data-src-fg=\"http:\/\/www.og-ommersheim.de\/wp-content\/uploads\/cache\/2018\/10\/P1050130_\/729391874.jpg\" src=\"data:image\/svg+xml,%3Csvg%20xmlns%3D%22http%3A%2F%2Fwww.w3.org%2F2000%2Fsvg%22%20width%3D%22300%22%20height%3D%22246%22%20viewBox%3D%220%200%20300%20246%22%3E%3C%2Fsvg%3E\" loading=\"eager\"><\/span><span class=\"fg-image-overlay\"><\/span><\/a><figcaption class=\"fg-caption\"><div class=\"fg-caption-inner\"><div class=\"fg-caption-title\">Foto: Stefan Lehnert<\/div><\/div><\/figcaption><\/figure><div class=\"fg-loader\"><\/div><\/div><div class=\"fg-item fg-type-image fg-idle\"><figure class=\"fg-item-inner\"><a href=\"http:\/\/www.og-ommersheim.de\/wp-content\/uploads\/2018\/10\/IMG-20181028-WA0144.jpg\" data-caption-title=\"Foto: Sandra Schwarz\" data-attachment-id=\"7597\" rel=\"lightbox[7627]\" data-type=\"image\" class=\"fg-thumb\"><span class=\"fg-image-wrap\"><img decoding=\"async\" title=\"Foto: Sandra Schwarz\" width=\"300\" height=\"246\" class=\"skip-lazy fg-image\" data-src-fg=\"http:\/\/www.og-ommersheim.de\/wp-content\/uploads\/cache\/2018\/10\/IMG-20181028-WA0144\/3680102343.jpg\" src=\"data:image\/svg+xml,%3Csvg%20xmlns%3D%22http%3A%2F%2Fwww.w3.org%2F2000%2Fsvg%22%20width%3D%22300%22%20height%3D%22246%22%20viewBox%3D%220%200%20300%20246%22%3E%3C%2Fsvg%3E\" loading=\"eager\"><\/span><span class=\"fg-image-overlay\"><\/span><\/a><figcaption class=\"fg-caption\"><div class=\"fg-caption-inner\"><div class=\"fg-caption-title\">Foto: Sandra Schwarz<\/div><\/div><\/figcaption><\/figure><div class=\"fg-loader\"><\/div><\/div><div class=\"fg-item fg-type-image fg-idle\"><figure class=\"fg-item-inner\"><a href=\"http:\/\/www.og-ommersheim.de\/wp-content\/uploads\/2018\/10\/IMG-20181028-WA0145.jpg\" data-caption-title=\"Foto: Sandra Schwarz\" data-attachment-id=\"7598\" rel=\"lightbox[7627]\" data-type=\"image\" class=\"fg-thumb\"><span class=\"fg-image-wrap\"><img decoding=\"async\" title=\"Foto: Sandra Schwarz\" width=\"300\" height=\"246\" class=\"skip-lazy fg-image\" data-src-fg=\"http:\/\/www.og-ommersheim.de\/wp-content\/uploads\/cache\/2018\/10\/IMG-20181028-WA0145\/4153309344.jpg\" src=\"data:image\/svg+xml,%3Csvg%20xmlns%3D%22http%3A%2F%2Fwww.w3.org%2F2000%2Fsvg%22%20width%3D%22300%22%20height%3D%22246%22%20viewBox%3D%220%200%20300%20246%22%3E%3C%2Fsvg%3E\" loading=\"eager\"><\/span><span class=\"fg-image-overlay\"><\/span><\/a><figcaption class=\"fg-caption\"><div class=\"fg-caption-inner\"><div class=\"fg-caption-title\">Foto: Sandra Schwarz<\/div><\/div><\/figcaption><\/figure><div class=\"fg-loader\"><\/div><\/div><div class=\"fg-item fg-type-image fg-idle\"><figure class=\"fg-item-inner\"><a href=\"http:\/\/www.og-ommersheim.de\/wp-content\/uploads\/2018\/10\/IMG-20181028-WA0150.jpg\" data-caption-title=\"Foto: Sandra Schwarz\" data-attachment-id=\"7603\" rel=\"lightbox[7627]\" data-type=\"image\" class=\"fg-thumb\"><span class=\"fg-image-wrap\"><img decoding=\"async\" title=\"Foto: Sandra Schwarz\" width=\"300\" height=\"246\" class=\"skip-lazy fg-image\" data-src-fg=\"http:\/\/www.og-ommersheim.de\/wp-content\/uploads\/cache\/2018\/10\/IMG-20181028-WA0150\/3575308969.jpg\" src=\"data:image\/svg+xml,%3Csvg%20xmlns%3D%22http%3A%2F%2Fwww.w3.org%2F2000%2Fsvg%22%20width%3D%22300%22%20height%3D%22246%22%20viewBox%3D%220%200%20300%20246%22%3E%3C%2Fsvg%3E\" loading=\"eager\"><\/span><span class=\"fg-image-overlay\"><\/span><\/a><figcaption class=\"fg-caption\"><div class=\"fg-caption-inner\"><div class=\"fg-caption-title\">Foto: Sandra Schwarz<\/div><\/div><\/figcaption><\/figure><div class=\"fg-loader\"><\/div><\/div><div class=\"fg-item fg-type-image fg-idle\"><figure class=\"fg-item-inner\"><a href=\"http:\/\/www.og-ommersheim.de\/wp-content\/uploads\/2018\/10\/IMG-20181028-WA0153.jpg\" data-caption-title=\"Foto: Sandra Schwarz\" data-attachment-id=\"7606\" rel=\"lightbox[7627]\" data-type=\"image\" class=\"fg-thumb\"><span class=\"fg-image-wrap\"><img decoding=\"async\" title=\"Foto: Sandra Schwarz\" width=\"300\" height=\"246\" class=\"skip-lazy fg-image\" data-src-fg=\"http:\/\/www.og-ommersheim.de\/wp-content\/uploads\/cache\/2018\/10\/IMG-20181028-WA0153\/2995884578.jpg\" src=\"data:image\/svg+xml,%3Csvg%20xmlns%3D%22http%3A%2F%2Fwww.w3.org%2F2000%2Fsvg%22%20width%3D%22300%22%20height%3D%22246%22%20viewBox%3D%220%200%20300%20246%22%3E%3C%2Fsvg%3E\" loading=\"eager\"><\/span><span class=\"fg-image-overlay\"><\/span><\/a><figcaption class=\"fg-caption\"><div class=\"fg-caption-inner\"><div class=\"fg-caption-title\">Foto: Sandra Schwarz<\/div><\/div><\/figcaption><\/figure><div class=\"fg-loader\"><\/div><\/div><div class=\"fg-item fg-type-image fg-idle\"><figure class=\"fg-item-inner\"><a href=\"http:\/\/www.og-ommersheim.de\/wp-content\/uploads\/2018\/10\/IMG-20181028-WA0154.jpg\" data-caption-title=\"Foto: Sandra Schwarz\" data-attachment-id=\"7607\" rel=\"lightbox[7627]\" data-type=\"image\" class=\"fg-thumb\"><span class=\"fg-image-wrap\"><img decoding=\"async\" title=\"Foto: Sandra Schwarz\" width=\"300\" height=\"246\" class=\"skip-lazy fg-image\" data-src-fg=\"http:\/\/www.og-ommersheim.de\/wp-content\/uploads\/cache\/2018\/10\/IMG-20181028-WA0154\/3796839270.jpg\" src=\"data:image\/svg+xml,%3Csvg%20xmlns%3D%22http%3A%2F%2Fwww.w3.org%2F2000%2Fsvg%22%20width%3D%22300%22%20height%3D%22246%22%20viewBox%3D%220%200%20300%20246%22%3E%3C%2Fsvg%3E\" loading=\"eager\"><\/span><span class=\"fg-image-overlay\"><\/span><\/a><figcaption class=\"fg-caption\"><div class=\"fg-caption-inner\"><div class=\"fg-caption-title\">Foto: Sandra Schwarz<\/div><\/div><\/figcaption><\/figure><div class=\"fg-loader\"><\/div><\/div><div class=\"fg-item fg-type-image fg-idle\"><figure class=\"fg-item-inner\"><a href=\"http:\/\/www.og-ommersheim.de\/wp-content\/uploads\/2018\/10\/IMG-20181028-WA0155.jpg\" data-caption-title=\"Foto: Sandra Schwarz\" data-attachment-id=\"7608\" rel=\"lightbox[7627]\" data-type=\"image\" class=\"fg-thumb\"><span class=\"fg-image-wrap\"><img decoding=\"async\" title=\"Foto: Sandra Schwarz\" width=\"300\" height=\"246\" class=\"skip-lazy fg-image\" data-src-fg=\"http:\/\/www.og-ommersheim.de\/wp-content\/uploads\/cache\/2018\/10\/IMG-20181028-WA0155\/3466114049.jpg\" src=\"data:image\/svg+xml,%3Csvg%20xmlns%3D%22http%3A%2F%2Fwww.w3.org%2F2000%2Fsvg%22%20width%3D%22300%22%20height%3D%22246%22%20viewBox%3D%220%200%20300%20246%22%3E%3C%2Fsvg%3E\" loading=\"eager\"><\/span><span class=\"fg-image-overlay\"><\/span><\/a><figcaption class=\"fg-caption\"><div class=\"fg-caption-inner\"><div class=\"fg-caption-title\">Foto: Sandra Schwarz<\/div><\/div><\/figcaption><\/figure><div class=\"fg-loader\"><\/div><\/div><div class=\"fg-item fg-type-image fg-idle\"><figure class=\"fg-item-inner\"><a href=\"http:\/\/www.og-ommersheim.de\/wp-content\/uploads\/2018\/10\/IMG-20181028-WA0157.jpg\" data-caption-title=\"Foto: Sandra Schwarz\" data-attachment-id=\"7610\" rel=\"lightbox[7627]\" data-type=\"image\" class=\"fg-thumb\"><span class=\"fg-image-wrap\"><img decoding=\"async\" title=\"Foto: Sandra Schwarz\" width=\"300\" height=\"246\" class=\"skip-lazy fg-image\" data-src-fg=\"http:\/\/www.og-ommersheim.de\/wp-content\/uploads\/cache\/2018\/10\/IMG-20181028-WA0157\/611519918.jpg\" src=\"data:image\/svg+xml,%3Csvg%20xmlns%3D%22http%3A%2F%2Fwww.w3.org%2F2000%2Fsvg%22%20width%3D%22300%22%20height%3D%22246%22%20viewBox%3D%220%200%20300%20246%22%3E%3C%2Fsvg%3E\" loading=\"eager\"><\/span><span class=\"fg-image-overlay\"><\/span><\/a><figcaption class=\"fg-caption\"><div class=\"fg-caption-inner\"><div class=\"fg-caption-title\">Foto: Sandra Schwarz<\/div><\/div><\/figcaption><\/figure><div class=\"fg-loader\"><\/div><\/div><div class=\"fg-item fg-type-image fg-idle\"><figure class=\"fg-item-inner\"><a href=\"http:\/\/www.og-ommersheim.de\/wp-content\/uploads\/2018\/10\/IMG-20181028-WA0158.jpg\" data-caption-title=\"Foto: Sandra Schwarz\" data-attachment-id=\"7611\" rel=\"lightbox[7627]\" data-type=\"image\" class=\"fg-thumb\"><span class=\"fg-image-wrap\"><img decoding=\"async\" title=\"Foto: Sandra Schwarz\" width=\"300\" height=\"246\" class=\"skip-lazy fg-image\" data-src-fg=\"http:\/\/www.og-ommersheim.de\/wp-content\/uploads\/cache\/2018\/10\/IMG-20181028-WA0158\/2806558559.jpg\" src=\"data:image\/svg+xml,%3Csvg%20xmlns%3D%22http%3A%2F%2Fwww.w3.org%2F2000%2Fsvg%22%20width%3D%22300%22%20height%3D%22246%22%20viewBox%3D%220%200%20300%20246%22%3E%3C%2Fsvg%3E\" loading=\"eager\"><\/span><span class=\"fg-image-overlay\"><\/span><\/a><figcaption class=\"fg-caption\"><div class=\"fg-caption-inner\"><div class=\"fg-caption-title\">Foto: Sandra Schwarz<\/div><\/div><\/figcaption><\/figure><div class=\"fg-loader\"><\/div><\/div>    <\/div>\n<\/div>\n\n<div class=\"foogallery foogallery-container foogallery-thumbnail foogallery-single-thumbnail foogallery-lightbox-foobox fg-center fg-thumbnail fg-ready fg-light fg-border-thin fg-shadow-outline fg-loading-default fg-loaded-fade-in fg-caption-hover fg-hover-fade fg-hover-zoom\" id=\"foogallery-gallery-7629\" data-foogallery=\"{&quot;item&quot;:{&quot;showCaptionTitle&quot;:true,&quot;showCaptionDescription&quot;:true},&quot;lazy&quot;:true}\" style=\"--fg-title-line-clamp: 0; --fg-description-line-clamp: 0;\" >\n    <div class=\"fg-item fg-type-image fg-idle\"><figure class=\"fg-item-inner\"><a href=\"http:\/\/www.og-ommersheim.de\/wp-content\/uploads\/2018\/10\/P1050049_.jpg\" data-caption-title=\"Foto: Stefan Lehnert\" data-attachment-id=\"7315\" rel=\"lightbox[7629]\" data-type=\"image\" class=\"fg-thumb\"><span class=\"fg-image-wrap\"><img decoding=\"async\" title=\"Foto: Stefan Lehnert\" width=\"300\" height=\"250\" class=\"skip-lazy fg-image\" data-src-fg=\"http:\/\/www.og-ommersheim.de\/wp-content\/uploads\/cache\/2018\/10\/P1050049_\/2941598902.jpg\" src=\"data:image\/svg+xml,%3Csvg%20xmlns%3D%22http%3A%2F%2Fwww.w3.org%2F2000%2Fsvg%22%20width%3D%22300%22%20height%3D%22250%22%20viewBox%3D%220%200%20300%20250%22%3E%3C%2Fsvg%3E\" loading=\"eager\"><\/span><span class=\"fg-image-overlay\"><\/span><\/a><figcaption class=\"fg-caption\"><div class=\"fg-caption-inner\"><div class=\"fg-caption-desc\">Jaqueline und Eyk BH<\/div><\/div><\/figcaption><\/figure><div class=\"fg-loader\"><\/div><\/div>        <div class=\"fg-st-hidden\">\n        <div class=\"fg-item fg-type-image fg-idle\"><figure class=\"fg-item-inner\"><a href=\"http:\/\/www.og-ommersheim.de\/wp-content\/uploads\/2018\/10\/P1050065_.jpg\" data-caption-title=\"Foto: Stefan Lehnert\" data-attachment-id=\"7331\" rel=\"lightbox[7629]\" data-type=\"image\" class=\"fg-thumb\"><span class=\"fg-image-wrap\"><img decoding=\"async\" title=\"Foto: Stefan Lehnert\" width=\"300\" height=\"250\" class=\"skip-lazy fg-image\" data-src-fg=\"http:\/\/www.og-ommersheim.de\/wp-content\/uploads\/cache\/2018\/10\/P1050065_\/2189499272.jpg\" src=\"data:image\/svg+xml,%3Csvg%20xmlns%3D%22http%3A%2F%2Fwww.w3.org%2F2000%2Fsvg%22%20width%3D%22300%22%20height%3D%22250%22%20viewBox%3D%220%200%20300%20250%22%3E%3C%2Fsvg%3E\" loading=\"eager\"><\/span><span class=\"fg-image-overlay\"><\/span><\/a><figcaption class=\"fg-caption\"><div class=\"fg-caption-inner\"><div class=\"fg-caption-title\">Foto: Stefan Lehnert<\/div><\/div><\/figcaption><\/figure><div class=\"fg-loader\"><\/div><\/div><div class=\"fg-item fg-type-image fg-idle\"><figure class=\"fg-item-inner\"><a href=\"http:\/\/www.og-ommersheim.de\/wp-content\/uploads\/2018\/10\/P1050066_.jpg\" data-caption-title=\"Foto: Stefan Lehnert\" data-attachment-id=\"7332\" rel=\"lightbox[7629]\" data-type=\"image\" class=\"fg-thumb\"><span class=\"fg-image-wrap\"><img decoding=\"async\" title=\"Foto: Stefan Lehnert\" width=\"300\" height=\"250\" class=\"skip-lazy fg-image\" data-src-fg=\"http:\/\/www.og-ommersheim.de\/wp-content\/uploads\/cache\/2018\/10\/P1050066_\/3398339430.jpg\" src=\"data:image\/svg+xml,%3Csvg%20xmlns%3D%22http%3A%2F%2Fwww.w3.org%2F2000%2Fsvg%22%20width%3D%22300%22%20height%3D%22250%22%20viewBox%3D%220%200%20300%20250%22%3E%3C%2Fsvg%3E\" loading=\"eager\"><\/span><span class=\"fg-image-overlay\"><\/span><\/a><figcaption class=\"fg-caption\"><div class=\"fg-caption-inner\"><div class=\"fg-caption-title\">Foto: Stefan Lehnert<\/div><\/div><\/figcaption><\/figure><div class=\"fg-loader\"><\/div><\/div><div class=\"fg-item fg-type-image fg-idle\"><figure class=\"fg-item-inner\"><a href=\"http:\/\/www.og-ommersheim.de\/wp-content\/uploads\/2018\/10\/P1050067_.jpg\" data-caption-title=\"Foto: Stefan Lehnert\" data-attachment-id=\"7333\" rel=\"lightbox[7629]\" data-type=\"image\" class=\"fg-thumb\"><span class=\"fg-image-wrap\"><img decoding=\"async\" title=\"Foto: Stefan Lehnert\" width=\"300\" height=\"250\" class=\"skip-lazy fg-image\" data-src-fg=\"http:\/\/www.og-ommersheim.de\/wp-content\/uploads\/cache\/2018\/10\/P1050067_\/4069260092.jpg\" src=\"data:image\/svg+xml,%3Csvg%20xmlns%3D%22http%3A%2F%2Fwww.w3.org%2F2000%2Fsvg%22%20width%3D%22300%22%20height%3D%22250%22%20viewBox%3D%220%200%20300%20250%22%3E%3C%2Fsvg%3E\" loading=\"eager\"><\/span><span class=\"fg-image-overlay\"><\/span><\/a><figcaption class=\"fg-caption\"><div class=\"fg-caption-inner\"><div class=\"fg-caption-title\">Foto: Stefan Lehnert<\/div><\/div><\/figcaption><\/figure><div class=\"fg-loader\"><\/div><\/div><div class=\"fg-item fg-type-image fg-idle\"><figure class=\"fg-item-inner\"><a href=\"http:\/\/www.og-ommersheim.de\/wp-content\/uploads\/2018\/10\/P1050068_.jpg\" data-caption-title=\"Foto: Stefan Lehnert\" data-attachment-id=\"7334\" rel=\"lightbox[7629]\" data-type=\"image\" class=\"fg-thumb\"><span class=\"fg-image-wrap\"><img decoding=\"async\" title=\"Foto: Stefan Lehnert\" width=\"300\" height=\"250\" class=\"skip-lazy fg-image\" data-src-fg=\"http:\/\/www.og-ommersheim.de\/wp-content\/uploads\/cache\/2018\/10\/P1050068_\/3779659938.jpg\" src=\"data:image\/svg+xml,%3Csvg%20xmlns%3D%22http%3A%2F%2Fwww.w3.org%2F2000%2Fsvg%22%20width%3D%22300%22%20height%3D%22250%22%20viewBox%3D%220%200%20300%20250%22%3E%3C%2Fsvg%3E\" loading=\"eager\"><\/span><span class=\"fg-image-overlay\"><\/span><\/a><figcaption class=\"fg-caption\"><div class=\"fg-caption-inner\"><div class=\"fg-caption-title\">Foto: Stefan Lehnert<\/div><\/div><\/figcaption><\/figure><div class=\"fg-loader\"><\/div><\/div><div class=\"fg-item fg-type-image fg-idle\"><figure class=\"fg-item-inner\"><a href=\"http:\/\/www.og-ommersheim.de\/wp-content\/uploads\/2018\/10\/P1050069_.jpg\" data-caption-title=\"Foto: Stefan Lehnert\" data-attachment-id=\"7335\" rel=\"lightbox[7629]\" data-type=\"image\" class=\"fg-thumb\"><span class=\"fg-image-wrap\"><img decoding=\"async\" title=\"Foto: Stefan Lehnert\" width=\"300\" height=\"250\" class=\"skip-lazy fg-image\" data-src-fg=\"http:\/\/www.og-ommersheim.de\/wp-content\/uploads\/cache\/2018\/10\/P1050069_\/3645667576.jpg\" src=\"data:image\/svg+xml,%3Csvg%20xmlns%3D%22http%3A%2F%2Fwww.w3.org%2F2000%2Fsvg%22%20width%3D%22300%22%20height%3D%22250%22%20viewBox%3D%220%200%20300%20250%22%3E%3C%2Fsvg%3E\" loading=\"eager\"><\/span><span class=\"fg-image-overlay\"><\/span><\/a><figcaption class=\"fg-caption\"><div class=\"fg-caption-inner\"><div class=\"fg-caption-title\">Foto: Stefan Lehnert<\/div><\/div><\/figcaption><\/figure><div class=\"fg-loader\"><\/div><\/div><div class=\"fg-item fg-type-image fg-idle\"><figure class=\"fg-item-inner\"><a href=\"http:\/\/www.og-ommersheim.de\/wp-content\/uploads\/2018\/10\/P1050070_.jpg\" data-caption-title=\"Foto: Stefan Lehnert\" data-attachment-id=\"7336\" rel=\"lightbox[7629]\" data-type=\"image\" class=\"fg-thumb\"><span class=\"fg-image-wrap\"><img decoding=\"async\" title=\"Foto: Stefan Lehnert\" width=\"300\" height=\"250\" class=\"skip-lazy fg-image\" data-src-fg=\"http:\/\/www.og-ommersheim.de\/wp-content\/uploads\/cache\/2018\/10\/P1050070_\/3954117046.jpg\" src=\"data:image\/svg+xml,%3Csvg%20xmlns%3D%22http%3A%2F%2Fwww.w3.org%2F2000%2Fsvg%22%20width%3D%22300%22%20height%3D%22250%22%20viewBox%3D%220%200%20300%20250%22%3E%3C%2Fsvg%3E\" loading=\"eager\"><\/span><span class=\"fg-image-overlay\"><\/span><\/a><figcaption class=\"fg-caption\"><div class=\"fg-caption-inner\"><div class=\"fg-caption-title\">Foto: Stefan Lehnert<\/div><\/div><\/figcaption><\/figure><div class=\"fg-loader\"><\/div><\/div><div class=\"fg-item fg-type-image fg-idle\"><figure class=\"fg-item-inner\"><a href=\"http:\/\/www.og-ommersheim.de\/wp-content\/uploads\/2018\/10\/P1050071_.jpg\" data-caption-title=\"Foto: Stefan Lehnert\" data-attachment-id=\"7337\" rel=\"lightbox[7629]\" data-type=\"image\" class=\"fg-thumb\"><span class=\"fg-image-wrap\"><img decoding=\"async\" title=\"Foto: Stefan Lehnert\" width=\"300\" height=\"250\" class=\"skip-lazy fg-image\" data-src-fg=\"http:\/\/www.og-ommersheim.de\/wp-content\/uploads\/cache\/2018\/10\/P1050071_\/3551164908.jpg\" src=\"data:image\/svg+xml,%3Csvg%20xmlns%3D%22http%3A%2F%2Fwww.w3.org%2F2000%2Fsvg%22%20width%3D%22300%22%20height%3D%22250%22%20viewBox%3D%220%200%20300%20250%22%3E%3C%2Fsvg%3E\" loading=\"eager\"><\/span><span class=\"fg-image-overlay\"><\/span><\/a><figcaption class=\"fg-caption\"><div class=\"fg-caption-inner\"><div class=\"fg-caption-title\">Foto: Stefan Lehnert<\/div><\/div><\/figcaption><\/figure><div class=\"fg-loader\"><\/div><\/div><div class=\"fg-item fg-type-image fg-idle\"><figure class=\"fg-item-inner\"><a href=\"http:\/\/www.og-ommersheim.de\/wp-content\/uploads\/2018\/10\/P1050072_.jpg\" data-caption-title=\"Foto: Stefan Lehnert\" data-attachment-id=\"7338\" rel=\"lightbox[7629]\" data-type=\"image\" class=\"fg-thumb\"><span class=\"fg-image-wrap\"><img decoding=\"async\" title=\"Foto: Stefan Lehnert\" width=\"300\" height=\"250\" class=\"skip-lazy fg-image\" data-src-fg=\"http:\/\/www.og-ommersheim.de\/wp-content\/uploads\/cache\/2018\/10\/P1050072_\/2262720495.jpg\" src=\"data:image\/svg+xml,%3Csvg%20xmlns%3D%22http%3A%2F%2Fwww.w3.org%2F2000%2Fsvg%22%20width%3D%22300%22%20height%3D%22250%22%20viewBox%3D%220%200%20300%20250%22%3E%3C%2Fsvg%3E\" loading=\"eager\"><\/span><span class=\"fg-image-overlay\"><\/span><\/a><figcaption class=\"fg-caption\"><div class=\"fg-caption-inner\"><div class=\"fg-caption-title\">Foto: Stefan Lehnert<\/div><\/div><\/figcaption><\/figure><div class=\"fg-loader\"><\/div><\/div><div class=\"fg-item fg-type-image fg-idle\"><figure class=\"fg-item-inner\"><a href=\"http:\/\/www.og-ommersheim.de\/wp-content\/uploads\/2018\/10\/P1050073_.jpg\" data-caption-title=\"Foto: Stefan Lehnert\" data-attachment-id=\"7339\" rel=\"lightbox[7629]\" data-type=\"image\" class=\"fg-thumb\"><span class=\"fg-image-wrap\"><img decoding=\"async\" title=\"Foto: Stefan Lehnert\" width=\"300\" height=\"250\" class=\"skip-lazy fg-image\" data-src-fg=\"http:\/\/www.og-ommersheim.de\/wp-content\/uploads\/cache\/2018\/10\/P1050073_\/3202035637.jpg\" src=\"data:image\/svg+xml,%3Csvg%20xmlns%3D%22http%3A%2F%2Fwww.w3.org%2F2000%2Fsvg%22%20width%3D%22300%22%20height%3D%22250%22%20viewBox%3D%220%200%20300%20250%22%3E%3C%2Fsvg%3E\" loading=\"eager\"><\/span><span class=\"fg-image-overlay\"><\/span><\/a><figcaption class=\"fg-caption\"><div class=\"fg-caption-inner\"><div class=\"fg-caption-title\">Foto: Stefan Lehnert<\/div><\/div><\/figcaption><\/figure><div class=\"fg-loader\"><\/div><\/div><div class=\"fg-item fg-type-image fg-idle\"><figure class=\"fg-item-inner\"><a href=\"http:\/\/www.og-ommersheim.de\/wp-content\/uploads\/2018\/10\/P1050074_.jpg\" data-caption-title=\"Foto: Stefan Lehnert\" data-attachment-id=\"7340\" rel=\"lightbox[7629]\" data-type=\"image\" class=\"fg-thumb\"><span class=\"fg-image-wrap\"><img decoding=\"async\" title=\"Foto: Stefan Lehnert\" width=\"300\" height=\"250\" class=\"skip-lazy fg-image\" data-src-fg=\"http:\/\/www.og-ommersheim.de\/wp-content\/uploads\/cache\/2018\/10\/P1050074_\/3018401745.jpg\" src=\"data:image\/svg+xml,%3Csvg%20xmlns%3D%22http%3A%2F%2Fwww.w3.org%2F2000%2Fsvg%22%20width%3D%22300%22%20height%3D%22250%22%20viewBox%3D%220%200%20300%20250%22%3E%3C%2Fsvg%3E\" loading=\"eager\"><\/span><span class=\"fg-image-overlay\"><\/span><\/a><figcaption class=\"fg-caption\"><div class=\"fg-caption-inner\"><div class=\"fg-caption-title\">Foto: Stefan Lehnert<\/div><\/div><\/figcaption><\/figure><div class=\"fg-loader\"><\/div><\/div><div class=\"fg-item fg-type-image fg-idle\"><figure class=\"fg-item-inner\"><a href=\"http:\/\/www.og-ommersheim.de\/wp-content\/uploads\/2018\/10\/P1050078_.jpg\" data-caption-title=\"Foto: Stefan Lehnert\" data-attachment-id=\"7344\" rel=\"lightbox[7629]\" data-type=\"image\" class=\"fg-thumb\"><span class=\"fg-image-wrap\"><img decoding=\"async\" title=\"Foto: Stefan Lehnert\" width=\"300\" height=\"250\" class=\"skip-lazy fg-image\" data-src-fg=\"http:\/\/www.og-ommersheim.de\/wp-content\/uploads\/cache\/2018\/10\/P1050078_\/3894690977.jpg\" src=\"data:image\/svg+xml,%3Csvg%20xmlns%3D%22http%3A%2F%2Fwww.w3.org%2F2000%2Fsvg%22%20width%3D%22300%22%20height%3D%22250%22%20viewBox%3D%220%200%20300%20250%22%3E%3C%2Fsvg%3E\" loading=\"eager\"><\/span><span class=\"fg-image-overlay\"><\/span><\/a><figcaption class=\"fg-caption\"><div class=\"fg-caption-inner\"><div class=\"fg-caption-title\">Foto: Stefan Lehnert<\/div><\/div><\/figcaption><\/figure><div class=\"fg-loader\"><\/div><\/div><div class=\"fg-item fg-type-image fg-idle\"><figure class=\"fg-item-inner\"><a href=\"http:\/\/www.og-ommersheim.de\/wp-content\/uploads\/2018\/10\/IMG-20181028-WA0045.jpg\" data-caption-title=\"Foto: Sandra Schwarz\" data-attachment-id=\"7498\" rel=\"lightbox[7629]\" data-type=\"image\" class=\"fg-thumb\"><span class=\"fg-image-wrap\"><img decoding=\"async\" title=\"Foto: Sandra Schwarz\" width=\"300\" height=\"250\" class=\"skip-lazy fg-image\" data-src-fg=\"http:\/\/www.og-ommersheim.de\/wp-content\/uploads\/cache\/2018\/10\/IMG-20181028-WA0045\/1895213260.jpg\" src=\"data:image\/svg+xml,%3Csvg%20xmlns%3D%22http%3A%2F%2Fwww.w3.org%2F2000%2Fsvg%22%20width%3D%22300%22%20height%3D%22250%22%20viewBox%3D%220%200%20300%20250%22%3E%3C%2Fsvg%3E\" loading=\"eager\"><\/span><span class=\"fg-image-overlay\"><\/span><\/a><figcaption class=\"fg-caption\"><div class=\"fg-caption-inner\"><div class=\"fg-caption-title\">Foto: Sandra Schwarz<\/div><\/div><\/figcaption><\/figure><div class=\"fg-loader\"><\/div><\/div><div class=\"fg-item fg-type-image fg-idle\"><figure class=\"fg-item-inner\"><a href=\"http:\/\/www.og-ommersheim.de\/wp-content\/uploads\/2018\/10\/IMG-20181028-WA0061.jpg\" data-caption-title=\"Foto: Sandra Schwarz\" data-attachment-id=\"7514\" rel=\"lightbox[7629]\" data-type=\"image\" class=\"fg-thumb\"><span class=\"fg-image-wrap\"><img decoding=\"async\" title=\"Foto: Sandra Schwarz\" width=\"300\" height=\"250\" class=\"skip-lazy fg-image\" data-src-fg=\"http:\/\/www.og-ommersheim.de\/wp-content\/uploads\/cache\/2018\/10\/IMG-20181028-WA0061\/3161373928.jpg\" src=\"data:image\/svg+xml,%3Csvg%20xmlns%3D%22http%3A%2F%2Fwww.w3.org%2F2000%2Fsvg%22%20width%3D%22300%22%20height%3D%22250%22%20viewBox%3D%220%200%20300%20250%22%3E%3C%2Fsvg%3E\" loading=\"eager\"><\/span><span class=\"fg-image-overlay\"><\/span><\/a><figcaption class=\"fg-caption\"><div class=\"fg-caption-inner\"><div class=\"fg-caption-title\">Foto: Sandra Schwarz<\/div><\/div><\/figcaption><\/figure><div class=\"fg-loader\"><\/div><\/div><div class=\"fg-item fg-type-image fg-idle\"><figure class=\"fg-item-inner\"><a href=\"http:\/\/www.og-ommersheim.de\/wp-content\/uploads\/2018\/10\/IMG-20181028-WA0080.jpg\" data-caption-title=\"Foto: Sandra Schwarz\" data-attachment-id=\"7533\" rel=\"lightbox[7629]\" data-type=\"image\" class=\"fg-thumb\"><span class=\"fg-image-wrap\"><img decoding=\"async\" title=\"Foto: Sandra Schwarz\" width=\"300\" height=\"250\" class=\"skip-lazy fg-image\" data-src-fg=\"http:\/\/www.og-ommersheim.de\/wp-content\/uploads\/cache\/2018\/10\/IMG-20181028-WA0080\/3459587524.jpg\" src=\"data:image\/svg+xml,%3Csvg%20xmlns%3D%22http%3A%2F%2Fwww.w3.org%2F2000%2Fsvg%22%20width%3D%22300%22%20height%3D%22250%22%20viewBox%3D%220%200%20300%20250%22%3E%3C%2Fsvg%3E\" loading=\"eager\"><\/span><span class=\"fg-image-overlay\"><\/span><\/a><figcaption class=\"fg-caption\"><div class=\"fg-caption-inner\"><div class=\"fg-caption-title\">Foto: Sandra Schwarz<\/div><\/div><\/figcaption><\/figure><div class=\"fg-loader\"><\/div><\/div><div class=\"fg-item fg-type-image fg-idle\"><figure class=\"fg-item-inner\"><a href=\"http:\/\/www.og-ommersheim.de\/wp-content\/uploads\/2018\/10\/IMG-20181028-WA0081.jpg\" data-caption-title=\"Foto: Sandra Schwarz\" data-attachment-id=\"7534\" rel=\"lightbox[7629]\" data-type=\"image\" class=\"fg-thumb\"><span class=\"fg-image-wrap\"><img decoding=\"async\" title=\"Foto: Sandra Schwarz\" width=\"300\" height=\"250\" class=\"skip-lazy fg-image\" data-src-fg=\"http:\/\/www.og-ommersheim.de\/wp-content\/uploads\/cache\/2018\/10\/IMG-20181028-WA0081\/1605110408.jpg\" src=\"data:image\/svg+xml,%3Csvg%20xmlns%3D%22http%3A%2F%2Fwww.w3.org%2F2000%2Fsvg%22%20width%3D%22300%22%20height%3D%22250%22%20viewBox%3D%220%200%20300%20250%22%3E%3C%2Fsvg%3E\" loading=\"eager\"><\/span><span class=\"fg-image-overlay\"><\/span><\/a><figcaption class=\"fg-caption\"><div class=\"fg-caption-inner\"><div class=\"fg-caption-title\">Foto: Sandra Schwarz<\/div><\/div><\/figcaption><\/figure><div class=\"fg-loader\"><\/div><\/div><div class=\"fg-item fg-type-image fg-idle\"><figure class=\"fg-item-inner\"><a href=\"http:\/\/www.og-ommersheim.de\/wp-content\/uploads\/2018\/10\/IMG-20181028-WA0082.jpg\" data-caption-title=\"Foto: Sandra Schwarz\" data-attachment-id=\"7535\" rel=\"lightbox[7629]\" data-type=\"image\" class=\"fg-thumb\"><span class=\"fg-image-wrap\"><img decoding=\"async\" title=\"Foto: Sandra Schwarz\" width=\"300\" height=\"250\" class=\"skip-lazy fg-image\" data-src-fg=\"http:\/\/www.og-ommersheim.de\/wp-content\/uploads\/cache\/2018\/10\/IMG-20181028-WA0082\/2335751478.jpg\" src=\"data:image\/svg+xml,%3Csvg%20xmlns%3D%22http%3A%2F%2Fwww.w3.org%2F2000%2Fsvg%22%20width%3D%22300%22%20height%3D%22250%22%20viewBox%3D%220%200%20300%20250%22%3E%3C%2Fsvg%3E\" loading=\"eager\"><\/span><span class=\"fg-image-overlay\"><\/span><\/a><figcaption class=\"fg-caption\"><div class=\"fg-caption-inner\"><div class=\"fg-caption-title\">Foto: Sandra Schwarz<\/div><\/div><\/figcaption><\/figure><div class=\"fg-loader\"><\/div><\/div><div class=\"fg-item fg-type-image fg-idle\"><figure class=\"fg-item-inner\"><a href=\"http:\/\/www.og-ommersheim.de\/wp-content\/uploads\/2018\/10\/IMG-20181028-WA0083.jpg\" data-caption-title=\"Foto: Sandra Schwarz\" data-attachment-id=\"7536\" rel=\"lightbox[7629]\" data-type=\"image\" class=\"fg-thumb\"><span class=\"fg-image-wrap\"><img decoding=\"async\" title=\"Foto: Sandra Schwarz\" width=\"300\" height=\"250\" class=\"skip-lazy fg-image\" data-src-fg=\"http:\/\/www.og-ommersheim.de\/wp-content\/uploads\/cache\/2018\/10\/IMG-20181028-WA0083\/2847829327.jpg\" src=\"data:image\/svg+xml,%3Csvg%20xmlns%3D%22http%3A%2F%2Fwww.w3.org%2F2000%2Fsvg%22%20width%3D%22300%22%20height%3D%22250%22%20viewBox%3D%220%200%20300%20250%22%3E%3C%2Fsvg%3E\" loading=\"eager\"><\/span><span class=\"fg-image-overlay\"><\/span><\/a><figcaption class=\"fg-caption\"><div class=\"fg-caption-inner\"><div class=\"fg-caption-title\">Foto: Sandra Schwarz<\/div><\/div><\/figcaption><\/figure><div class=\"fg-loader\"><\/div><\/div><div class=\"fg-item fg-type-image fg-idle\"><figure class=\"fg-item-inner\"><a href=\"http:\/\/www.og-ommersheim.de\/wp-content\/uploads\/2018\/10\/IMG-20181028-WA0084.jpg\" data-caption-title=\"Foto: Sandra Schwarz\" data-attachment-id=\"7537\" rel=\"lightbox[7629]\" data-type=\"image\" class=\"fg-thumb\"><span class=\"fg-image-wrap\"><img decoding=\"async\" title=\"Foto: Sandra Schwarz\" width=\"300\" height=\"250\" class=\"skip-lazy fg-image\" data-src-fg=\"http:\/\/www.og-ommersheim.de\/wp-content\/uploads\/cache\/2018\/10\/IMG-20181028-WA0084\/4183872523.jpg\" src=\"data:image\/svg+xml,%3Csvg%20xmlns%3D%22http%3A%2F%2Fwww.w3.org%2F2000%2Fsvg%22%20width%3D%22300%22%20height%3D%22250%22%20viewBox%3D%220%200%20300%20250%22%3E%3C%2Fsvg%3E\" loading=\"eager\"><\/span><span class=\"fg-image-overlay\"><\/span><\/a><figcaption class=\"fg-caption\"><div class=\"fg-caption-inner\"><div class=\"fg-caption-title\">Foto: Sandra Schwarz<\/div><\/div><\/figcaption><\/figure><div class=\"fg-loader\"><\/div><\/div><div class=\"fg-item fg-type-image fg-idle\"><figure class=\"fg-item-inner\"><a href=\"http:\/\/www.og-ommersheim.de\/wp-content\/uploads\/2018\/10\/IMG-20181028-WA0085.jpg\" data-caption-title=\"Foto: Sandra Schwarz\" data-attachment-id=\"7538\" rel=\"lightbox[7629]\" data-type=\"image\" class=\"fg-thumb\"><span class=\"fg-image-wrap\"><img decoding=\"async\" title=\"Foto: Sandra Schwarz\" width=\"300\" height=\"250\" class=\"skip-lazy fg-image\" data-src-fg=\"http:\/\/www.og-ommersheim.de\/wp-content\/uploads\/cache\/2018\/10\/IMG-20181028-WA0085\/3585559404.jpg\" src=\"data:image\/svg+xml,%3Csvg%20xmlns%3D%22http%3A%2F%2Fwww.w3.org%2F2000%2Fsvg%22%20width%3D%22300%22%20height%3D%22250%22%20viewBox%3D%220%200%20300%20250%22%3E%3C%2Fsvg%3E\" loading=\"eager\"><\/span><span class=\"fg-image-overlay\"><\/span><\/a><figcaption class=\"fg-caption\"><div class=\"fg-caption-inner\"><div class=\"fg-caption-title\">Foto: Sandra Schwarz<\/div><\/div><\/figcaption><\/figure><div class=\"fg-loader\"><\/div><\/div><div class=\"fg-item fg-type-image fg-idle\"><figure class=\"fg-item-inner\"><a href=\"http:\/\/www.og-ommersheim.de\/wp-content\/uploads\/2018\/10\/IMG-20181028-WA0086.jpg\" data-caption-title=\"Foto: Sandra Schwarz\" data-attachment-id=\"7539\" rel=\"lightbox[7629]\" data-type=\"image\" class=\"fg-thumb\"><span class=\"fg-image-wrap\"><img decoding=\"async\" title=\"Foto: Sandra Schwarz\" width=\"300\" height=\"250\" class=\"skip-lazy fg-image\" data-src-fg=\"http:\/\/www.og-ommersheim.de\/wp-content\/uploads\/cache\/2018\/10\/IMG-20181028-WA0086\/19135698.jpg\" src=\"data:image\/svg+xml,%3Csvg%20xmlns%3D%22http%3A%2F%2Fwww.w3.org%2F2000%2Fsvg%22%20width%3D%22300%22%20height%3D%22250%22%20viewBox%3D%220%200%20300%20250%22%3E%3C%2Fsvg%3E\" loading=\"eager\"><\/span><span class=\"fg-image-overlay\"><\/span><\/a><figcaption class=\"fg-caption\"><div class=\"fg-caption-inner\"><div class=\"fg-caption-title\">Foto: Sandra Schwarz<\/div><\/div><\/figcaption><\/figure><div class=\"fg-loader\"><\/div><\/div><div class=\"fg-item fg-type-image fg-idle\"><figure class=\"fg-item-inner\"><a href=\"http:\/\/www.og-ommersheim.de\/wp-content\/uploads\/2018\/10\/P1050133_.jpg\" data-caption-title=\"Foto: Stefan Lehnert\" data-attachment-id=\"7399\" rel=\"lightbox[7629]\" data-type=\"image\" class=\"fg-thumb\"><span class=\"fg-image-wrap\"><img decoding=\"async\" title=\"Foto: Stefan Lehnert\" width=\"300\" height=\"250\" class=\"skip-lazy fg-image\" data-src-fg=\"http:\/\/www.og-ommersheim.de\/wp-content\/uploads\/cache\/2018\/10\/P1050133_\/720585957.jpg\" src=\"data:image\/svg+xml,%3Csvg%20xmlns%3D%22http%3A%2F%2Fwww.w3.org%2F2000%2Fsvg%22%20width%3D%22300%22%20height%3D%22250%22%20viewBox%3D%220%200%20300%20250%22%3E%3C%2Fsvg%3E\" loading=\"eager\"><\/span><span class=\"fg-image-overlay\"><\/span><\/a><figcaption class=\"fg-caption\"><div class=\"fg-caption-inner\"><div class=\"fg-caption-title\">Foto: Stefan Lehnert<\/div><\/div><\/figcaption><\/figure><div class=\"fg-loader\"><\/div><\/div><div class=\"fg-item fg-type-image fg-idle\"><figure class=\"fg-item-inner\"><a href=\"http:\/\/www.og-ommersheim.de\/wp-content\/uploads\/2018\/10\/P1050134_.jpg\" data-caption-title=\"Foto: Stefan Lehnert\" data-attachment-id=\"7400\" rel=\"lightbox[7629]\" data-type=\"image\" class=\"fg-thumb\"><span class=\"fg-image-wrap\"><img decoding=\"async\" title=\"Foto: Stefan Lehnert\" width=\"300\" height=\"250\" class=\"skip-lazy fg-image\" data-src-fg=\"http:\/\/www.og-ommersheim.de\/wp-content\/uploads\/cache\/2018\/10\/P1050134_\/1767958412.jpg\" src=\"data:image\/svg+xml,%3Csvg%20xmlns%3D%22http%3A%2F%2Fwww.w3.org%2F2000%2Fsvg%22%20width%3D%22300%22%20height%3D%22250%22%20viewBox%3D%220%200%20300%20250%22%3E%3C%2Fsvg%3E\" loading=\"eager\"><\/span><span class=\"fg-image-overlay\"><\/span><\/a><figcaption class=\"fg-caption\"><div class=\"fg-caption-inner\"><div class=\"fg-caption-title\">Foto: Stefan Lehnert<\/div><\/div><\/figcaption><\/figure><div class=\"fg-loader\"><\/div><\/div><div class=\"fg-item fg-type-image fg-idle\"><figure class=\"fg-item-inner\"><a href=\"http:\/\/www.og-ommersheim.de\/wp-content\/uploads\/2018\/10\/P1050135_.jpg\" data-caption-title=\"Foto: Stefan Lehnert\" data-attachment-id=\"7401\" rel=\"lightbox[7629]\" data-type=\"image\" class=\"fg-thumb\"><span class=\"fg-image-wrap\"><img decoding=\"async\" title=\"Foto: Stefan Lehnert\" width=\"300\" height=\"250\" class=\"skip-lazy fg-image\" data-src-fg=\"http:\/\/www.og-ommersheim.de\/wp-content\/uploads\/cache\/2018\/10\/P1050135_\/1365612502.jpg\" src=\"data:image\/svg+xml,%3Csvg%20xmlns%3D%22http%3A%2F%2Fwww.w3.org%2F2000%2Fsvg%22%20width%3D%22300%22%20height%3D%22250%22%20viewBox%3D%220%200%20300%20250%22%3E%3C%2Fsvg%3E\" loading=\"eager\"><\/span><span class=\"fg-image-overlay\"><\/span><\/a><figcaption class=\"fg-caption\"><div class=\"fg-caption-inner\"><div class=\"fg-caption-title\">Foto: Stefan Lehnert<\/div><\/div><\/figcaption><\/figure><div class=\"fg-loader\"><\/div><\/div><div class=\"fg-item fg-type-image fg-idle\"><figure class=\"fg-item-inner\"><a href=\"http:\/\/www.og-ommersheim.de\/wp-content\/uploads\/2018\/10\/P1050136_.jpg\" data-caption-title=\"Foto: Stefan Lehnert\" data-attachment-id=\"7402\" rel=\"lightbox[7629]\" data-type=\"image\" class=\"fg-thumb\"><span class=\"fg-image-wrap\"><img decoding=\"async\" title=\"Foto: Stefan Lehnert\" width=\"300\" height=\"250\" class=\"skip-lazy fg-image\" data-src-fg=\"http:\/\/www.og-ommersheim.de\/wp-content\/uploads\/cache\/2018\/10\/P1050136_\/426379064.jpg\" src=\"data:image\/svg+xml,%3Csvg%20xmlns%3D%22http%3A%2F%2Fwww.w3.org%2F2000%2Fsvg%22%20width%3D%22300%22%20height%3D%22250%22%20viewBox%3D%220%200%20300%20250%22%3E%3C%2Fsvg%3E\" loading=\"eager\"><\/span><span class=\"fg-image-overlay\"><\/span><\/a><figcaption class=\"fg-caption\"><div class=\"fg-caption-inner\"><div class=\"fg-caption-title\">Foto: Stefan Lehnert<\/div><\/div><\/figcaption><\/figure><div class=\"fg-loader\"><\/div><\/div><div class=\"fg-item fg-type-image fg-idle\"><figure class=\"fg-item-inner\"><a href=\"http:\/\/www.og-ommersheim.de\/wp-content\/uploads\/2018\/10\/P1050137_.jpg\" data-caption-title=\"Foto: Stefan Lehnert\" data-attachment-id=\"7403\" rel=\"lightbox[7629]\" data-type=\"image\" class=\"fg-thumb\"><span class=\"fg-image-wrap\"><img decoding=\"async\" title=\"Foto: Stefan Lehnert\" width=\"300\" height=\"250\" class=\"skip-lazy fg-image\" data-src-fg=\"http:\/\/www.og-ommersheim.de\/wp-content\/uploads\/cache\/2018\/10\/P1050137_\/560953186.jpg\" src=\"data:image\/svg+xml,%3Csvg%20xmlns%3D%22http%3A%2F%2Fwww.w3.org%2F2000%2Fsvg%22%20width%3D%22300%22%20height%3D%22250%22%20viewBox%3D%220%200%20300%20250%22%3E%3C%2Fsvg%3E\" loading=\"eager\"><\/span><span class=\"fg-image-overlay\"><\/span><\/a><figcaption class=\"fg-caption\"><div class=\"fg-caption-inner\"><div class=\"fg-caption-title\">Foto: Stefan Lehnert<\/div><\/div><\/figcaption><\/figure><div class=\"fg-loader\"><\/div><\/div><div class=\"fg-item fg-type-image fg-idle\"><figure class=\"fg-item-inner\"><a href=\"http:\/\/www.og-ommersheim.de\/wp-content\/uploads\/2018\/10\/P1050138_.jpg\" data-caption-title=\"Foto: Stefan Lehnert\" data-attachment-id=\"7404\" rel=\"lightbox[7629]\" data-type=\"image\" class=\"fg-thumb\"><span class=\"fg-image-wrap\"><img decoding=\"async\" title=\"Foto: Stefan Lehnert\" width=\"300\" height=\"250\" class=\"skip-lazy fg-image\" data-src-fg=\"http:\/\/www.og-ommersheim.de\/wp-content\/uploads\/cache\/2018\/10\/P1050138_\/850232572.jpg\" src=\"data:image\/svg+xml,%3Csvg%20xmlns%3D%22http%3A%2F%2Fwww.w3.org%2F2000%2Fsvg%22%20width%3D%22300%22%20height%3D%22250%22%20viewBox%3D%220%200%20300%20250%22%3E%3C%2Fsvg%3E\" loading=\"eager\"><\/span><span class=\"fg-image-overlay\"><\/span><\/a><figcaption class=\"fg-caption\"><div class=\"fg-caption-inner\"><div class=\"fg-caption-title\">Foto: Stefan Lehnert<\/div><\/div><\/figcaption><\/figure><div class=\"fg-loader\"><\/div><\/div><div class=\"fg-item fg-type-image fg-idle\"><figure class=\"fg-item-inner\"><a href=\"http:\/\/www.og-ommersheim.de\/wp-content\/uploads\/2018\/10\/P1050139_.jpg\" data-caption-title=\"Foto: Stefan Lehnert\" data-attachment-id=\"7405\" rel=\"lightbox[7629]\" data-type=\"image\" class=\"fg-thumb\"><span class=\"fg-image-wrap\"><img decoding=\"async\" title=\"Foto: Stefan Lehnert\" width=\"300\" height=\"250\" class=\"skip-lazy fg-image\" data-src-fg=\"http:\/\/www.og-ommersheim.de\/wp-content\/uploads\/cache\/2018\/10\/P1050139_\/178844838.jpg\" src=\"data:image\/svg+xml,%3Csvg%20xmlns%3D%22http%3A%2F%2Fwww.w3.org%2F2000%2Fsvg%22%20width%3D%22300%22%20height%3D%22250%22%20viewBox%3D%220%200%20300%20250%22%3E%3C%2Fsvg%3E\" loading=\"eager\"><\/span><span class=\"fg-image-overlay\"><\/span><\/a><figcaption class=\"fg-caption\"><div class=\"fg-caption-inner\"><div class=\"fg-caption-title\">Foto: Stefan Lehnert<\/div><\/div><\/figcaption><\/figure><div class=\"fg-loader\"><\/div><\/div><div class=\"fg-item fg-type-image fg-idle\"><figure class=\"fg-item-inner\"><a href=\"http:\/\/www.og-ommersheim.de\/wp-content\/uploads\/2018\/10\/P1050140_.jpg\" data-caption-title=\"Foto: Stefan Lehnert\" data-attachment-id=\"7406\" rel=\"lightbox[7629]\" data-type=\"image\" class=\"fg-thumb\"><span class=\"fg-image-wrap\"><img decoding=\"async\" title=\"Foto: Stefan Lehnert\" width=\"300\" height=\"250\" class=\"skip-lazy fg-image\" data-src-fg=\"http:\/\/www.og-ommersheim.de\/wp-content\/uploads\/cache\/2018\/10\/P1050140_\/894825903.jpg\" src=\"data:image\/svg+xml,%3Csvg%20xmlns%3D%22http%3A%2F%2Fwww.w3.org%2F2000%2Fsvg%22%20width%3D%22300%22%20height%3D%22250%22%20viewBox%3D%220%200%20300%20250%22%3E%3C%2Fsvg%3E\" loading=\"eager\"><\/span><span class=\"fg-image-overlay\"><\/span><\/a><figcaption class=\"fg-caption\"><div class=\"fg-caption-inner\"><div class=\"fg-caption-title\">Foto: Stefan Lehnert<\/div><\/div><\/figcaption><\/figure><div class=\"fg-loader\"><\/div><\/div><div class=\"fg-item fg-type-image fg-idle\"><figure class=\"fg-item-inner\"><a href=\"http:\/\/www.og-ommersheim.de\/wp-content\/uploads\/2018\/10\/P1050145_.jpg\" data-caption-title=\"Foto: Stefan Lehnert\" data-attachment-id=\"7411\" rel=\"lightbox[7629]\" data-type=\"image\" class=\"fg-thumb\"><span class=\"fg-image-wrap\"><img decoding=\"async\" title=\"Foto: Stefan Lehnert\" width=\"300\" height=\"250\" class=\"skip-lazy fg-image\" data-src-fg=\"http:\/\/www.og-ommersheim.de\/wp-content\/uploads\/cache\/2018\/10\/P1050145_\/3623705099.jpg\" src=\"data:image\/svg+xml,%3Csvg%20xmlns%3D%22http%3A%2F%2Fwww.w3.org%2F2000%2Fsvg%22%20width%3D%22300%22%20height%3D%22250%22%20viewBox%3D%220%200%20300%20250%22%3E%3C%2Fsvg%3E\" loading=\"eager\"><\/span><span class=\"fg-image-overlay\"><\/span><\/a><figcaption class=\"fg-caption\"><div class=\"fg-caption-inner\"><div class=\"fg-caption-title\">Foto: Stefan Lehnert<\/div><\/div><\/figcaption><\/figure><div class=\"fg-loader\"><\/div><\/div><div class=\"fg-item fg-type-image fg-idle\"><figure class=\"fg-item-inner\"><a href=\"http:\/\/www.og-ommersheim.de\/wp-content\/uploads\/2018\/10\/P1050146_.jpg\" data-caption-title=\"Foto: Stefan Lehnert\" data-attachment-id=\"7412\" rel=\"lightbox[7629]\" data-type=\"image\" class=\"fg-thumb\"><span class=\"fg-image-wrap\"><img decoding=\"async\" title=\"Foto: Stefan Lehnert\" width=\"300\" height=\"250\" class=\"skip-lazy fg-image\" data-src-fg=\"http:\/\/www.og-ommersheim.de\/wp-content\/uploads\/cache\/2018\/10\/P1050146_\/2683488997.jpg\" src=\"data:image\/svg+xml,%3Csvg%20xmlns%3D%22http%3A%2F%2Fwww.w3.org%2F2000%2Fsvg%22%20width%3D%22300%22%20height%3D%22250%22%20viewBox%3D%220%200%20300%20250%22%3E%3C%2Fsvg%3E\" loading=\"eager\"><\/span><span class=\"fg-image-overlay\"><\/span><\/a><figcaption class=\"fg-caption\"><div class=\"fg-caption-inner\"><div class=\"fg-caption-title\">Foto: Stefan Lehnert<\/div><\/div><\/figcaption><\/figure><div class=\"fg-loader\"><\/div><\/div>    <\/div>\n<\/div>\n\n<div class=\"foogallery foogallery-container foogallery-thumbnail foogallery-single-thumbnail foogallery-lightbox-foobox fg-center fg-thumbnail fg-ready fg-light fg-border-thin fg-shadow-outline fg-loading-default fg-loaded-fade-in fg-caption-hover fg-hover-fade fg-hover-zoom\" id=\"foogallery-gallery-7631\" data-foogallery=\"{&quot;item&quot;:{&quot;showCaptionTitle&quot;:true,&quot;showCaptionDescription&quot;:true},&quot;lazy&quot;:true}\" style=\"--fg-title-line-clamp: 0; --fg-description-line-clamp: 0;\" >\n    <div class=\"fg-item fg-type-image fg-idle\"><figure class=\"fg-item-inner\"><a href=\"http:\/\/www.og-ommersheim.de\/wp-content\/uploads\/2018\/10\/P1050050_.jpg\" data-caption-title=\"Foto: Stefan Lehnert\" data-attachment-id=\"7316\" rel=\"lightbox[7631]\" data-type=\"image\" class=\"fg-thumb\"><span class=\"fg-image-wrap\"><img decoding=\"async\" title=\"Foto: Stefan Lehnert\" width=\"300\" height=\"250\" class=\"skip-lazy fg-image\" data-src-fg=\"http:\/\/www.og-ommersheim.de\/wp-content\/uploads\/cache\/2018\/10\/P1050050_\/2948161912.jpg\" src=\"data:image\/svg+xml,%3Csvg%20xmlns%3D%22http%3A%2F%2Fwww.w3.org%2F2000%2Fsvg%22%20width%3D%22300%22%20height%3D%22250%22%20viewBox%3D%220%200%20300%20250%22%3E%3C%2Fsvg%3E\" loading=\"eager\"><\/span><span class=\"fg-image-overlay\"><\/span><\/a><figcaption class=\"fg-caption\"><div class=\"fg-caption-inner\"><div class=\"fg-caption-desc\">Stefan und Priska BH<\/div><\/div><\/figcaption><\/figure><div class=\"fg-loader\"><\/div><\/div>        <div class=\"fg-st-hidden\">\n        <div class=\"fg-item fg-type-image fg-idle\"><figure class=\"fg-item-inner\"><a href=\"http:\/\/www.og-ommersheim.de\/wp-content\/uploads\/2018\/10\/P1050051_.jpg\" data-caption-title=\"Foto: Stefan Lehnert\" data-attachment-id=\"7317\" rel=\"lightbox[7631]\" data-type=\"image\" class=\"fg-thumb\"><span class=\"fg-image-wrap\"><img decoding=\"async\" title=\"Foto: Stefan Lehnert\" width=\"300\" height=\"250\" class=\"skip-lazy fg-image\" data-src-fg=\"http:\/\/www.og-ommersheim.de\/wp-content\/uploads\/cache\/2018\/10\/P1050051_\/1960450480.jpg\" src=\"data:image\/svg+xml,%3Csvg%20xmlns%3D%22http%3A%2F%2Fwww.w3.org%2F2000%2Fsvg%22%20width%3D%22300%22%20height%3D%22250%22%20viewBox%3D%220%200%20300%20250%22%3E%3C%2Fsvg%3E\" loading=\"eager\"><\/span><span class=\"fg-image-overlay\"><\/span><\/a><figcaption class=\"fg-caption\"><div class=\"fg-caption-inner\"><div class=\"fg-caption-title\">Foto: Stefan Lehnert<\/div><\/div><\/figcaption><\/figure><div class=\"fg-loader\"><\/div><\/div><div class=\"fg-item fg-type-image fg-idle\"><figure class=\"fg-item-inner\"><a href=\"http:\/\/www.og-ommersheim.de\/wp-content\/uploads\/2018\/10\/P1050052_.jpg\" data-caption-title=\"Foto: Stefan Lehnert\" data-attachment-id=\"7318\" rel=\"lightbox[7631]\" data-type=\"image\" class=\"fg-thumb\"><span class=\"fg-image-wrap\"><img decoding=\"async\" title=\"Foto: Stefan Lehnert\" width=\"300\" height=\"250\" class=\"skip-lazy fg-image\" data-src-fg=\"http:\/\/www.og-ommersheim.de\/wp-content\/uploads\/cache\/2018\/10\/P1050052_\/565067699.jpg\" src=\"data:image\/svg+xml,%3Csvg%20xmlns%3D%22http%3A%2F%2Fwww.w3.org%2F2000%2Fsvg%22%20width%3D%22300%22%20height%3D%22250%22%20viewBox%3D%220%200%20300%20250%22%3E%3C%2Fsvg%3E\" loading=\"eager\"><\/span><span class=\"fg-image-overlay\"><\/span><\/a><figcaption class=\"fg-caption\"><div class=\"fg-caption-inner\"><div class=\"fg-caption-title\">Foto: Stefan Lehnert<\/div><\/div><\/figcaption><\/figure><div class=\"fg-loader\"><\/div><\/div><div class=\"fg-item fg-type-image fg-idle\"><figure class=\"fg-item-inner\"><a href=\"http:\/\/www.og-ommersheim.de\/wp-content\/uploads\/2018\/10\/P1050053_.jpg\" data-caption-title=\"Foto: Stefan Lehnert\" data-attachment-id=\"7319\" rel=\"lightbox[7631]\" data-type=\"image\" class=\"fg-thumb\"><span class=\"fg-image-wrap\"><img decoding=\"async\" title=\"Foto: Stefan Lehnert\" width=\"300\" height=\"250\" class=\"skip-lazy fg-image\" data-src-fg=\"http:\/\/www.og-ommersheim.de\/wp-content\/uploads\/cache\/2018\/10\/P1050053_\/430657513.jpg\" src=\"data:image\/svg+xml,%3Csvg%20xmlns%3D%22http%3A%2F%2Fwww.w3.org%2F2000%2Fsvg%22%20width%3D%22300%22%20height%3D%22250%22%20viewBox%3D%220%200%20300%20250%22%3E%3C%2Fsvg%3E\" loading=\"eager\"><\/span><span class=\"fg-image-overlay\"><\/span><\/a><figcaption class=\"fg-caption\"><div class=\"fg-caption-inner\"><div class=\"fg-caption-title\">Foto: Stefan Lehnert<\/div><\/div><\/figcaption><\/figure><div class=\"fg-loader\"><\/div><\/div><div class=\"fg-item fg-type-image fg-idle\"><figure class=\"fg-item-inner\"><a href=\"http:\/\/www.og-ommersheim.de\/wp-content\/uploads\/2018\/10\/P1050054_.jpg\" data-caption-title=\"Foto: Stefan Lehnert\" data-attachment-id=\"7320\" rel=\"lightbox[7631]\" data-type=\"image\" class=\"fg-thumb\"><span class=\"fg-image-wrap\"><img decoding=\"async\" title=\"Foto: Stefan Lehnert\" width=\"300\" height=\"250\" class=\"skip-lazy fg-image\" data-src-fg=\"http:\/\/www.og-ommersheim.de\/wp-content\/uploads\/cache\/2018\/10\/P1050054_\/1593514844.jpg\" src=\"data:image\/svg+xml,%3Csvg%20xmlns%3D%22http%3A%2F%2Fwww.w3.org%2F2000%2Fsvg%22%20width%3D%22300%22%20height%3D%22250%22%20viewBox%3D%220%200%20300%20250%22%3E%3C%2Fsvg%3E\" loading=\"eager\"><\/span><span class=\"fg-image-overlay\"><\/span><\/a><figcaption class=\"fg-caption\"><div class=\"fg-caption-inner\"><div class=\"fg-caption-title\">Foto: Stefan Lehnert<\/div><\/div><\/figcaption><\/figure><div class=\"fg-loader\"><\/div><\/div><div class=\"fg-item fg-type-image fg-idle\"><figure class=\"fg-item-inner\"><a href=\"http:\/\/www.og-ommersheim.de\/wp-content\/uploads\/2018\/10\/P1050055_.jpg\" data-caption-title=\"Foto: Stefan Lehnert\" data-attachment-id=\"7321\" rel=\"lightbox[7631]\" data-type=\"image\" class=\"fg-thumb\"><span class=\"fg-image-wrap\"><img decoding=\"async\" title=\"Foto: Stefan Lehnert\" width=\"300\" height=\"250\" class=\"skip-lazy fg-image\" data-src-fg=\"http:\/\/www.og-ommersheim.de\/wp-content\/uploads\/cache\/2018\/10\/P1050055_\/1727949574.jpg\" src=\"data:image\/svg+xml,%3Csvg%20xmlns%3D%22http%3A%2F%2Fwww.w3.org%2F2000%2Fsvg%22%20width%3D%22300%22%20height%3D%22250%22%20viewBox%3D%220%200%20300%20250%22%3E%3C%2Fsvg%3E\" loading=\"eager\"><\/span><span class=\"fg-image-overlay\"><\/span><\/a><figcaption class=\"fg-caption\"><div class=\"fg-caption-inner\"><div class=\"fg-caption-title\">Foto: Stefan Lehnert<\/div><\/div><\/figcaption><\/figure><div class=\"fg-loader\"><\/div><\/div><div class=\"fg-item fg-type-image fg-idle\"><figure class=\"fg-item-inner\"><a href=\"http:\/\/www.og-ommersheim.de\/wp-content\/uploads\/2018\/10\/P1050056_.jpg\" data-caption-title=\"Foto: Stefan Lehnert\" data-attachment-id=\"7322\" rel=\"lightbox[7631]\" data-type=\"image\" class=\"fg-thumb\"><span class=\"fg-image-wrap\"><img decoding=\"async\" title=\"Foto: Stefan Lehnert\" width=\"300\" height=\"250\" class=\"skip-lazy fg-image\" data-src-fg=\"http:\/\/www.og-ommersheim.de\/wp-content\/uploads\/cache\/2018\/10\/P1050056_\/787610600.jpg\" src=\"data:image\/svg+xml,%3Csvg%20xmlns%3D%22http%3A%2F%2Fwww.w3.org%2F2000%2Fsvg%22%20width%3D%22300%22%20height%3D%22250%22%20viewBox%3D%220%200%20300%20250%22%3E%3C%2Fsvg%3E\" loading=\"eager\"><\/span><span class=\"fg-image-overlay\"><\/span><\/a><figcaption class=\"fg-caption\"><div class=\"fg-caption-inner\"><div class=\"fg-caption-title\">Foto: Stefan Lehnert<\/div><\/div><\/figcaption><\/figure><div class=\"fg-loader\"><\/div><\/div><div class=\"fg-item fg-type-image fg-idle\"><figure class=\"fg-item-inner\"><a href=\"http:\/\/www.og-ommersheim.de\/wp-content\/uploads\/2018\/10\/P1050057_.jpg\" data-caption-title=\"Foto: Stefan Lehnert\" data-attachment-id=\"7323\" rel=\"lightbox[7631]\" data-type=\"image\" class=\"fg-thumb\"><span class=\"fg-image-wrap\"><img decoding=\"async\" title=\"Foto: Stefan Lehnert\" width=\"300\" height=\"250\" class=\"skip-lazy fg-image\" data-src-fg=\"http:\/\/www.og-ommersheim.de\/wp-content\/uploads\/cache\/2018\/10\/P1050057_\/385125298.jpg\" src=\"data:image\/svg+xml,%3Csvg%20xmlns%3D%22http%3A%2F%2Fwww.w3.org%2F2000%2Fsvg%22%20width%3D%22300%22%20height%3D%22250%22%20viewBox%3D%220%200%20300%20250%22%3E%3C%2Fsvg%3E\" loading=\"eager\"><\/span><span class=\"fg-image-overlay\"><\/span><\/a><figcaption class=\"fg-caption\"><div class=\"fg-caption-inner\"><div class=\"fg-caption-title\">Foto: Stefan Lehnert<\/div><\/div><\/figcaption><\/figure><div class=\"fg-loader\"><\/div><\/div><div class=\"fg-item fg-type-image fg-idle\"><figure class=\"fg-item-inner\"><a href=\"http:\/\/www.og-ommersheim.de\/wp-content\/uploads\/2018\/10\/P1050058_.jpg\" data-caption-title=\"Foto: Stefan Lehnert\" data-attachment-id=\"7324\" rel=\"lightbox[7631]\" data-type=\"image\" class=\"fg-thumb\"><span class=\"fg-image-wrap\"><img decoding=\"async\" title=\"Foto: Stefan Lehnert\" width=\"300\" height=\"250\" class=\"skip-lazy fg-image\" data-src-fg=\"http:\/\/www.og-ommersheim.de\/wp-content\/uploads\/cache\/2018\/10\/P1050058_\/87455788.jpg\" src=\"data:image\/svg+xml,%3Csvg%20xmlns%3D%22http%3A%2F%2Fwww.w3.org%2F2000%2Fsvg%22%20width%3D%22300%22%20height%3D%22250%22%20viewBox%3D%220%200%20300%20250%22%3E%3C%2Fsvg%3E\" loading=\"eager\"><\/span><span class=\"fg-image-overlay\"><\/span><\/a><figcaption class=\"fg-caption\"><div class=\"fg-caption-inner\"><div class=\"fg-caption-title\">Foto: Stefan Lehnert<\/div><\/div><\/figcaption><\/figure><div class=\"fg-loader\"><\/div><\/div><div class=\"fg-item fg-type-image fg-idle\"><figure class=\"fg-item-inner\"><a href=\"http:\/\/www.og-ommersheim.de\/wp-content\/uploads\/2018\/10\/P1050059_.jpg\" data-caption-title=\"Foto: Stefan Lehnert\" data-attachment-id=\"7325\" rel=\"lightbox[7631]\" data-type=\"image\" class=\"fg-thumb\"><span class=\"fg-image-wrap\"><img decoding=\"async\" title=\"Foto: Stefan Lehnert\" width=\"300\" height=\"250\" class=\"skip-lazy fg-image\" data-src-fg=\"http:\/\/www.og-ommersheim.de\/wp-content\/uploads\/cache\/2018\/10\/P1050059_\/1026754678.jpg\" src=\"data:image\/svg+xml,%3Csvg%20xmlns%3D%22http%3A%2F%2Fwww.w3.org%2F2000%2Fsvg%22%20width%3D%22300%22%20height%3D%22250%22%20viewBox%3D%220%200%20300%20250%22%3E%3C%2Fsvg%3E\" loading=\"eager\"><\/span><span class=\"fg-image-overlay\"><\/span><\/a><figcaption class=\"fg-caption\"><div class=\"fg-caption-inner\"><div class=\"fg-caption-title\">Foto: Stefan Lehnert<\/div><\/div><\/figcaption><\/figure><div class=\"fg-loader\"><\/div><\/div><div class=\"fg-item fg-type-image fg-idle\"><figure class=\"fg-item-inner\"><a href=\"http:\/\/www.og-ommersheim.de\/wp-content\/uploads\/2018\/10\/P1050060_.jpg\" data-caption-title=\"Foto: Stefan Lehnert\" data-attachment-id=\"7326\" rel=\"lightbox[7631]\" data-type=\"image\" class=\"fg-thumb\"><span class=\"fg-image-wrap\"><img decoding=\"async\" title=\"Foto: Stefan Lehnert\" width=\"300\" height=\"250\" class=\"skip-lazy fg-image\" data-src-fg=\"http:\/\/www.og-ommersheim.de\/wp-content\/uploads\/cache\/2018\/10\/P1050060_\/187017477.jpg\" src=\"data:image\/svg+xml,%3Csvg%20xmlns%3D%22http%3A%2F%2Fwww.w3.org%2F2000%2Fsvg%22%20width%3D%22300%22%20height%3D%22250%22%20viewBox%3D%220%200%20300%20250%22%3E%3C%2Fsvg%3E\" loading=\"eager\"><\/span><span class=\"fg-image-overlay\"><\/span><\/a><figcaption class=\"fg-caption\"><div class=\"fg-caption-inner\"><div class=\"fg-caption-title\">Foto: Stefan Lehnert<\/div><\/div><\/figcaption><\/figure><div class=\"fg-loader\"><\/div><\/div><div class=\"fg-item fg-type-image fg-idle\"><figure class=\"fg-item-inner\"><a href=\"http:\/\/www.og-ommersheim.de\/wp-content\/uploads\/2018\/10\/P1050061_.jpg\" data-caption-title=\"Foto: Stefan Lehnert\" data-attachment-id=\"7327\" rel=\"lightbox[7631]\" data-type=\"image\" class=\"fg-thumb\"><span class=\"fg-image-wrap\"><img decoding=\"async\" title=\"Foto: Stefan Lehnert\" width=\"300\" height=\"250\" class=\"skip-lazy fg-image\" data-src-fg=\"http:\/\/www.og-ommersheim.de\/wp-content\/uploads\/cache\/2018\/10\/P1050061_\/857790815.jpg\" src=\"data:image\/svg+xml,%3Csvg%20xmlns%3D%22http%3A%2F%2Fwww.w3.org%2F2000%2Fsvg%22%20width%3D%22300%22%20height%3D%22250%22%20viewBox%3D%220%200%20300%20250%22%3E%3C%2Fsvg%3E\" loading=\"eager\"><\/span><span class=\"fg-image-overlay\"><\/span><\/a><figcaption class=\"fg-caption\"><div class=\"fg-caption-inner\"><div class=\"fg-caption-title\">Foto: Stefan Lehnert<\/div><\/div><\/figcaption><\/figure><div class=\"fg-loader\"><\/div><\/div><div class=\"fg-item fg-type-image fg-idle\"><figure class=\"fg-item-inner\"><a href=\"http:\/\/www.og-ommersheim.de\/wp-content\/uploads\/2018\/10\/P1050062_.jpg\" data-caption-title=\"Foto: Stefan Lehnert\" data-attachment-id=\"7328\" rel=\"lightbox[7631]\" data-type=\"image\" class=\"fg-thumb\"><span class=\"fg-image-wrap\"><img decoding=\"async\" title=\"Foto: Stefan Lehnert\" width=\"300\" height=\"250\" class=\"skip-lazy fg-image\" data-src-fg=\"http:\/\/www.og-ommersheim.de\/wp-content\/uploads\/cache\/2018\/10\/P1050062_\/1716846428.jpg\" src=\"data:image\/svg+xml,%3Csvg%20xmlns%3D%22http%3A%2F%2Fwww.w3.org%2F2000%2Fsvg%22%20width%3D%22300%22%20height%3D%22250%22%20viewBox%3D%220%200%20300%20250%22%3E%3C%2Fsvg%3E\" loading=\"eager\"><\/span><span class=\"fg-image-overlay\"><\/span><\/a><figcaption class=\"fg-caption\"><div class=\"fg-caption-inner\"><div class=\"fg-caption-title\">Foto: Stefan Lehnert<\/div><\/div><\/figcaption><\/figure><div class=\"fg-loader\"><\/div><\/div><div class=\"fg-item fg-type-image fg-idle\"><figure class=\"fg-item-inner\"><a href=\"http:\/\/www.og-ommersheim.de\/wp-content\/uploads\/2018\/10\/P1050063_.jpg\" data-caption-title=\"Foto: Stefan Lehnert\" data-attachment-id=\"7329\" rel=\"lightbox[7631]\" data-type=\"image\" class=\"fg-thumb\"><span class=\"fg-image-wrap\"><img decoding=\"async\" title=\"Foto: Stefan Lehnert\" width=\"300\" height=\"250\" class=\"skip-lazy fg-image\" data-src-fg=\"http:\/\/www.og-ommersheim.de\/wp-content\/uploads\/cache\/2018\/10\/P1050063_\/1582403334.jpg\" src=\"data:image\/svg+xml,%3Csvg%20xmlns%3D%22http%3A%2F%2Fwww.w3.org%2F2000%2Fsvg%22%20width%3D%22300%22%20height%3D%22250%22%20viewBox%3D%220%200%20300%20250%22%3E%3C%2Fsvg%3E\" loading=\"eager\"><\/span><span class=\"fg-image-overlay\"><\/span><\/a><figcaption class=\"fg-caption\"><div class=\"fg-caption-inner\"><div class=\"fg-caption-title\">Foto: Stefan Lehnert<\/div><\/div><\/figcaption><\/figure><div class=\"fg-loader\"><\/div><\/div><div class=\"fg-item fg-type-image fg-idle\"><figure class=\"fg-item-inner\"><a href=\"http:\/\/www.og-ommersheim.de\/wp-content\/uploads\/2018\/10\/P1050064_.jpg\" data-caption-title=\"Foto: Stefan Lehnert\" data-attachment-id=\"7330\" rel=\"lightbox[7631]\" data-type=\"image\" class=\"fg-thumb\"><span class=\"fg-image-wrap\"><img decoding=\"async\" title=\"Foto: Stefan Lehnert\" width=\"300\" height=\"250\" class=\"skip-lazy fg-image\" data-src-fg=\"http:\/\/www.og-ommersheim.de\/wp-content\/uploads\/cache\/2018\/10\/P1050064_\/3515381499.jpg\" src=\"data:image\/svg+xml,%3Csvg%20xmlns%3D%22http%3A%2F%2Fwww.w3.org%2F2000%2Fsvg%22%20width%3D%22300%22%20height%3D%22250%22%20viewBox%3D%220%200%20300%20250%22%3E%3C%2Fsvg%3E\" loading=\"eager\"><\/span><span class=\"fg-image-overlay\"><\/span><\/a><figcaption class=\"fg-caption\"><div class=\"fg-caption-inner\"><div class=\"fg-caption-title\">Foto: Stefan Lehnert<\/div><\/div><\/figcaption><\/figure><div class=\"fg-loader\"><\/div><\/div><div class=\"fg-item fg-type-image fg-idle\"><figure class=\"fg-item-inner\"><a href=\"http:\/\/www.og-ommersheim.de\/wp-content\/uploads\/2018\/10\/P1050075_.jpg\" data-caption-title=\"Foto: Stefan Lehnert\" data-attachment-id=\"7341\" rel=\"lightbox[7631]\" data-type=\"image\" class=\"fg-thumb\"><span class=\"fg-image-wrap\"><img decoding=\"async\" title=\"Foto: Stefan Lehnert\" width=\"300\" height=\"250\" class=\"skip-lazy fg-image\" data-src-fg=\"http:\/\/www.og-ommersheim.de\/wp-content\/uploads\/cache\/2018\/10\/P1050075_\/3772795554.jpg\" src=\"data:image\/svg+xml,%3Csvg%20xmlns%3D%22http%3A%2F%2Fwww.w3.org%2F2000%2Fsvg%22%20width%3D%22300%22%20height%3D%22250%22%20viewBox%3D%220%200%20300%20250%22%3E%3C%2Fsvg%3E\" loading=\"eager\"><\/span><span class=\"fg-image-overlay\"><\/span><\/a><figcaption class=\"fg-caption\"><div class=\"fg-caption-inner\"><div class=\"fg-caption-title\">Foto: Stefan Lehnert<\/div><\/div><\/figcaption><\/figure><div class=\"fg-loader\"><\/div><\/div><div class=\"fg-item fg-type-image fg-idle\"><figure class=\"fg-item-inner\"><a href=\"http:\/\/www.og-ommersheim.de\/wp-content\/uploads\/2018\/10\/P1050076_.jpg\" data-caption-title=\"Foto: Stefan Lehnert\" data-attachment-id=\"7342\" rel=\"lightbox[7631]\" data-type=\"image\" class=\"fg-thumb\"><span class=\"fg-image-wrap\"><img decoding=\"async\" title=\"Foto: Stefan Lehnert\" width=\"300\" height=\"250\" class=\"skip-lazy fg-image\" data-src-fg=\"http:\/\/www.og-ommersheim.de\/wp-content\/uploads\/cache\/2018\/10\/P1050076_\/2834291276.jpg\" src=\"data:image\/svg+xml,%3Csvg%20xmlns%3D%22http%3A%2F%2Fwww.w3.org%2F2000%2Fsvg%22%20width%3D%22300%22%20height%3D%22250%22%20viewBox%3D%220%200%20300%20250%22%3E%3C%2Fsvg%3E\" loading=\"eager\"><\/span><span class=\"fg-image-overlay\"><\/span><\/a><figcaption class=\"fg-caption\"><div class=\"fg-caption-inner\"><div class=\"fg-caption-title\">Foto: Stefan Lehnert<\/div><\/div><\/figcaption><\/figure><div class=\"fg-loader\"><\/div><\/div><div class=\"fg-item fg-type-image fg-idle\"><figure class=\"fg-item-inner\"><a href=\"http:\/\/www.og-ommersheim.de\/wp-content\/uploads\/2018\/10\/P1050077_.jpg\" data-caption-title=\"Foto: Stefan Lehnert\" data-attachment-id=\"7343\" rel=\"lightbox[7631]\" data-type=\"image\" class=\"fg-thumb\"><span class=\"fg-image-wrap\"><img decoding=\"async\" title=\"Foto: Stefan Lehnert\" width=\"300\" height=\"250\" class=\"skip-lazy fg-image\" data-src-fg=\"http:\/\/www.og-ommersheim.de\/wp-content\/uploads\/cache\/2018\/10\/P1050077_\/2431298070.jpg\" src=\"data:image\/svg+xml,%3Csvg%20xmlns%3D%22http%3A%2F%2Fwww.w3.org%2F2000%2Fsvg%22%20width%3D%22300%22%20height%3D%22250%22%20viewBox%3D%220%200%20300%20250%22%3E%3C%2Fsvg%3E\" loading=\"eager\"><\/span><span class=\"fg-image-overlay\"><\/span><\/a><figcaption class=\"fg-caption\"><div class=\"fg-caption-inner\"><div class=\"fg-caption-title\">Foto: Stefan Lehnert<\/div><\/div><\/figcaption><\/figure><div class=\"fg-loader\"><\/div><\/div><div class=\"fg-item fg-type-image fg-idle\"><figure class=\"fg-item-inner\"><a href=\"http:\/\/www.og-ommersheim.de\/wp-content\/uploads\/2018\/10\/IMG-20181028-WA0046.jpg\" data-caption-title=\"Foto: Sandra Schwarz\" data-attachment-id=\"7499\" rel=\"lightbox[7631]\" data-type=\"image\" class=\"fg-thumb\"><span class=\"fg-image-wrap\"><img decoding=\"async\" title=\"Foto: Sandra Schwarz\" width=\"300\" height=\"250\" class=\"skip-lazy fg-image\" data-src-fg=\"http:\/\/www.og-ommersheim.de\/wp-content\/uploads\/cache\/2018\/10\/IMG-20181028-WA0046\/2495323934.jpg\" src=\"data:image\/svg+xml,%3Csvg%20xmlns%3D%22http%3A%2F%2Fwww.w3.org%2F2000%2Fsvg%22%20width%3D%22300%22%20height%3D%22250%22%20viewBox%3D%220%200%20300%20250%22%3E%3C%2Fsvg%3E\" loading=\"eager\"><\/span><span class=\"fg-image-overlay\"><\/span><\/a><figcaption class=\"fg-caption\"><div class=\"fg-caption-inner\"><div class=\"fg-caption-title\">Foto: Sandra Schwarz<\/div><\/div><\/figcaption><\/figure><div class=\"fg-loader\"><\/div><\/div><div class=\"fg-item fg-type-image fg-idle\"><figure class=\"fg-item-inner\"><a href=\"http:\/\/www.og-ommersheim.de\/wp-content\/uploads\/2018\/10\/IMG-20181028-WA0047.jpg\" data-caption-title=\"Foto: Sandra Schwarz\" data-attachment-id=\"7500\" rel=\"lightbox[7631]\" data-type=\"image\" class=\"fg-thumb\"><span class=\"fg-image-wrap\"><img decoding=\"async\" title=\"Foto: Sandra Schwarz\" width=\"300\" height=\"250\" class=\"skip-lazy fg-image\" data-src-fg=\"http:\/\/www.og-ommersheim.de\/wp-content\/uploads\/cache\/2018\/10\/IMG-20181028-WA0047\/3266440265.jpg\" src=\"data:image\/svg+xml,%3Csvg%20xmlns%3D%22http%3A%2F%2Fwww.w3.org%2F2000%2Fsvg%22%20width%3D%22300%22%20height%3D%22250%22%20viewBox%3D%220%200%20300%20250%22%3E%3C%2Fsvg%3E\" loading=\"eager\"><\/span><span class=\"fg-image-overlay\"><\/span><\/a><figcaption class=\"fg-caption\"><div class=\"fg-caption-inner\"><div class=\"fg-caption-title\">Foto: Sandra Schwarz<\/div><\/div><\/figcaption><\/figure><div class=\"fg-loader\"><\/div><\/div><div class=\"fg-item fg-type-image fg-idle\"><figure class=\"fg-item-inner\"><a href=\"http:\/\/www.og-ommersheim.de\/wp-content\/uploads\/2018\/10\/IMG-20181028-WA0048.jpg\" data-caption-title=\"Foto: Sandra Schwarz\" data-attachment-id=\"7501\" rel=\"lightbox[7631]\" data-type=\"image\" class=\"fg-thumb\"><span class=\"fg-image-wrap\"><img decoding=\"async\" title=\"Foto: Sandra Schwarz\" width=\"300\" height=\"250\" class=\"skip-lazy fg-image\" data-src-fg=\"http:\/\/www.og-ommersheim.de\/wp-content\/uploads\/cache\/2018\/10\/IMG-20181028-WA0048\/1099583160.jpg\" src=\"data:image\/svg+xml,%3Csvg%20xmlns%3D%22http%3A%2F%2Fwww.w3.org%2F2000%2Fsvg%22%20width%3D%22300%22%20height%3D%22250%22%20viewBox%3D%220%200%20300%20250%22%3E%3C%2Fsvg%3E\" loading=\"eager\"><\/span><span class=\"fg-image-overlay\"><\/span><\/a><figcaption class=\"fg-caption\"><div class=\"fg-caption-inner\"><div class=\"fg-caption-title\">Foto: Sandra Schwarz<\/div><\/div><\/figcaption><\/figure><div class=\"fg-loader\"><\/div><\/div><div class=\"fg-item fg-type-image fg-idle\"><figure class=\"fg-item-inner\"><a href=\"http:\/\/www.og-ommersheim.de\/wp-content\/uploads\/2018\/10\/IMG-20181028-WA0049.jpg\" data-caption-title=\"Foto: Sandra Schwarz\" data-attachment-id=\"7502\" rel=\"lightbox[7631]\" data-type=\"image\" class=\"fg-thumb\"><span class=\"fg-image-wrap\"><img decoding=\"async\" title=\"Foto: Sandra Schwarz\" width=\"300\" height=\"250\" class=\"skip-lazy fg-image\" data-src-fg=\"http:\/\/www.og-ommersheim.de\/wp-content\/uploads\/cache\/2018\/10\/IMG-20181028-WA0049\/1661771457.jpg\" src=\"data:image\/svg+xml,%3Csvg%20xmlns%3D%22http%3A%2F%2Fwww.w3.org%2F2000%2Fsvg%22%20width%3D%22300%22%20height%3D%22250%22%20viewBox%3D%220%200%20300%20250%22%3E%3C%2Fsvg%3E\" loading=\"eager\"><\/span><span class=\"fg-image-overlay\"><\/span><\/a><figcaption class=\"fg-caption\"><div class=\"fg-caption-inner\"><div class=\"fg-caption-title\">Foto: Sandra Schwarz<\/div><\/div><\/figcaption><\/figure><div class=\"fg-loader\"><\/div><\/div><div class=\"fg-item fg-type-image fg-idle\"><figure class=\"fg-item-inner\"><a href=\"http:\/\/www.og-ommersheim.de\/wp-content\/uploads\/2018\/10\/IMG-20181028-WA0050.jpg\" data-caption-title=\"Foto: Sandra Schwarz\" data-attachment-id=\"7503\" rel=\"lightbox[7631]\" data-type=\"image\" class=\"fg-thumb\"><span class=\"fg-image-wrap\"><img decoding=\"async\" title=\"Foto: Sandra Schwarz\" width=\"300\" height=\"250\" class=\"skip-lazy fg-image\" data-src-fg=\"http:\/\/www.og-ommersheim.de\/wp-content\/uploads\/cache\/2018\/10\/IMG-20181028-WA0050\/824386036.jpg\" src=\"data:image\/svg+xml,%3Csvg%20xmlns%3D%22http%3A%2F%2Fwww.w3.org%2F2000%2Fsvg%22%20width%3D%22300%22%20height%3D%22250%22%20viewBox%3D%220%200%20300%20250%22%3E%3C%2Fsvg%3E\" loading=\"eager\"><\/span><span class=\"fg-image-overlay\"><\/span><\/a><figcaption class=\"fg-caption\"><div class=\"fg-caption-inner\"><div class=\"fg-caption-title\">Foto: Sandra Schwarz<\/div><\/div><\/figcaption><\/figure><div class=\"fg-loader\"><\/div><\/div><div class=\"fg-item fg-type-image fg-idle\"><figure class=\"fg-item-inner\"><a href=\"http:\/\/www.og-ommersheim.de\/wp-content\/uploads\/2018\/10\/IMG-20181028-WA0051.jpg\" data-caption-title=\"Foto: Sandra Schwarz\" data-attachment-id=\"7504\" rel=\"lightbox[7631]\" data-type=\"image\" class=\"fg-thumb\"><span class=\"fg-image-wrap\"><img decoding=\"async\" title=\"Foto: Sandra Schwarz\" width=\"300\" height=\"250\" class=\"skip-lazy fg-image\" data-src-fg=\"http:\/\/www.og-ommersheim.de\/wp-content\/uploads\/cache\/2018\/10\/IMG-20181028-WA0051\/2696558264.jpg\" src=\"data:image\/svg+xml,%3Csvg%20xmlns%3D%22http%3A%2F%2Fwww.w3.org%2F2000%2Fsvg%22%20width%3D%22300%22%20height%3D%22250%22%20viewBox%3D%220%200%20300%20250%22%3E%3C%2Fsvg%3E\" loading=\"eager\"><\/span><span class=\"fg-image-overlay\"><\/span><\/a><figcaption class=\"fg-caption\"><div class=\"fg-caption-inner\"><div class=\"fg-caption-title\">Foto: Sandra Schwarz<\/div><\/div><\/figcaption><\/figure><div class=\"fg-loader\"><\/div><\/div><div class=\"fg-item fg-type-image fg-idle\"><figure class=\"fg-item-inner\"><a href=\"http:\/\/www.og-ommersheim.de\/wp-content\/uploads\/2018\/10\/IMG-20181028-WA0052.jpg\" data-caption-title=\"Foto: Sandra Schwarz\" data-attachment-id=\"7505\" rel=\"lightbox[7631]\" data-type=\"image\" class=\"fg-thumb\"><span class=\"fg-image-wrap\"><img decoding=\"async\" title=\"Foto: Sandra Schwarz\" width=\"300\" height=\"250\" class=\"skip-lazy fg-image\" data-src-fg=\"http:\/\/www.og-ommersheim.de\/wp-content\/uploads\/cache\/2018\/10\/IMG-20181028-WA0052\/1949204742.jpg\" src=\"data:image\/svg+xml,%3Csvg%20xmlns%3D%22http%3A%2F%2Fwww.w3.org%2F2000%2Fsvg%22%20width%3D%22300%22%20height%3D%22250%22%20viewBox%3D%220%200%20300%20250%22%3E%3C%2Fsvg%3E\" loading=\"eager\"><\/span><span class=\"fg-image-overlay\"><\/span><\/a><figcaption class=\"fg-caption\"><div class=\"fg-caption-inner\"><div class=\"fg-caption-title\">Foto: Sandra Schwarz<\/div><\/div><\/figcaption><\/figure><div class=\"fg-loader\"><\/div><\/div><div class=\"fg-item fg-type-image fg-idle\"><figure class=\"fg-item-inner\"><a href=\"http:\/\/www.og-ommersheim.de\/wp-content\/uploads\/2018\/10\/IMG-20181028-WA0053.jpg\" data-caption-title=\"Foto: Sandra Schwarz\" data-attachment-id=\"7506\" rel=\"lightbox[7631]\" data-type=\"image\" class=\"fg-thumb\"><span class=\"fg-image-wrap\"><img decoding=\"async\" title=\"Foto: Sandra Schwarz\" width=\"300\" height=\"250\" class=\"skip-lazy fg-image\" data-src-fg=\"http:\/\/www.og-ommersheim.de\/wp-content\/uploads\/cache\/2018\/10\/IMG-20181028-WA0053\/1453871487.jpg\" src=\"data:image\/svg+xml,%3Csvg%20xmlns%3D%22http%3A%2F%2Fwww.w3.org%2F2000%2Fsvg%22%20width%3D%22300%22%20height%3D%22250%22%20viewBox%3D%220%200%20300%20250%22%3E%3C%2Fsvg%3E\" loading=\"eager\"><\/span><span class=\"fg-image-overlay\"><\/span><\/a><figcaption class=\"fg-caption\"><div class=\"fg-caption-inner\"><div class=\"fg-caption-title\">Foto: Sandra Schwarz<\/div><\/div><\/figcaption><\/figure><div class=\"fg-loader\"><\/div><\/div><div class=\"fg-item fg-type-image fg-idle\"><figure class=\"fg-item-inner\"><a href=\"http:\/\/www.og-ommersheim.de\/wp-content\/uploads\/2018\/10\/IMG-20181028-WA0054.jpg\" data-caption-title=\"Foto: Sandra Schwarz\" data-attachment-id=\"7507\" rel=\"lightbox[7631]\" data-type=\"image\" class=\"fg-thumb\"><span class=\"fg-image-wrap\"><img decoding=\"async\" title=\"Foto: Sandra Schwarz\" width=\"300\" height=\"250\" class=\"skip-lazy fg-image\" data-src-fg=\"http:\/\/www.og-ommersheim.de\/wp-content\/uploads\/cache\/2018\/10\/IMG-20181028-WA0054\/108455995.jpg\" src=\"data:image\/svg+xml,%3Csvg%20xmlns%3D%22http%3A%2F%2Fwww.w3.org%2F2000%2Fsvg%22%20width%3D%22300%22%20height%3D%22250%22%20viewBox%3D%220%200%20300%20250%22%3E%3C%2Fsvg%3E\" loading=\"eager\"><\/span><span class=\"fg-image-overlay\"><\/span><\/a><figcaption class=\"fg-caption\"><div class=\"fg-caption-inner\"><div class=\"fg-caption-title\">Foto: Sandra Schwarz<\/div><\/div><\/figcaption><\/figure><div class=\"fg-loader\"><\/div><\/div><div class=\"fg-item fg-type-image fg-idle\"><figure class=\"fg-item-inner\"><a href=\"http:\/\/www.og-ommersheim.de\/wp-content\/uploads\/2018\/10\/IMG-20181028-WA0055.jpg\" data-caption-title=\"Foto: Sandra Schwarz\" data-attachment-id=\"7508\" rel=\"lightbox[7631]\" data-type=\"image\" class=\"fg-thumb\"><span class=\"fg-image-wrap\"><img decoding=\"async\" title=\"Foto: Sandra Schwarz\" width=\"300\" height=\"250\" class=\"skip-lazy fg-image\" data-src-fg=\"http:\/\/www.og-ommersheim.de\/wp-content\/uploads\/cache\/2018\/10\/IMG-20181028-WA0055\/715224924.jpg\" src=\"data:image\/svg+xml,%3Csvg%20xmlns%3D%22http%3A%2F%2Fwww.w3.org%2F2000%2Fsvg%22%20width%3D%22300%22%20height%3D%22250%22%20viewBox%3D%220%200%20300%20250%22%3E%3C%2Fsvg%3E\" loading=\"eager\"><\/span><span class=\"fg-image-overlay\"><\/span><\/a><figcaption class=\"fg-caption\"><div class=\"fg-caption-inner\"><div class=\"fg-caption-title\">Foto: Sandra Schwarz<\/div><\/div><\/figcaption><\/figure><div class=\"fg-loader\"><\/div><\/div><div class=\"fg-item fg-type-image fg-idle\"><figure class=\"fg-item-inner\"><a href=\"http:\/\/www.og-ommersheim.de\/wp-content\/uploads\/2018\/10\/IMG-20181028-WA0056.jpg\" data-caption-title=\"Foto: Sandra Schwarz\" data-attachment-id=\"7509\" rel=\"lightbox[7631]\" data-type=\"image\" class=\"fg-thumb\"><span class=\"fg-image-wrap\"><img decoding=\"async\" title=\"Foto: Sandra Schwarz\" width=\"300\" height=\"250\" class=\"skip-lazy fg-image\" data-src-fg=\"http:\/\/www.og-ommersheim.de\/wp-content\/uploads\/cache\/2018\/10\/IMG-20181028-WA0056\/4264935650.jpg\" src=\"data:image\/svg+xml,%3Csvg%20xmlns%3D%22http%3A%2F%2Fwww.w3.org%2F2000%2Fsvg%22%20width%3D%22300%22%20height%3D%22250%22%20viewBox%3D%220%200%20300%20250%22%3E%3C%2Fsvg%3E\" loading=\"eager\"><\/span><span class=\"fg-image-overlay\"><\/span><\/a><figcaption class=\"fg-caption\"><div class=\"fg-caption-inner\"><div class=\"fg-caption-title\">Foto: Sandra Schwarz<\/div><\/div><\/figcaption><\/figure><div class=\"fg-loader\"><\/div><\/div><div class=\"fg-item fg-type-image fg-idle\"><figure class=\"fg-item-inner\"><a href=\"http:\/\/www.og-ommersheim.de\/wp-content\/uploads\/2018\/10\/IMG-20181028-WA0060.jpg\" data-caption-title=\"Foto: Sandra Schwarz\" data-attachment-id=\"7513\" rel=\"lightbox[7631]\" data-type=\"image\" class=\"fg-thumb\"><span class=\"fg-image-wrap\"><img decoding=\"async\" title=\"Foto: Sandra Schwarz\" width=\"300\" height=\"250\" class=\"skip-lazy fg-image\" data-src-fg=\"http:\/\/www.og-ommersheim.de\/wp-content\/uploads\/cache\/2018\/10\/IMG-20181028-WA0060\/489565128.jpg\" src=\"data:image\/svg+xml,%3Csvg%20xmlns%3D%22http%3A%2F%2Fwww.w3.org%2F2000%2Fsvg%22%20width%3D%22300%22%20height%3D%22250%22%20viewBox%3D%220%200%20300%20250%22%3E%3C%2Fsvg%3E\" loading=\"eager\"><\/span><span class=\"fg-image-overlay\"><\/span><\/a><figcaption class=\"fg-caption\"><div class=\"fg-caption-inner\"><div class=\"fg-caption-title\">Foto: Sandra Schwarz<\/div><\/div><\/figcaption><\/figure><div class=\"fg-loader\"><\/div><\/div><div class=\"fg-item fg-type-image fg-idle\"><figure class=\"fg-item-inner\"><a href=\"http:\/\/www.og-ommersheim.de\/wp-content\/uploads\/2018\/10\/P1050141_.jpg\" data-caption-title=\"Foto: Stefan Lehnert\" data-attachment-id=\"7407\" rel=\"lightbox[7631]\" data-type=\"image\" class=\"fg-thumb\"><span class=\"fg-image-wrap\"><img decoding=\"async\" title=\"Foto: Stefan Lehnert\" width=\"300\" height=\"250\" class=\"skip-lazy fg-image\" data-src-fg=\"http:\/\/www.og-ommersheim.de\/wp-content\/uploads\/cache\/2018\/10\/P1050141_\/1717344476.jpg\" src=\"data:image\/svg+xml,%3Csvg%20xmlns%3D%22http%3A%2F%2Fwww.w3.org%2F2000%2Fsvg%22%20width%3D%22300%22%20height%3D%22250%22%20viewBox%3D%220%200%20300%20250%22%3E%3C%2Fsvg%3E\" loading=\"eager\"><\/span><span class=\"fg-image-overlay\"><\/span><\/a><figcaption class=\"fg-caption\"><div class=\"fg-caption-inner\"><div class=\"fg-caption-title\">Foto: Stefan Lehnert<\/div><\/div><\/figcaption><\/figure><div class=\"fg-loader\"><\/div><\/div><div class=\"fg-item fg-type-image fg-idle\"><figure class=\"fg-item-inner\"><a href=\"http:\/\/www.og-ommersheim.de\/wp-content\/uploads\/2018\/10\/P1050142_.jpg\" data-caption-title=\"Foto: Stefan Lehnert\" data-attachment-id=\"7408\" rel=\"lightbox[7631]\" data-type=\"image\" class=\"fg-thumb\"><span class=\"fg-image-wrap\"><img decoding=\"async\" title=\"Foto: Stefan Lehnert\" width=\"300\" height=\"250\" class=\"skip-lazy fg-image\" data-src-fg=\"http:\/\/www.og-ommersheim.de\/wp-content\/uploads\/cache\/2018\/10\/P1050142_\/858308319.jpg\" src=\"data:image\/svg+xml,%3Csvg%20xmlns%3D%22http%3A%2F%2Fwww.w3.org%2F2000%2Fsvg%22%20width%3D%22300%22%20height%3D%22250%22%20viewBox%3D%220%200%20300%20250%22%3E%3C%2Fsvg%3E\" loading=\"eager\"><\/span><span class=\"fg-image-overlay\"><\/span><\/a><figcaption class=\"fg-caption\"><div class=\"fg-caption-inner\"><div class=\"fg-caption-title\">Foto: Stefan Lehnert<\/div><\/div><\/figcaption><\/figure><div class=\"fg-loader\"><\/div><\/div><div class=\"fg-item fg-type-image fg-idle\"><figure class=\"fg-item-inner\"><a href=\"http:\/\/www.og-ommersheim.de\/wp-content\/uploads\/2018\/10\/P1050144_.jpg\" data-caption-title=\"Foto: Stefan Lehnert\" data-attachment-id=\"7410\" rel=\"lightbox[7631]\" data-type=\"image\" class=\"fg-thumb\"><span class=\"fg-image-wrap\"><img decoding=\"async\" title=\"Foto: Stefan Lehnert\" width=\"300\" height=\"250\" class=\"skip-lazy fg-image\" data-src-fg=\"http:\/\/www.og-ommersheim.de\/wp-content\/uploads\/cache\/2018\/10\/P1050144_\/2230597496.jpg\" src=\"data:image\/svg+xml,%3Csvg%20xmlns%3D%22http%3A%2F%2Fwww.w3.org%2F2000%2Fsvg%22%20width%3D%22300%22%20height%3D%22250%22%20viewBox%3D%220%200%20300%20250%22%3E%3C%2Fsvg%3E\" loading=\"eager\"><\/span><span class=\"fg-image-overlay\"><\/span><\/a><figcaption class=\"fg-caption\"><div class=\"fg-caption-inner\"><div class=\"fg-caption-title\">Foto: Stefan Lehnert<\/div><\/div><\/figcaption><\/figure><div class=\"fg-loader\"><\/div><\/div><div class=\"fg-item fg-type-image fg-idle\"><figure class=\"fg-item-inner\"><a href=\"http:\/\/www.og-ommersheim.de\/wp-content\/uploads\/2018\/10\/P1050145_.jpg\" data-caption-title=\"Foto: Stefan Lehnert\" data-attachment-id=\"7411\" rel=\"lightbox[7631]\" data-type=\"image\" class=\"fg-thumb\"><span class=\"fg-image-wrap\"><img decoding=\"async\" title=\"Foto: Stefan Lehnert\" width=\"300\" height=\"250\" class=\"skip-lazy fg-image\" data-src-fg=\"http:\/\/www.og-ommersheim.de\/wp-content\/uploads\/cache\/2018\/10\/P1050145_\/3169928994.jpg\" src=\"data:image\/svg+xml,%3Csvg%20xmlns%3D%22http%3A%2F%2Fwww.w3.org%2F2000%2Fsvg%22%20width%3D%22300%22%20height%3D%22250%22%20viewBox%3D%220%200%20300%20250%22%3E%3C%2Fsvg%3E\" loading=\"eager\"><\/span><span class=\"fg-image-overlay\"><\/span><\/a><figcaption class=\"fg-caption\"><div class=\"fg-caption-inner\"><div class=\"fg-caption-title\">Foto: Stefan Lehnert<\/div><\/div><\/figcaption><\/figure><div class=\"fg-loader\"><\/div><\/div><div class=\"fg-item fg-type-image fg-idle\"><figure class=\"fg-item-inner\"><a href=\"http:\/\/www.og-ommersheim.de\/wp-content\/uploads\/2018\/10\/P1050146_.jpg\" data-caption-title=\"Foto: Stefan Lehnert\" data-attachment-id=\"7412\" rel=\"lightbox[7631]\" data-type=\"image\" class=\"fg-thumb\"><span class=\"fg-image-wrap\"><img decoding=\"async\" title=\"Foto: Stefan Lehnert\" width=\"300\" height=\"250\" class=\"skip-lazy fg-image\" data-src-fg=\"http:\/\/www.og-ommersheim.de\/wp-content\/uploads\/cache\/2018\/10\/P1050146_\/4110342092.jpg\" src=\"data:image\/svg+xml,%3Csvg%20xmlns%3D%22http%3A%2F%2Fwww.w3.org%2F2000%2Fsvg%22%20width%3D%22300%22%20height%3D%22250%22%20viewBox%3D%220%200%20300%20250%22%3E%3C%2Fsvg%3E\" loading=\"eager\"><\/span><span class=\"fg-image-overlay\"><\/span><\/a><figcaption class=\"fg-caption\"><div class=\"fg-caption-inner\"><div class=\"fg-caption-title\">Foto: Stefan Lehnert<\/div><\/div><\/figcaption><\/figure><div class=\"fg-loader\"><\/div><\/div><div class=\"fg-item fg-type-image fg-idle\"><figure class=\"fg-item-inner\"><a href=\"http:\/\/www.og-ommersheim.de\/wp-content\/uploads\/2018\/10\/P1050147_.jpg\" data-caption-title=\"Foto: Stefan Lehnert\" data-attachment-id=\"7413\" rel=\"lightbox[7631]\" data-type=\"image\" class=\"fg-thumb\"><span class=\"fg-image-wrap\"><img decoding=\"async\" title=\"Foto: Stefan Lehnert\" width=\"300\" height=\"250\" class=\"skip-lazy fg-image\" data-src-fg=\"http:\/\/www.og-ommersheim.de\/wp-content\/uploads\/cache\/2018\/10\/P1050147_\/3439044502.jpg\" src=\"data:image\/svg+xml,%3Csvg%20xmlns%3D%22http%3A%2F%2Fwww.w3.org%2F2000%2Fsvg%22%20width%3D%22300%22%20height%3D%22250%22%20viewBox%3D%220%200%20300%20250%22%3E%3C%2Fsvg%3E\" loading=\"eager\"><\/span><span class=\"fg-image-overlay\"><\/span><\/a><figcaption class=\"fg-caption\"><div class=\"fg-caption-inner\"><div class=\"fg-caption-title\">Foto: Stefan Lehnert<\/div><\/div><\/figcaption><\/figure><div class=\"fg-loader\"><\/div><\/div>    <\/div>\n<\/div>\n\n<div class=\"foogallery foogallery-container foogallery-thumbnail foogallery-single-thumbnail foogallery-lightbox-foobox fg-center fg-thumbnail fg-ready fg-light fg-border-thin fg-shadow-outline fg-loading-default fg-loaded-fade-in fg-caption-hover fg-hover-fade fg-hover-zoom\" id=\"foogallery-gallery-7633\" data-foogallery=\"{&quot;item&quot;:{&quot;showCaptionTitle&quot;:true,&quot;showCaptionDescription&quot;:true},&quot;lazy&quot;:true}\" style=\"--fg-title-line-clamp: 0; --fg-description-line-clamp: 0;\" >\n    <div class=\"fg-item fg-type-image fg-idle\"><figure class=\"fg-item-inner\"><a href=\"http:\/\/www.og-ommersheim.de\/wp-content\/uploads\/2018\/10\/P1050009_.jpg\" data-caption-title=\"Foto: Stefan Lehnert\" data-attachment-id=\"7275\" rel=\"lightbox[7633]\" data-type=\"image\" class=\"fg-thumb\"><span class=\"fg-image-wrap\"><img decoding=\"async\" title=\"Foto: Stefan Lehnert\" width=\"300\" height=\"250\" class=\"skip-lazy fg-image\" data-src-fg=\"http:\/\/www.og-ommersheim.de\/wp-content\/uploads\/cache\/2018\/10\/P1050009_\/3932026682.jpg\" src=\"data:image\/svg+xml,%3Csvg%20xmlns%3D%22http%3A%2F%2Fwww.w3.org%2F2000%2Fsvg%22%20width%3D%22300%22%20height%3D%22250%22%20viewBox%3D%220%200%20300%20250%22%3E%3C%2Fsvg%3E\" loading=\"eager\"><\/span><span class=\"fg-image-overlay\"><\/span><\/a><figcaption class=\"fg-caption\"><div class=\"fg-caption-inner\"><div class=\"fg-caption-desc\">Daniel und Lorie IPO 2<\/div><\/div><\/figcaption><\/figure><div class=\"fg-loader\"><\/div><\/div>        <div class=\"fg-st-hidden\">\n        <div class=\"fg-item fg-type-image fg-idle\"><figure class=\"fg-item-inner\"><a href=\"http:\/\/www.og-ommersheim.de\/wp-content\/uploads\/2018\/10\/P1050010_.jpg\" data-caption-title=\"Foto: Stefan Lehnert\" data-attachment-id=\"7276\" rel=\"lightbox[7633]\" data-type=\"image\" class=\"fg-thumb\"><span class=\"fg-image-wrap\"><img decoding=\"async\" title=\"Foto: Stefan Lehnert\" width=\"300\" height=\"250\" class=\"skip-lazy fg-image\" data-src-fg=\"http:\/\/www.og-ommersheim.de\/wp-content\/uploads\/cache\/2018\/10\/P1050010_\/230363361.jpg\" src=\"data:image\/svg+xml,%3Csvg%20xmlns%3D%22http%3A%2F%2Fwww.w3.org%2F2000%2Fsvg%22%20width%3D%22300%22%20height%3D%22250%22%20viewBox%3D%220%200%20300%20250%22%3E%3C%2Fsvg%3E\" loading=\"eager\"><\/span><span class=\"fg-image-overlay\"><\/span><\/a><figcaption class=\"fg-caption\"><div class=\"fg-caption-inner\"><div class=\"fg-caption-title\">Foto: Stefan Lehnert<\/div><\/div><\/figcaption><\/figure><div class=\"fg-loader\"><\/div><\/div><div class=\"fg-item fg-type-image fg-idle\"><figure class=\"fg-item-inner\"><a href=\"http:\/\/www.og-ommersheim.de\/wp-content\/uploads\/2018\/10\/P1050020_.jpg\" data-caption-title=\"Foto: Stefan Lehnert\" data-attachment-id=\"7286\" rel=\"lightbox[7633]\" data-type=\"image\" class=\"fg-thumb\"><span class=\"fg-image-wrap\"><img decoding=\"async\" title=\"Foto: Stefan Lehnert\" width=\"300\" height=\"250\" class=\"skip-lazy fg-image\" data-src-fg=\"http:\/\/www.og-ommersheim.de\/wp-content\/uploads\/cache\/2018\/10\/P1050020_\/2498180477.jpg\" src=\"data:image\/svg+xml,%3Csvg%20xmlns%3D%22http%3A%2F%2Fwww.w3.org%2F2000%2Fsvg%22%20width%3D%22300%22%20height%3D%22250%22%20viewBox%3D%220%200%20300%20250%22%3E%3C%2Fsvg%3E\" loading=\"eager\"><\/span><span class=\"fg-image-overlay\"><\/span><\/a><figcaption class=\"fg-caption\"><div class=\"fg-caption-inner\"><div class=\"fg-caption-title\">Foto: Stefan Lehnert<\/div><\/div><\/figcaption><\/figure><div class=\"fg-loader\"><\/div><\/div><div class=\"fg-item fg-type-image fg-idle\"><figure class=\"fg-item-inner\"><a href=\"http:\/\/www.og-ommersheim.de\/wp-content\/uploads\/2018\/10\/P1050079_.jpg\" data-caption-title=\"Foto: Stefan Lehnert\" data-attachment-id=\"7345\" rel=\"lightbox[7633]\" data-type=\"image\" class=\"fg-thumb\"><span class=\"fg-image-wrap\"><img decoding=\"async\" title=\"Foto: Stefan Lehnert\" width=\"300\" height=\"250\" class=\"skip-lazy fg-image\" data-src-fg=\"http:\/\/www.og-ommersheim.de\/wp-content\/uploads\/cache\/2018\/10\/P1050079_\/2694193693.jpg\" src=\"data:image\/svg+xml,%3Csvg%20xmlns%3D%22http%3A%2F%2Fwww.w3.org%2F2000%2Fsvg%22%20width%3D%22300%22%20height%3D%22250%22%20viewBox%3D%220%200%20300%20250%22%3E%3C%2Fsvg%3E\" loading=\"eager\"><\/span><span class=\"fg-image-overlay\"><\/span><\/a><figcaption class=\"fg-caption\"><div class=\"fg-caption-inner\"><div class=\"fg-caption-title\">Foto: Stefan Lehnert<\/div><\/div><\/figcaption><\/figure><div class=\"fg-loader\"><\/div><\/div><div class=\"fg-item fg-type-image fg-idle\"><figure class=\"fg-item-inner\"><a href=\"http:\/\/www.og-ommersheim.de\/wp-content\/uploads\/2018\/10\/P1050080_.jpg\" data-caption-title=\"Foto: Stefan Lehnert\" data-attachment-id=\"7346\" rel=\"lightbox[7633]\" data-type=\"image\" class=\"fg-thumb\"><span class=\"fg-image-wrap\"><img decoding=\"async\" title=\"Foto: Stefan Lehnert\" width=\"300\" height=\"250\" class=\"skip-lazy fg-image\" data-src-fg=\"http:\/\/www.og-ommersheim.de\/wp-content\/uploads\/cache\/2018\/10\/P1050080_\/2361156576.jpg\" src=\"data:image\/svg+xml,%3Csvg%20xmlns%3D%22http%3A%2F%2Fwww.w3.org%2F2000%2Fsvg%22%20width%3D%22300%22%20height%3D%22250%22%20viewBox%3D%220%200%20300%20250%22%3E%3C%2Fsvg%3E\" loading=\"eager\"><\/span><span class=\"fg-image-overlay\"><\/span><\/a><figcaption class=\"fg-caption\"><div class=\"fg-caption-inner\"><div class=\"fg-caption-title\">Foto: Stefan Lehnert<\/div><\/div><\/figcaption><\/figure><div class=\"fg-loader\"><\/div><\/div><div class=\"fg-item fg-type-image fg-idle\"><figure class=\"fg-item-inner\"><a href=\"http:\/\/www.og-ommersheim.de\/wp-content\/uploads\/2018\/10\/P1050081_.jpg\" data-caption-title=\"Foto: Stefan Lehnert\" data-attachment-id=\"7347\" rel=\"lightbox[7633]\" data-type=\"image\" class=\"fg-thumb\"><span class=\"fg-image-wrap\"><img decoding=\"async\" title=\"Foto: Stefan Lehnert\" width=\"300\" height=\"250\" class=\"skip-lazy fg-image\" data-src-fg=\"http:\/\/www.og-ommersheim.de\/wp-content\/uploads\/cache\/2018\/10\/P1050081_\/3032028090.jpg\" src=\"data:image\/svg+xml,%3Csvg%20xmlns%3D%22http%3A%2F%2Fwww.w3.org%2F2000%2Fsvg%22%20width%3D%22300%22%20height%3D%22250%22%20viewBox%3D%220%200%20300%20250%22%3E%3C%2Fsvg%3E\" loading=\"eager\"><\/span><span class=\"fg-image-overlay\"><\/span><\/a><figcaption class=\"fg-caption\"><div class=\"fg-caption-inner\"><div class=\"fg-caption-title\">Foto: Stefan Lehnert<\/div><\/div><\/figcaption><\/figure><div class=\"fg-loader\"><\/div><\/div><div class=\"fg-item fg-type-image fg-idle\"><figure class=\"fg-item-inner\"><a href=\"http:\/\/www.og-ommersheim.de\/wp-content\/uploads\/2018\/10\/P1050082_.jpg\" data-caption-title=\"Foto: Stefan Lehnert\" data-attachment-id=\"7348\" rel=\"lightbox[7633]\" data-type=\"image\" class=\"fg-thumb\"><span class=\"fg-image-wrap\"><img decoding=\"async\" title=\"Foto: Stefan Lehnert\" width=\"300\" height=\"250\" class=\"skip-lazy fg-image\" data-src-fg=\"http:\/\/www.og-ommersheim.de\/wp-content\/uploads\/cache\/2018\/10\/P1050082_\/3788322233.jpg\" src=\"data:image\/svg+xml,%3Csvg%20xmlns%3D%22http%3A%2F%2Fwww.w3.org%2F2000%2Fsvg%22%20width%3D%22300%22%20height%3D%22250%22%20viewBox%3D%220%200%20300%20250%22%3E%3C%2Fsvg%3E\" loading=\"eager\"><\/span><span class=\"fg-image-overlay\"><\/span><\/a><figcaption class=\"fg-caption\"><div class=\"fg-caption-inner\"><div class=\"fg-caption-title\">Foto: Stefan Lehnert<\/div><\/div><\/figcaption><\/figure><div class=\"fg-loader\"><\/div><\/div><div class=\"fg-item fg-type-image fg-idle\"><figure class=\"fg-item-inner\"><a href=\"http:\/\/www.og-ommersheim.de\/wp-content\/uploads\/2018\/10\/P1050083_.jpg\" data-caption-title=\"Foto: Stefan Lehnert\" data-attachment-id=\"7349\" rel=\"lightbox[7633]\" data-type=\"image\" class=\"fg-thumb\"><span class=\"fg-image-wrap\"><img decoding=\"async\" title=\"Foto: Stefan Lehnert\" width=\"300\" height=\"250\" class=\"skip-lazy fg-image\" data-src-fg=\"http:\/\/www.og-ommersheim.de\/wp-content\/uploads\/cache\/2018\/10\/P1050083_\/3653780963.jpg\" src=\"data:image\/svg+xml,%3Csvg%20xmlns%3D%22http%3A%2F%2Fwww.w3.org%2F2000%2Fsvg%22%20width%3D%22300%22%20height%3D%22250%22%20viewBox%3D%220%200%20300%20250%22%3E%3C%2Fsvg%3E\" loading=\"eager\"><\/span><span class=\"fg-image-overlay\"><\/span><\/a><figcaption class=\"fg-caption\"><div class=\"fg-caption-inner\"><div class=\"fg-caption-title\">Foto: Stefan Lehnert<\/div><\/div><\/figcaption><\/figure><div class=\"fg-loader\"><\/div><\/div><div class=\"fg-item fg-type-image fg-idle\"><figure class=\"fg-item-inner\"><a href=\"http:\/\/www.og-ommersheim.de\/wp-content\/uploads\/2018\/10\/P1050084_.jpg\" data-caption-title=\"Foto: Stefan Lehnert\" data-attachment-id=\"7350\" rel=\"lightbox[7633]\" data-type=\"image\" class=\"fg-thumb\"><span class=\"fg-image-wrap\"><img decoding=\"async\" title=\"Foto: Stefan Lehnert\" width=\"300\" height=\"250\" class=\"skip-lazy fg-image\" data-src-fg=\"http:\/\/www.og-ommersheim.de\/wp-content\/uploads\/cache\/2018\/10\/P1050084_\/1444002846.jpg\" src=\"data:image\/svg+xml,%3Csvg%20xmlns%3D%22http%3A%2F%2Fwww.w3.org%2F2000%2Fsvg%22%20width%3D%22300%22%20height%3D%22250%22%20viewBox%3D%220%200%20300%20250%22%3E%3C%2Fsvg%3E\" loading=\"eager\"><\/span><span class=\"fg-image-overlay\"><\/span><\/a><figcaption class=\"fg-caption\"><div class=\"fg-caption-inner\"><div class=\"fg-caption-title\">Foto: Stefan Lehnert<\/div><\/div><\/figcaption><\/figure><div class=\"fg-loader\"><\/div><\/div><div class=\"fg-item fg-type-image fg-idle\"><figure class=\"fg-item-inner\"><a href=\"http:\/\/www.og-ommersheim.de\/wp-content\/uploads\/2018\/10\/P1050085_.jpg\" data-caption-title=\"Foto: Stefan Lehnert\" data-attachment-id=\"7351\" rel=\"lightbox[7633]\" data-type=\"image\" class=\"fg-thumb\"><span class=\"fg-image-wrap\"><img decoding=\"async\" title=\"Foto: Stefan Lehnert\" width=\"300\" height=\"250\" class=\"skip-lazy fg-image\" data-src-fg=\"http:\/\/www.og-ommersheim.de\/wp-content\/uploads\/cache\/2018\/10\/P1050085_\/1846856772.jpg\" src=\"data:image\/svg+xml,%3Csvg%20xmlns%3D%22http%3A%2F%2Fwww.w3.org%2F2000%2Fsvg%22%20width%3D%22300%22%20height%3D%22250%22%20viewBox%3D%220%200%20300%20250%22%3E%3C%2Fsvg%3E\" loading=\"eager\"><\/span><span class=\"fg-image-overlay\"><\/span><\/a><figcaption class=\"fg-caption\"><div class=\"fg-caption-inner\"><div class=\"fg-caption-title\">Foto: Stefan Lehnert<\/div><\/div><\/figcaption><\/figure><div class=\"fg-loader\"><\/div><\/div><div class=\"fg-item fg-type-image fg-idle\"><figure class=\"fg-item-inner\"><a href=\"http:\/\/www.og-ommersheim.de\/wp-content\/uploads\/2018\/10\/P1050086_.jpg\" data-caption-title=\"Foto: Stefan Lehnert\" data-attachment-id=\"7352\" rel=\"lightbox[7633]\" data-type=\"image\" class=\"fg-thumb\"><span class=\"fg-image-wrap\"><img decoding=\"async\" title=\"Foto: Stefan Lehnert\" width=\"300\" height=\"250\" class=\"skip-lazy fg-image\" data-src-fg=\"http:\/\/www.og-ommersheim.de\/wp-content\/uploads\/cache\/2018\/10\/P1050086_\/639327402.jpg\" src=\"data:image\/svg+xml,%3Csvg%20xmlns%3D%22http%3A%2F%2Fwww.w3.org%2F2000%2Fsvg%22%20width%3D%22300%22%20height%3D%22250%22%20viewBox%3D%220%200%20300%20250%22%3E%3C%2Fsvg%3E\" loading=\"eager\"><\/span><span class=\"fg-image-overlay\"><\/span><\/a><figcaption class=\"fg-caption\"><div class=\"fg-caption-inner\"><div class=\"fg-caption-title\">Foto: Stefan Lehnert<\/div><\/div><\/figcaption><\/figure><div class=\"fg-loader\"><\/div><\/div><div class=\"fg-item fg-type-image fg-idle\"><figure class=\"fg-item-inner\"><a href=\"http:\/\/www.og-ommersheim.de\/wp-content\/uploads\/2018\/10\/P1050097_.jpg\" data-caption-title=\"Foto: Stefan Lehnert\" data-attachment-id=\"7363\" rel=\"lightbox[7633]\" data-type=\"image\" class=\"fg-thumb\"><span class=\"fg-image-wrap\"><img decoding=\"async\" title=\"Foto: Stefan Lehnert\" width=\"300\" height=\"250\" class=\"skip-lazy fg-image\" data-src-fg=\"http:\/\/www.og-ommersheim.de\/wp-content\/uploads\/cache\/2018\/10\/P1050097_\/1561410594.jpg\" src=\"data:image\/svg+xml,%3Csvg%20xmlns%3D%22http%3A%2F%2Fwww.w3.org%2F2000%2Fsvg%22%20width%3D%22300%22%20height%3D%22250%22%20viewBox%3D%220%200%20300%20250%22%3E%3C%2Fsvg%3E\" loading=\"eager\"><\/span><span class=\"fg-image-overlay\"><\/span><\/a><figcaption class=\"fg-caption\"><div class=\"fg-caption-inner\"><div class=\"fg-caption-title\">Foto: Stefan Lehnert<\/div><\/div><\/figcaption><\/figure><div class=\"fg-loader\"><\/div><\/div><div class=\"fg-item fg-type-image fg-idle\"><figure class=\"fg-item-inner\"><a href=\"http:\/\/www.og-ommersheim.de\/wp-content\/uploads\/2018\/10\/P1050100_.jpg\" data-caption-title=\"Foto: Stefan Lehnert\" data-attachment-id=\"7366\" rel=\"lightbox[7633]\" data-type=\"image\" class=\"fg-thumb\"><span class=\"fg-image-wrap\"><img decoding=\"async\" title=\"Foto: Stefan Lehnert\" width=\"300\" height=\"250\" class=\"skip-lazy fg-image\" data-src-fg=\"http:\/\/www.og-ommersheim.de\/wp-content\/uploads\/cache\/2018\/10\/P1050100_\/2523681180.jpg\" src=\"data:image\/svg+xml,%3Csvg%20xmlns%3D%22http%3A%2F%2Fwww.w3.org%2F2000%2Fsvg%22%20width%3D%22300%22%20height%3D%22250%22%20viewBox%3D%220%200%20300%20250%22%3E%3C%2Fsvg%3E\" loading=\"eager\"><\/span><span class=\"fg-image-overlay\"><\/span><\/a><figcaption class=\"fg-caption\"><div class=\"fg-caption-inner\"><div class=\"fg-caption-title\">Foto: Stefan Lehnert<\/div><\/div><\/figcaption><\/figure><div class=\"fg-loader\"><\/div><\/div><div class=\"fg-item fg-type-image fg-idle\"><figure class=\"fg-item-inner\"><a href=\"http:\/\/www.og-ommersheim.de\/wp-content\/uploads\/2018\/10\/P1050101_.jpg\" data-caption-title=\"Foto: Stefan Lehnert\" data-attachment-id=\"7367\" rel=\"lightbox[7633]\" data-type=\"image\" class=\"fg-thumb\"><span class=\"fg-image-wrap\"><img decoding=\"async\" title=\"Foto: Stefan Lehnert\" width=\"300\" height=\"250\" class=\"skip-lazy fg-image\" data-src-fg=\"http:\/\/www.og-ommersheim.de\/wp-content\/uploads\/cache\/2018\/10\/P1050101_\/2926125510.jpg\" src=\"data:image\/svg+xml,%3Csvg%20xmlns%3D%22http%3A%2F%2Fwww.w3.org%2F2000%2Fsvg%22%20width%3D%22300%22%20height%3D%22250%22%20viewBox%3D%220%200%20300%20250%22%3E%3C%2Fsvg%3E\" loading=\"eager\"><\/span><span class=\"fg-image-overlay\"><\/span><\/a><figcaption class=\"fg-caption\"><div class=\"fg-caption-inner\"><div class=\"fg-caption-title\">Foto: Stefan Lehnert<\/div><\/div><\/figcaption><\/figure><div class=\"fg-loader\"><\/div><\/div><div class=\"fg-item fg-type-image fg-idle\"><figure class=\"fg-item-inner\"><a href=\"http:\/\/www.og-ommersheim.de\/wp-content\/uploads\/2018\/10\/P1050102_.jpg\" data-caption-title=\"Foto: Stefan Lehnert\" data-attachment-id=\"7368\" rel=\"lightbox[7633]\" data-type=\"image\" class=\"fg-thumb\"><span class=\"fg-image-wrap\"><img decoding=\"async\" title=\"Foto: Stefan Lehnert\" width=\"300\" height=\"250\" class=\"skip-lazy fg-image\" data-src-fg=\"http:\/\/www.og-ommersheim.de\/wp-content\/uploads\/cache\/2018\/10\/P1050102_\/4212983749.jpg\" src=\"data:image\/svg+xml,%3Csvg%20xmlns%3D%22http%3A%2F%2Fwww.w3.org%2F2000%2Fsvg%22%20width%3D%22300%22%20height%3D%22250%22%20viewBox%3D%220%200%20300%20250%22%3E%3C%2Fsvg%3E\" loading=\"eager\"><\/span><span class=\"fg-image-overlay\"><\/span><\/a><figcaption class=\"fg-caption\"><div class=\"fg-caption-inner\"><div class=\"fg-caption-title\">Foto: Stefan Lehnert<\/div><\/div><\/figcaption><\/figure><div class=\"fg-loader\"><\/div><\/div><div class=\"fg-item fg-type-image fg-idle\"><figure class=\"fg-item-inner\"><a href=\"http:\/\/www.og-ommersheim.de\/wp-content\/uploads\/2018\/10\/IMG-20181028-WA0063.jpg\" data-caption-title=\"Foto: Sandra Schwarz\" data-attachment-id=\"7516\" rel=\"lightbox[7633]\" data-type=\"image\" class=\"fg-thumb\"><span class=\"fg-image-wrap\"><img decoding=\"async\" title=\"Foto: Sandra Schwarz\" width=\"300\" height=\"250\" class=\"skip-lazy fg-image\" data-src-fg=\"http:\/\/www.og-ommersheim.de\/wp-content\/uploads\/cache\/2018\/10\/IMG-20181028-WA0063\/2667680375.jpg\" src=\"data:image\/svg+xml,%3Csvg%20xmlns%3D%22http%3A%2F%2Fwww.w3.org%2F2000%2Fsvg%22%20width%3D%22300%22%20height%3D%22250%22%20viewBox%3D%220%200%20300%20250%22%3E%3C%2Fsvg%3E\" loading=\"eager\"><\/span><span class=\"fg-image-overlay\"><\/span><\/a><figcaption class=\"fg-caption\"><div class=\"fg-caption-inner\"><div class=\"fg-caption-title\">Foto: Sandra Schwarz<\/div><\/div><\/figcaption><\/figure><div class=\"fg-loader\"><\/div><\/div><div class=\"fg-item fg-type-image fg-idle\"><figure class=\"fg-item-inner\"><a href=\"http:\/\/www.og-ommersheim.de\/wp-content\/uploads\/2018\/10\/IMG-20181028-WA0064.jpg\" data-caption-title=\"Foto: Sandra Schwarz\" data-attachment-id=\"7517\" rel=\"lightbox[7633]\" data-type=\"image\" class=\"fg-thumb\"><span class=\"fg-image-wrap\"><img decoding=\"async\" title=\"Foto: Sandra Schwarz\" width=\"300\" height=\"250\" class=\"skip-lazy fg-image\" data-src-fg=\"http:\/\/www.og-ommersheim.de\/wp-content\/uploads\/cache\/2018\/10\/IMG-20181028-WA0064\/3487509299.jpg\" src=\"data:image\/svg+xml,%3Csvg%20xmlns%3D%22http%3A%2F%2Fwww.w3.org%2F2000%2Fsvg%22%20width%3D%22300%22%20height%3D%22250%22%20viewBox%3D%220%200%20300%20250%22%3E%3C%2Fsvg%3E\" loading=\"eager\"><\/span><span class=\"fg-image-overlay\"><\/span><\/a><figcaption class=\"fg-caption\"><div class=\"fg-caption-inner\"><div class=\"fg-caption-title\">Foto: Sandra Schwarz<\/div><\/div><\/figcaption><\/figure><div class=\"fg-loader\"><\/div><\/div><div class=\"fg-item fg-type-image fg-idle\"><figure class=\"fg-item-inner\"><a href=\"http:\/\/www.og-ommersheim.de\/wp-content\/uploads\/2018\/10\/IMG-20181028-WA0065.jpg\" data-caption-title=\"Foto: Sandra Schwarz\" data-attachment-id=\"7518\" rel=\"lightbox[7633]\" data-type=\"image\" class=\"fg-thumb\"><span class=\"fg-image-wrap\"><img decoding=\"async\" title=\"Foto: Sandra Schwarz\" width=\"300\" height=\"250\" class=\"skip-lazy fg-image\" data-src-fg=\"http:\/\/www.og-ommersheim.de\/wp-content\/uploads\/cache\/2018\/10\/IMG-20181028-WA0065\/3808998484.jpg\" src=\"data:image\/svg+xml,%3Csvg%20xmlns%3D%22http%3A%2F%2Fwww.w3.org%2F2000%2Fsvg%22%20width%3D%22300%22%20height%3D%22250%22%20viewBox%3D%220%200%20300%20250%22%3E%3C%2Fsvg%3E\" loading=\"eager\"><\/span><span class=\"fg-image-overlay\"><\/span><\/a><figcaption class=\"fg-caption\"><div class=\"fg-caption-inner\"><div class=\"fg-caption-title\">Foto: Sandra Schwarz<\/div><\/div><\/figcaption><\/figure><div class=\"fg-loader\"><\/div><\/div><div class=\"fg-item fg-type-image fg-idle\"><figure class=\"fg-item-inner\"><a href=\"http:\/\/www.og-ommersheim.de\/wp-content\/uploads\/2018\/10\/IMG-20181028-WA0066.jpg\" data-caption-title=\"Foto: Sandra Schwarz\" data-attachment-id=\"7519\" rel=\"lightbox[7633]\" data-type=\"image\" class=\"fg-thumb\"><span class=\"fg-image-wrap\"><img decoding=\"async\" title=\"Foto: Sandra Schwarz\" width=\"300\" height=\"250\" class=\"skip-lazy fg-image\" data-src-fg=\"http:\/\/www.og-ommersheim.de\/wp-content\/uploads\/cache\/2018\/10\/IMG-20181028-WA0066\/932971498.jpg\" src=\"data:image\/svg+xml,%3Csvg%20xmlns%3D%22http%3A%2F%2Fwww.w3.org%2F2000%2Fsvg%22%20width%3D%22300%22%20height%3D%22250%22%20viewBox%3D%220%200%20300%20250%22%3E%3C%2Fsvg%3E\" loading=\"eager\"><\/span><span class=\"fg-image-overlay\"><\/span><\/a><figcaption class=\"fg-caption\"><div class=\"fg-caption-inner\"><div class=\"fg-caption-title\">Foto: Sandra Schwarz<\/div><\/div><\/figcaption><\/figure><div class=\"fg-loader\"><\/div><\/div><div class=\"fg-item fg-type-image fg-idle\"><figure class=\"fg-item-inner\"><a href=\"http:\/\/www.og-ommersheim.de\/wp-content\/uploads\/2018\/10\/IMG-20181028-WA0067.jpg\" data-caption-title=\"Foto: Sandra Schwarz\" data-attachment-id=\"7520\" rel=\"lightbox[7633]\" data-type=\"image\" class=\"fg-thumb\"><span class=\"fg-image-wrap\"><img decoding=\"async\" title=\"Foto: Sandra Schwarz\" width=\"300\" height=\"250\" class=\"skip-lazy fg-image\" data-src-fg=\"http:\/\/www.og-ommersheim.de\/wp-content\/uploads\/cache\/2018\/10\/IMG-20181028-WA0067\/585326601.jpg\" src=\"data:image\/svg+xml,%3Csvg%20xmlns%3D%22http%3A%2F%2Fwww.w3.org%2F2000%2Fsvg%22%20width%3D%22300%22%20height%3D%22250%22%20viewBox%3D%220%200%20300%20250%22%3E%3C%2Fsvg%3E\" loading=\"eager\"><\/span><span class=\"fg-image-overlay\"><\/span><\/a><figcaption class=\"fg-caption\"><div class=\"fg-caption-inner\"><div class=\"fg-caption-title\">Foto: Sandra Schwarz<\/div><\/div><\/figcaption><\/figure><div class=\"fg-loader\"><\/div><\/div><div class=\"fg-item fg-type-image fg-idle\"><figure class=\"fg-item-inner\"><a href=\"http:\/\/www.og-ommersheim.de\/wp-content\/uploads\/2018\/10\/IMG-20181028-WA0068.jpg\" data-caption-title=\"Foto: Sandra Schwarz\" data-attachment-id=\"7521\" rel=\"lightbox[7633]\" data-type=\"image\" class=\"fg-thumb\"><span class=\"fg-image-wrap\"><img decoding=\"async\" title=\"Foto: Sandra Schwarz\" width=\"300\" height=\"250\" class=\"skip-lazy fg-image\" data-src-fg=\"http:\/\/www.og-ommersheim.de\/wp-content\/uploads\/cache\/2018\/10\/IMG-20181028-WA0068\/2715337464.jpg\" src=\"data:image\/svg+xml,%3Csvg%20xmlns%3D%22http%3A%2F%2Fwww.w3.org%2F2000%2Fsvg%22%20width%3D%22300%22%20height%3D%22250%22%20viewBox%3D%220%200%20300%20250%22%3E%3C%2Fsvg%3E\" loading=\"eager\"><\/span><span class=\"fg-image-overlay\"><\/span><\/a><figcaption class=\"fg-caption\"><div class=\"fg-caption-inner\"><div class=\"fg-caption-title\">Foto: Sandra Schwarz<\/div><\/div><\/figcaption><\/figure><div class=\"fg-loader\"><\/div><\/div><div class=\"fg-item fg-type-image fg-idle\"><figure class=\"fg-item-inner\"><a href=\"http:\/\/www.og-ommersheim.de\/wp-content\/uploads\/2018\/10\/IMG-20181028-WA0069.jpg\" data-caption-title=\"Foto: Sandra Schwarz\" data-attachment-id=\"7522\" rel=\"lightbox[7633]\" data-type=\"image\" class=\"fg-thumb\"><span class=\"fg-image-wrap\"><img decoding=\"async\" title=\"Foto: Sandra Schwarz\" width=\"300\" height=\"250\" class=\"skip-lazy fg-image\" data-src-fg=\"http:\/\/www.og-ommersheim.de\/wp-content\/uploads\/cache\/2018\/10\/IMG-20181028-WA0069\/2203980417.jpg\" src=\"data:image\/svg+xml,%3Csvg%20xmlns%3D%22http%3A%2F%2Fwww.w3.org%2F2000%2Fsvg%22%20width%3D%22300%22%20height%3D%22250%22%20viewBox%3D%220%200%20300%20250%22%3E%3C%2Fsvg%3E\" loading=\"eager\"><\/span><span class=\"fg-image-overlay\"><\/span><\/a><figcaption class=\"fg-caption\"><div class=\"fg-caption-inner\"><div class=\"fg-caption-title\">Foto: Sandra Schwarz<\/div><\/div><\/figcaption><\/figure><div class=\"fg-loader\"><\/div><\/div><div class=\"fg-item fg-type-image fg-idle\"><figure class=\"fg-item-inner\"><a href=\"http:\/\/www.og-ommersheim.de\/wp-content\/uploads\/2018\/10\/IMG-20181028-WA0070.jpg\" data-caption-title=\"Foto: Sandra Schwarz\" data-attachment-id=\"7523\" rel=\"lightbox[7633]\" data-type=\"image\" class=\"fg-thumb\"><span class=\"fg-image-wrap\"><img decoding=\"async\" title=\"Foto: Sandra Schwarz\" width=\"300\" height=\"250\" class=\"skip-lazy fg-image\" data-src-fg=\"http:\/\/www.og-ommersheim.de\/wp-content\/uploads\/cache\/2018\/10\/IMG-20181028-WA0070\/3513888180.jpg\" src=\"data:image\/svg+xml,%3Csvg%20xmlns%3D%22http%3A%2F%2Fwww.w3.org%2F2000%2Fsvg%22%20width%3D%22300%22%20height%3D%22250%22%20viewBox%3D%220%200%20300%20250%22%3E%3C%2Fsvg%3E\" loading=\"eager\"><\/span><span class=\"fg-image-overlay\"><\/span><\/a><figcaption class=\"fg-caption\"><div class=\"fg-caption-inner\"><div class=\"fg-caption-title\">Foto: Sandra Schwarz<\/div><\/div><\/figcaption><\/figure><div class=\"fg-loader\"><\/div><\/div><div class=\"fg-item fg-type-image fg-idle\"><figure class=\"fg-item-inner\"><a href=\"http:\/\/www.og-ommersheim.de\/wp-content\/uploads\/2018\/10\/IMG-20181028-WA0071.jpg\" data-caption-title=\"Foto: Sandra Schwarz\" data-attachment-id=\"7524\" rel=\"lightbox[7633]\" data-type=\"image\" class=\"fg-thumb\"><span class=\"fg-image-wrap\"><img decoding=\"async\" title=\"Foto: Sandra Schwarz\" width=\"300\" height=\"250\" class=\"skip-lazy fg-image\" data-src-fg=\"http:\/\/www.og-ommersheim.de\/wp-content\/uploads\/cache\/2018\/10\/IMG-20181028-WA0071\/1088994040.jpg\" src=\"data:image\/svg+xml,%3Csvg%20xmlns%3D%22http%3A%2F%2Fwww.w3.org%2F2000%2Fsvg%22%20width%3D%22300%22%20height%3D%22250%22%20viewBox%3D%220%200%20300%20250%22%3E%3C%2Fsvg%3E\" loading=\"eager\"><\/span><span class=\"fg-image-overlay\"><\/span><\/a><figcaption class=\"fg-caption\"><div class=\"fg-caption-inner\"><div class=\"fg-caption-title\">Foto: Sandra Schwarz<\/div><\/div><\/figcaption><\/figure><div class=\"fg-loader\"><\/div><\/div><div class=\"fg-item fg-type-image fg-idle\"><figure class=\"fg-item-inner\"><a href=\"http:\/\/www.og-ommersheim.de\/wp-content\/uploads\/2018\/10\/IMG-20181028-WA0072.jpg\" data-caption-title=\"Foto: Sandra Schwarz\" data-attachment-id=\"7525\" rel=\"lightbox[7633]\" data-type=\"image\" class=\"fg-thumb\"><span class=\"fg-image-wrap\"><img decoding=\"async\" title=\"Foto: Sandra Schwarz\" width=\"300\" height=\"250\" class=\"skip-lazy fg-image\" data-src-fg=\"http:\/\/www.og-ommersheim.de\/wp-content\/uploads\/cache\/2018\/10\/IMG-20181028-WA0072\/2491157830.jpg\" src=\"data:image\/svg+xml,%3Csvg%20xmlns%3D%22http%3A%2F%2Fwww.w3.org%2F2000%2Fsvg%22%20width%3D%22300%22%20height%3D%22250%22%20viewBox%3D%220%200%20300%20250%22%3E%3C%2Fsvg%3E\" loading=\"eager\"><\/span><span class=\"fg-image-overlay\"><\/span><\/a><figcaption class=\"fg-caption\"><div class=\"fg-caption-inner\"><div class=\"fg-caption-title\">Foto: Sandra Schwarz<\/div><\/div><\/figcaption><\/figure><div class=\"fg-loader\"><\/div><\/div><div class=\"fg-item fg-type-image fg-idle\"><figure class=\"fg-item-inner\"><a href=\"http:\/\/www.og-ommersheim.de\/wp-content\/uploads\/2018\/10\/IMG-20181028-WA0073.jpg\" data-caption-title=\"Foto: Sandra Schwarz\" data-attachment-id=\"7526\" rel=\"lightbox[7633]\" data-type=\"image\" class=\"fg-thumb\"><span class=\"fg-image-wrap\"><img decoding=\"async\" title=\"Foto: Sandra Schwarz\" width=\"300\" height=\"250\" class=\"skip-lazy fg-image\" data-src-fg=\"http:\/\/www.og-ommersheim.de\/wp-content\/uploads\/cache\/2018\/10\/IMG-20181028-WA0073\/3069893951.jpg\" src=\"data:image\/svg+xml,%3Csvg%20xmlns%3D%22http%3A%2F%2Fwww.w3.org%2F2000%2Fsvg%22%20width%3D%22300%22%20height%3D%22250%22%20viewBox%3D%220%200%20300%20250%22%3E%3C%2Fsvg%3E\" loading=\"eager\"><\/span><span class=\"fg-image-overlay\"><\/span><\/a><figcaption class=\"fg-caption\"><div class=\"fg-caption-inner\"><div class=\"fg-caption-title\">Foto: Sandra Schwarz<\/div><\/div><\/figcaption><\/figure><div class=\"fg-loader\"><\/div><\/div><div class=\"fg-item fg-type-image fg-idle\"><figure class=\"fg-item-inner\"><a href=\"http:\/\/www.og-ommersheim.de\/wp-content\/uploads\/2018\/10\/IMG-20181028-WA0074.jpg\" data-caption-title=\"Foto: Sandra Schwarz\" data-attachment-id=\"7527\" rel=\"lightbox[7633]\" data-type=\"image\" class=\"fg-thumb\"><span class=\"fg-image-wrap\"><img decoding=\"async\" title=\"Foto: Sandra Schwarz\" width=\"300\" height=\"250\" class=\"skip-lazy fg-image\" data-src-fg=\"http:\/\/www.og-ommersheim.de\/wp-content\/uploads\/cache\/2018\/10\/IMG-20181028-WA0074\/3861144699.jpg\" src=\"data:image\/svg+xml,%3Csvg%20xmlns%3D%22http%3A%2F%2Fwww.w3.org%2F2000%2Fsvg%22%20width%3D%22300%22%20height%3D%22250%22%20viewBox%3D%220%200%20300%20250%22%3E%3C%2Fsvg%3E\" loading=\"eager\"><\/span><span class=\"fg-image-overlay\"><\/span><\/a><figcaption class=\"fg-caption\"><div class=\"fg-caption-inner\"><div class=\"fg-caption-title\">Foto: Sandra Schwarz<\/div><\/div><\/figcaption><\/figure><div class=\"fg-loader\"><\/div><\/div><div class=\"fg-item fg-type-image fg-idle\"><figure class=\"fg-item-inner\"><a href=\"http:\/\/www.og-ommersheim.de\/wp-content\/uploads\/2018\/10\/IMG-20181028-WA0075.jpg\" data-caption-title=\"Foto: Sandra Schwarz\" data-attachment-id=\"7528\" rel=\"lightbox[7633]\" data-type=\"image\" class=\"fg-thumb\"><span class=\"fg-image-wrap\"><img decoding=\"async\" title=\"Foto: Sandra Schwarz\" width=\"300\" height=\"250\" class=\"skip-lazy fg-image\" data-src-fg=\"http:\/\/www.og-ommersheim.de\/wp-content\/uploads\/cache\/2018\/10\/IMG-20181028-WA0075\/3404987164.jpg\" src=\"data:image\/svg+xml,%3Csvg%20xmlns%3D%22http%3A%2F%2Fwww.w3.org%2F2000%2Fsvg%22%20width%3D%22300%22%20height%3D%22250%22%20viewBox%3D%220%200%20300%20250%22%3E%3C%2Fsvg%3E\" loading=\"eager\"><\/span><span class=\"fg-image-overlay\"><\/span><\/a><figcaption class=\"fg-caption\"><div class=\"fg-caption-inner\"><div class=\"fg-caption-title\">Foto: Sandra Schwarz<\/div><\/div><\/figcaption><\/figure><div class=\"fg-loader\"><\/div><\/div><div class=\"fg-item fg-type-image fg-idle\"><figure class=\"fg-item-inner\"><a href=\"http:\/\/www.og-ommersheim.de\/wp-content\/uploads\/2018\/10\/IMG-20181028-WA0076.jpg\" data-caption-title=\"Foto: Sandra Schwarz\" data-attachment-id=\"7529\" rel=\"lightbox[7633]\" data-type=\"image\" class=\"fg-thumb\"><span class=\"fg-image-wrap\"><img decoding=\"async\" title=\"Foto: Sandra Schwarz\" width=\"300\" height=\"250\" class=\"skip-lazy fg-image\" data-src-fg=\"http:\/\/www.og-ommersheim.de\/wp-content\/uploads\/cache\/2018\/10\/IMG-20181028-WA0076\/510086306.jpg\" src=\"data:image\/svg+xml,%3Csvg%20xmlns%3D%22http%3A%2F%2Fwww.w3.org%2F2000%2Fsvg%22%20width%3D%22300%22%20height%3D%22250%22%20viewBox%3D%220%200%20300%20250%22%3E%3C%2Fsvg%3E\" loading=\"eager\"><\/span><span class=\"fg-image-overlay\"><\/span><\/a><figcaption class=\"fg-caption\"><div class=\"fg-caption-inner\"><div class=\"fg-caption-title\">Foto: Sandra Schwarz<\/div><\/div><\/figcaption><\/figure><div class=\"fg-loader\"><\/div><\/div><div class=\"fg-item fg-type-image fg-idle\"><figure class=\"fg-item-inner\"><a href=\"http:\/\/www.og-ommersheim.de\/wp-content\/uploads\/2018\/10\/IMG-20181028-WA0077.jpg\" data-caption-title=\"Foto: Sandra Schwarz\" data-attachment-id=\"7530\" rel=\"lightbox[7633]\" data-type=\"image\" class=\"fg-thumb\"><span class=\"fg-image-wrap\"><img decoding=\"async\" title=\"Foto: Sandra Schwarz\" width=\"300\" height=\"250\" class=\"skip-lazy fg-image\" data-src-fg=\"http:\/\/www.og-ommersheim.de\/wp-content\/uploads\/cache\/2018\/10\/IMG-20181028-WA0077\/538460851.jpg\" src=\"data:image\/svg+xml,%3Csvg%20xmlns%3D%22http%3A%2F%2Fwww.w3.org%2F2000%2Fsvg%22%20width%3D%22300%22%20height%3D%22250%22%20viewBox%3D%220%200%20300%20250%22%3E%3C%2Fsvg%3E\" loading=\"eager\"><\/span><span class=\"fg-image-overlay\"><\/span><\/a><figcaption class=\"fg-caption\"><div class=\"fg-caption-inner\"><div class=\"fg-caption-title\">Foto: Sandra Schwarz<\/div><\/div><\/figcaption><\/figure><div class=\"fg-loader\"><\/div><\/div><div class=\"fg-item fg-type-image fg-idle\"><figure class=\"fg-item-inner\"><a href=\"http:\/\/www.og-ommersheim.de\/wp-content\/uploads\/2018\/10\/IMG-20181028-WA0079.jpg\" data-caption-title=\"Foto: Sandra Schwarz\" data-attachment-id=\"7532\" rel=\"lightbox[7633]\" data-type=\"image\" class=\"fg-thumb\"><span class=\"fg-image-wrap\"><img decoding=\"async\" title=\"Foto: Sandra Schwarz\" width=\"300\" height=\"250\" class=\"skip-lazy fg-image\" data-src-fg=\"http:\/\/www.og-ommersheim.de\/wp-content\/uploads\/cache\/2018\/10\/IMG-20181028-WA0079\/2175086651.jpg\" src=\"data:image\/svg+xml,%3Csvg%20xmlns%3D%22http%3A%2F%2Fwww.w3.org%2F2000%2Fsvg%22%20width%3D%22300%22%20height%3D%22250%22%20viewBox%3D%220%200%20300%20250%22%3E%3C%2Fsvg%3E\" loading=\"eager\"><\/span><span class=\"fg-image-overlay\"><\/span><\/a><figcaption class=\"fg-caption\"><div class=\"fg-caption-inner\"><div class=\"fg-caption-title\">Foto: Sandra Schwarz<\/div><\/div><\/figcaption><\/figure><div class=\"fg-loader\"><\/div><\/div><div class=\"fg-item fg-type-image fg-idle\"><figure class=\"fg-item-inner\"><a href=\"http:\/\/www.og-ommersheim.de\/wp-content\/uploads\/2018\/10\/P1050159_.jpg\" data-caption-title=\"Foto: Stefan Lehnert\" data-attachment-id=\"7425\" rel=\"lightbox[7633]\" data-type=\"image\" class=\"fg-thumb\"><span class=\"fg-image-wrap\"><img decoding=\"async\" title=\"Foto: Stefan Lehnert\" width=\"300\" height=\"250\" class=\"skip-lazy fg-image\" data-src-fg=\"http:\/\/www.og-ommersheim.de\/wp-content\/uploads\/cache\/2018\/10\/P1050159_\/3213377359.jpg\" src=\"data:image\/svg+xml,%3Csvg%20xmlns%3D%22http%3A%2F%2Fwww.w3.org%2F2000%2Fsvg%22%20width%3D%22300%22%20height%3D%22250%22%20viewBox%3D%220%200%20300%20250%22%3E%3C%2Fsvg%3E\" loading=\"eager\"><\/span><span class=\"fg-image-overlay\"><\/span><\/a><figcaption class=\"fg-caption\"><div class=\"fg-caption-inner\"><div class=\"fg-caption-title\">Foto: Stefan Lehnert<\/div><\/div><\/figcaption><\/figure><div class=\"fg-loader\"><\/div><\/div><div class=\"fg-item fg-type-image fg-idle\"><figure class=\"fg-item-inner\"><a href=\"http:\/\/www.og-ommersheim.de\/wp-content\/uploads\/2018\/10\/P1050160_.jpg\" data-caption-title=\"Foto: Stefan Lehnert\" data-attachment-id=\"7426\" rel=\"lightbox[7633]\" data-type=\"image\" class=\"fg-thumb\"><span class=\"fg-image-wrap\"><img decoding=\"async\" title=\"Foto: Stefan Lehnert\" width=\"300\" height=\"250\" class=\"skip-lazy fg-image\" data-src-fg=\"http:\/\/www.og-ommersheim.de\/wp-content\/uploads\/cache\/2018\/10\/P1050160_\/2308873788.jpg\" src=\"data:image\/svg+xml,%3Csvg%20xmlns%3D%22http%3A%2F%2Fwww.w3.org%2F2000%2Fsvg%22%20width%3D%22300%22%20height%3D%22250%22%20viewBox%3D%220%200%20300%20250%22%3E%3C%2Fsvg%3E\" loading=\"eager\"><\/span><span class=\"fg-image-overlay\"><\/span><\/a><figcaption class=\"fg-caption\"><div class=\"fg-caption-inner\"><div class=\"fg-caption-title\">Foto: Stefan Lehnert<\/div><\/div><\/figcaption><\/figure><div class=\"fg-loader\"><\/div><\/div><div class=\"fg-item fg-type-image fg-idle\"><figure class=\"fg-item-inner\"><a href=\"http:\/\/www.og-ommersheim.de\/wp-content\/uploads\/2018\/10\/P1050161_.jpg\" data-caption-title=\"Foto: Stefan Lehnert\" data-attachment-id=\"7427\" rel=\"lightbox[7633]\" data-type=\"image\" class=\"fg-thumb\"><span class=\"fg-image-wrap\"><img decoding=\"async\" title=\"Foto: Stefan Lehnert\" width=\"300\" height=\"250\" class=\"skip-lazy fg-image\" data-src-fg=\"http:\/\/www.og-ommersheim.de\/wp-content\/uploads\/cache\/2018\/10\/P1050161_\/2979786342.jpg\" src=\"data:image\/svg+xml,%3Csvg%20xmlns%3D%22http%3A%2F%2Fwww.w3.org%2F2000%2Fsvg%22%20width%3D%22300%22%20height%3D%22250%22%20viewBox%3D%220%200%20300%20250%22%3E%3C%2Fsvg%3E\" loading=\"eager\"><\/span><span class=\"fg-image-overlay\"><\/span><\/a><figcaption class=\"fg-caption\"><div class=\"fg-caption-inner\"><div class=\"fg-caption-title\">Foto: Stefan Lehnert<\/div><\/div><\/figcaption><\/figure><div class=\"fg-loader\"><\/div><\/div><div class=\"fg-item fg-type-image fg-idle\"><figure class=\"fg-item-inner\"><a href=\"http:\/\/www.og-ommersheim.de\/wp-content\/uploads\/2018\/10\/P1050162_.jpg\" data-caption-title=\"Foto: Stefan Lehnert\" data-attachment-id=\"7428\" rel=\"lightbox[7633]\" data-type=\"image\" class=\"fg-thumb\"><span class=\"fg-image-wrap\"><img decoding=\"async\" title=\"Foto: Stefan Lehnert\" width=\"300\" height=\"250\" class=\"skip-lazy fg-image\" data-src-fg=\"http:\/\/www.og-ommersheim.de\/wp-content\/uploads\/cache\/2018\/10\/P1050162_\/3840919653.jpg\" src=\"data:image\/svg+xml,%3Csvg%20xmlns%3D%22http%3A%2F%2Fwww.w3.org%2F2000%2Fsvg%22%20width%3D%22300%22%20height%3D%22250%22%20viewBox%3D%220%200%20300%20250%22%3E%3C%2Fsvg%3E\" loading=\"eager\"><\/span><span class=\"fg-image-overlay\"><\/span><\/a><figcaption class=\"fg-caption\"><div class=\"fg-caption-inner\"><div class=\"fg-caption-title\">Foto: Stefan Lehnert<\/div><\/div><\/figcaption><\/figure><div class=\"fg-loader\"><\/div><\/div><div class=\"fg-item fg-type-image fg-idle\"><figure class=\"fg-item-inner\"><a href=\"http:\/\/www.og-ommersheim.de\/wp-content\/uploads\/2018\/10\/P1050163_.jpg\" data-caption-title=\"Foto: Stefan Lehnert\" data-attachment-id=\"7429\" rel=\"lightbox[7633]\" data-type=\"image\" class=\"fg-thumb\"><span class=\"fg-image-wrap\"><img decoding=\"async\" title=\"Foto: Stefan Lehnert\" width=\"300\" height=\"250\" class=\"skip-lazy fg-image\" data-src-fg=\"http:\/\/www.og-ommersheim.de\/wp-content\/uploads\/cache\/2018\/10\/P1050163_\/3706370111.jpg\" src=\"data:image\/svg+xml,%3Csvg%20xmlns%3D%22http%3A%2F%2Fwww.w3.org%2F2000%2Fsvg%22%20width%3D%22300%22%20height%3D%22250%22%20viewBox%3D%220%200%20300%20250%22%3E%3C%2Fsvg%3E\" loading=\"eager\"><\/span><span class=\"fg-image-overlay\"><\/span><\/a><figcaption class=\"fg-caption\"><div class=\"fg-caption-inner\"><div class=\"fg-caption-title\">Foto: Stefan Lehnert<\/div><\/div><\/figcaption><\/figure><div class=\"fg-loader\"><\/div><\/div><div class=\"fg-item fg-type-image fg-idle\"><figure class=\"fg-item-inner\"><a href=\"http:\/\/www.og-ommersheim.de\/wp-content\/uploads\/2018\/10\/P1050164_.jpg\" data-caption-title=\"Foto: Stefan Lehnert\" data-attachment-id=\"7430\" rel=\"lightbox[7633]\" data-type=\"image\" class=\"fg-thumb\"><span class=\"fg-image-wrap\"><img decoding=\"async\" title=\"Foto: Stefan Lehnert\" width=\"300\" height=\"250\" class=\"skip-lazy fg-image\" data-src-fg=\"http:\/\/www.og-ommersheim.de\/wp-content\/uploads\/cache\/2018\/10\/P1050164_\/1395868098.jpg\" src=\"data:image\/svg+xml,%3Csvg%20xmlns%3D%22http%3A%2F%2Fwww.w3.org%2F2000%2Fsvg%22%20width%3D%22300%22%20height%3D%22250%22%20viewBox%3D%220%200%20300%20250%22%3E%3C%2Fsvg%3E\" loading=\"eager\"><\/span><span class=\"fg-image-overlay\"><\/span><\/a><figcaption class=\"fg-caption\"><div class=\"fg-caption-inner\"><div class=\"fg-caption-title\">Foto: Stefan Lehnert<\/div><\/div><\/figcaption><\/figure><div class=\"fg-loader\"><\/div><\/div>    <\/div>\n<\/div>\n\n<form action=\"http:\/\/www.og-ommersheim.de\/wp-login.php?action=postpass\" class=\"post-password-form\" method=\"post\"><input type=\"hidden\" name=\"redirect_to\" value=\"\/index.php?rest_route=%2Fwp%2Fv2%2Fposts%2F7257\" \/>\n\t<p>Dieser Inhalt ist passwortgesch\u00fctzt. Bitte gib unten das Passwort ein, um ihn anzeigen zu k\u00f6nnen.<\/p>\n\t<p><label for=\"pwbox-7635\">Passwort: <input name=\"post_password\" id=\"pwbox-7635\" type=\"password\" spellcheck=\"false\" required size=\"20\" \/><\/label> <input type=\"submit\" name=\"Submit\" value=\"Absenden\" \/><\/p><\/form>\n\t\n<form action=\"http:\/\/www.og-ommersheim.de\/wp-login.php?action=postpass\" class=\"post-password-form\" method=\"post\"><input type=\"hidden\" name=\"redirect_to\" value=\"\/index.php?rest_route=%2Fwp%2Fv2%2Fposts%2F7257\" \/>\n\t<p>Dieser Inhalt ist passwortgesch\u00fctzt. Bitte gib unten das Passwort ein, um ihn anzeigen zu k\u00f6nnen.<\/p>\n\t<p><label for=\"pwbox-7637\">Passwort: <input name=\"post_password\" id=\"pwbox-7637\" type=\"password\" spellcheck=\"false\" required size=\"20\" \/><\/label> <input type=\"submit\" name=\"Submit\" value=\"Absenden\" \/><\/p><\/form>\n\t\n<div class=\"foogallery foogallery-container foogallery-thumbnail foogallery-single-thumbnail foogallery-lightbox-foobox fg-center fg-thumbnail fg-ready fg-light fg-border-thin fg-shadow-outline fg-loading-default fg-loaded-fade-in fg-caption-hover fg-hover-fade fg-hover-zoom\" id=\"foogallery-gallery-7639\" data-foogallery=\"{&quot;item&quot;:{&quot;showCaptionTitle&quot;:true,&quot;showCaptionDescription&quot;:true},&quot;lazy&quot;:true}\" style=\"--fg-title-line-clamp: 0; --fg-description-line-clamp: 0;\" >\n    <div class=\"fg-item fg-type-image fg-idle\"><figure class=\"fg-item-inner\"><a href=\"http:\/\/www.og-ommersheim.de\/wp-content\/uploads\/2018\/10\/P1050115_.jpg\" data-caption-title=\"Foto: Stefan Lehnert\" data-attachment-id=\"7381\" rel=\"lightbox[7639]\" data-type=\"image\" class=\"fg-thumb\"><span class=\"fg-image-wrap\"><img decoding=\"async\" title=\"Foto: Stefan Lehnert\" width=\"300\" height=\"250\" class=\"skip-lazy fg-image\" data-src-fg=\"http:\/\/www.og-ommersheim.de\/wp-content\/uploads\/cache\/2018\/10\/P1050115_\/3052967045.jpg\" src=\"data:image\/svg+xml,%3Csvg%20xmlns%3D%22http%3A%2F%2Fwww.w3.org%2F2000%2Fsvg%22%20width%3D%22300%22%20height%3D%22250%22%20viewBox%3D%220%200%20300%20250%22%3E%3C%2Fsvg%3E\" loading=\"eager\"><\/span><span class=\"fg-image-overlay\"><\/span><\/a><figcaption class=\"fg-caption\"><div class=\"fg-caption-inner\"><div class=\"fg-caption-desc\">Blindhund IPO<\/div><\/div><\/figcaption><\/figure><div class=\"fg-loader\"><\/div><\/div>        <div class=\"fg-st-hidden\">\n        <div class=\"fg-item fg-type-image fg-idle\"><figure class=\"fg-item-inner\"><a href=\"http:\/\/www.og-ommersheim.de\/wp-content\/uploads\/2018\/10\/P1050116_.jpg\" data-caption-title=\"Foto: Stefan Lehnert\" data-attachment-id=\"7382\" rel=\"lightbox[7639]\" data-type=\"image\" class=\"fg-thumb\"><span class=\"fg-image-wrap\"><img decoding=\"async\" title=\"Foto: Stefan Lehnert\" width=\"300\" height=\"250\" class=\"skip-lazy fg-image\" data-src-fg=\"http:\/\/www.og-ommersheim.de\/wp-content\/uploads\/cache\/2018\/10\/P1050116_\/3560292228.jpg\" src=\"data:image\/svg+xml,%3Csvg%20xmlns%3D%22http%3A%2F%2Fwww.w3.org%2F2000%2Fsvg%22%20width%3D%22300%22%20height%3D%22250%22%20viewBox%3D%220%200%20300%20250%22%3E%3C%2Fsvg%3E\" loading=\"eager\"><\/span><span class=\"fg-image-overlay\"><\/span><\/a><figcaption class=\"fg-caption\"><div class=\"fg-caption-inner\"><div class=\"fg-caption-title\">Foto: Stefan Lehnert<\/div><\/div><\/figcaption><\/figure><div class=\"fg-loader\"><\/div><\/div><div class=\"fg-item fg-type-image fg-idle\"><figure class=\"fg-item-inner\"><a href=\"http:\/\/www.og-ommersheim.de\/wp-content\/uploads\/2018\/10\/P1050117_.jpg\" data-caption-title=\"Foto: Stefan Lehnert\" data-attachment-id=\"7383\" rel=\"lightbox[7639]\" data-type=\"image\" class=\"fg-thumb\"><span class=\"fg-image-wrap\"><img decoding=\"async\" title=\"Foto: Stefan Lehnert\" width=\"300\" height=\"250\" class=\"skip-lazy fg-image\" data-src-fg=\"http:\/\/www.og-ommersheim.de\/wp-content\/uploads\/cache\/2018\/10\/P1050117_\/3962621918.jpg\" src=\"data:image\/svg+xml,%3Csvg%20xmlns%3D%22http%3A%2F%2Fwww.w3.org%2F2000%2Fsvg%22%20width%3D%22300%22%20height%3D%22250%22%20viewBox%3D%220%200%20300%20250%22%3E%3C%2Fsvg%3E\" loading=\"eager\"><\/span><span class=\"fg-image-overlay\"><\/span><\/a><figcaption class=\"fg-caption\"><div class=\"fg-caption-inner\"><div class=\"fg-caption-title\">Foto: Stefan Lehnert<\/div><\/div><\/figcaption><\/figure><div class=\"fg-loader\"><\/div><\/div><div class=\"fg-item fg-type-image fg-idle\"><figure class=\"fg-item-inner\"><a href=\"http:\/\/www.og-ommersheim.de\/wp-content\/uploads\/2018\/10\/P1050118_.jpg\" data-caption-title=\"Foto: Stefan Lehnert\" data-attachment-id=\"7384\" rel=\"lightbox[7639]\" data-type=\"image\" class=\"fg-thumb\"><span class=\"fg-image-wrap\"><img decoding=\"async\" title=\"Foto: Stefan Lehnert\" width=\"300\" height=\"250\" class=\"skip-lazy fg-image\" data-src-fg=\"http:\/\/www.og-ommersheim.de\/wp-content\/uploads\/cache\/2018\/10\/P1050118_\/4294065216.jpg\" src=\"data:image\/svg+xml,%3Csvg%20xmlns%3D%22http%3A%2F%2Fwww.w3.org%2F2000%2Fsvg%22%20width%3D%22300%22%20height%3D%22250%22%20viewBox%3D%220%200%20300%20250%22%3E%3C%2Fsvg%3E\" loading=\"eager\"><\/span><span class=\"fg-image-overlay\"><\/span><\/a><figcaption class=\"fg-caption\"><div class=\"fg-caption-inner\"><div class=\"fg-caption-title\">Foto: Stefan Lehnert<\/div><\/div><\/figcaption><\/figure><div class=\"fg-loader\"><\/div><\/div>    <\/div>\n<\/div>\n\n<div class=\"foogallery foogallery-container foogallery-thumbnail foogallery-single-thumbnail foogallery-lightbox-foobox fg-center fg-thumbnail fg-ready fg-light fg-border-thin fg-shadow-outline fg-loading-default fg-loaded-fade-in fg-caption-hover fg-hover-fade fg-hover-zoom\" id=\"foogallery-gallery-7641\" data-foogallery=\"{&quot;item&quot;:{&quot;showCaptionTitle&quot;:true,&quot;showCaptionDescription&quot;:true},&quot;lazy&quot;:true}\" style=\"--fg-title-line-clamp: 0; --fg-description-line-clamp: 0;\" >\n    <div class=\"fg-item fg-type-image fg-idle\"><figure class=\"fg-item-inner\"><a href=\"http:\/\/www.og-ommersheim.de\/wp-content\/uploads\/2018\/10\/P1050001_.jpg\" data-caption-title=\"Foto: Stefan Lehnert\" data-attachment-id=\"7267\" rel=\"lightbox[7641]\" data-type=\"image\" class=\"fg-thumb\"><span class=\"fg-image-wrap\"><img decoding=\"async\" title=\"Foto: Stefan Lehnert\" width=\"300\" height=\"250\" class=\"skip-lazy fg-image\" data-src-fg=\"http:\/\/www.og-ommersheim.de\/wp-content\/uploads\/cache\/2018\/10\/P1050001_\/1923048227.jpg\" src=\"data:image\/svg+xml,%3Csvg%20xmlns%3D%22http%3A%2F%2Fwww.w3.org%2F2000%2Fsvg%22%20width%3D%22300%22%20height%3D%22250%22%20viewBox%3D%220%200%20300%20250%22%3E%3C%2Fsvg%3E\" loading=\"eager\"><\/span><span class=\"fg-image-overlay\"><\/span><\/a><figcaption class=\"fg-caption\"><div class=\"fg-caption-inner\"><div class=\"fg-caption-desc\">Zuschauer Herbstpr\u00fcfung<\/div><\/div><\/figcaption><\/figure><div class=\"fg-loader\"><\/div><\/div>        <div class=\"fg-st-hidden\">\n        <div class=\"fg-item fg-type-image fg-idle\"><figure class=\"fg-item-inner\"><a href=\"http:\/\/www.og-ommersheim.de\/wp-content\/uploads\/2018\/10\/P1050002_.jpg\" data-caption-title=\"Foto: Stefan Lehnert\" data-attachment-id=\"7268\" rel=\"lightbox[7641]\" data-type=\"image\" class=\"fg-thumb\"><span class=\"fg-image-wrap\"><img decoding=\"async\" title=\"Foto: Stefan Lehnert\" width=\"300\" height=\"250\" class=\"skip-lazy fg-image\" data-src-fg=\"http:\/\/www.og-ommersheim.de\/wp-content\/uploads\/cache\/2018\/10\/P1050002_\/3914821254.jpg\" src=\"data:image\/svg+xml,%3Csvg%20xmlns%3D%22http%3A%2F%2Fwww.w3.org%2F2000%2Fsvg%22%20width%3D%22300%22%20height%3D%22250%22%20viewBox%3D%220%200%20300%20250%22%3E%3C%2Fsvg%3E\" loading=\"eager\"><\/span><span class=\"fg-image-overlay\"><\/span><\/a><figcaption class=\"fg-caption\"><div class=\"fg-caption-inner\"><div class=\"fg-caption-title\">Foto: Stefan Lehnert<\/div><\/div><\/figcaption><\/figure><div class=\"fg-loader\"><\/div><\/div><div class=\"fg-item fg-type-image fg-idle\"><figure class=\"fg-item-inner\"><a href=\"http:\/\/www.og-ommersheim.de\/wp-content\/uploads\/2018\/10\/P1050003_.jpg\" data-caption-title=\"Foto: Stefan Lehnert\" data-attachment-id=\"7269\" rel=\"lightbox[7641]\" data-type=\"image\" class=\"fg-thumb\"><span class=\"fg-image-wrap\"><img decoding=\"async\" title=\"Foto: Stefan Lehnert\" width=\"300\" height=\"250\" class=\"skip-lazy fg-image\" data-src-fg=\"http:\/\/www.og-ommersheim.de\/wp-content\/uploads\/cache\/2018\/10\/P1050003_\/3511819996.jpg\" src=\"data:image\/svg+xml,%3Csvg%20xmlns%3D%22http%3A%2F%2Fwww.w3.org%2F2000%2Fsvg%22%20width%3D%22300%22%20height%3D%22250%22%20viewBox%3D%220%200%20300%20250%22%3E%3C%2Fsvg%3E\" loading=\"eager\"><\/span><span class=\"fg-image-overlay\"><\/span><\/a><figcaption class=\"fg-caption\"><div class=\"fg-caption-inner\"><div class=\"fg-caption-title\">Foto: Stefan Lehnert<\/div><\/div><\/figcaption><\/figure><div class=\"fg-loader\"><\/div><\/div><div class=\"fg-item fg-type-image fg-idle\"><figure class=\"fg-item-inner\"><a href=\"http:\/\/www.og-ommersheim.de\/wp-content\/uploads\/2018\/10\/P1050004_.jpg\" data-caption-title=\"Foto: Stefan Lehnert\" data-attachment-id=\"7270\" rel=\"lightbox[7641]\" data-type=\"image\" class=\"fg-thumb\"><span class=\"fg-image-wrap\"><img decoding=\"async\" title=\"Foto: Stefan Lehnert\" width=\"300\" height=\"250\" class=\"skip-lazy fg-image\" data-src-fg=\"http:\/\/www.og-ommersheim.de\/wp-content\/uploads\/cache\/2018\/10\/P1050004_\/1586226977.jpg\" src=\"data:image\/svg+xml,%3Csvg%20xmlns%3D%22http%3A%2F%2Fwww.w3.org%2F2000%2Fsvg%22%20width%3D%22300%22%20height%3D%22250%22%20viewBox%3D%220%200%20300%20250%22%3E%3C%2Fsvg%3E\" loading=\"eager\"><\/span><span class=\"fg-image-overlay\"><\/span><\/a><figcaption class=\"fg-caption\"><div class=\"fg-caption-inner\"><div class=\"fg-caption-title\">Foto: Stefan Lehnert<\/div><\/div><\/figcaption><\/figure><div class=\"fg-loader\"><\/div><\/div><div class=\"fg-item fg-type-image fg-idle\"><figure class=\"fg-item-inner\"><a href=\"http:\/\/www.og-ommersheim.de\/wp-content\/uploads\/2018\/10\/P1050098_.jpg\" data-caption-title=\"Foto: Stefan Lehnert\" data-attachment-id=\"7364\" rel=\"lightbox[7641]\" data-type=\"image\" class=\"fg-thumb\"><span class=\"fg-image-wrap\"><img decoding=\"async\" title=\"Foto: Stefan Lehnert\" width=\"300\" height=\"250\" class=\"skip-lazy fg-image\" data-src-fg=\"http:\/\/www.og-ommersheim.de\/wp-content\/uploads\/cache\/2018\/10\/P1050098_\/1288198680.jpg\" src=\"data:image\/svg+xml,%3Csvg%20xmlns%3D%22http%3A%2F%2Fwww.w3.org%2F2000%2Fsvg%22%20width%3D%22300%22%20height%3D%22250%22%20viewBox%3D%220%200%20300%20250%22%3E%3C%2Fsvg%3E\" loading=\"eager\"><\/span><span class=\"fg-image-overlay\"><\/span><\/a><figcaption class=\"fg-caption\"><div class=\"fg-caption-inner\"><div class=\"fg-caption-title\">Foto: Stefan Lehnert<\/div><\/div><\/figcaption><\/figure><div class=\"fg-loader\"><\/div><\/div><div class=\"fg-item fg-type-image fg-idle\"><figure class=\"fg-item-inner\"><a href=\"http:\/\/www.og-ommersheim.de\/wp-content\/uploads\/2018\/10\/P1050103_.jpg\" data-caption-title=\"Foto: Stefan Lehnert\" data-attachment-id=\"7369\" rel=\"lightbox[7641]\" data-type=\"image\" class=\"fg-thumb\"><span class=\"fg-image-wrap\"><img decoding=\"async\" title=\"Foto: Stefan Lehnert\" width=\"300\" height=\"250\" class=\"skip-lazy fg-image\" data-src-fg=\"http:\/\/www.og-ommersheim.de\/wp-content\/uploads\/cache\/2018\/10\/P1050103_\/3238257211.jpg\" src=\"data:image\/svg+xml,%3Csvg%20xmlns%3D%22http%3A%2F%2Fwww.w3.org%2F2000%2Fsvg%22%20width%3D%22300%22%20height%3D%22250%22%20viewBox%3D%220%200%20300%20250%22%3E%3C%2Fsvg%3E\" loading=\"eager\"><\/span><span class=\"fg-image-overlay\"><\/span><\/a><figcaption class=\"fg-caption\"><div class=\"fg-caption-inner\"><div class=\"fg-caption-title\">Foto: Stefan Lehnert<\/div><\/div><\/figcaption><\/figure><div class=\"fg-loader\"><\/div><\/div><div class=\"fg-item fg-type-image fg-idle\"><figure class=\"fg-item-inner\"><a href=\"http:\/\/www.og-ommersheim.de\/wp-content\/uploads\/2018\/10\/IMG-20181028-WA0020.jpg\" data-caption-title=\"Foto: Sandra Schwarz\" data-attachment-id=\"7473\" rel=\"lightbox[7641]\" data-type=\"image\" class=\"fg-thumb\"><span class=\"fg-image-wrap\"><img decoding=\"async\" title=\"Foto: Sandra Schwarz\" width=\"300\" height=\"250\" class=\"skip-lazy fg-image\" data-src-fg=\"http:\/\/www.og-ommersheim.de\/wp-content\/uploads\/cache\/2018\/10\/IMG-20181028-WA0020\/2330812134.jpg\" src=\"data:image\/svg+xml,%3Csvg%20xmlns%3D%22http%3A%2F%2Fwww.w3.org%2F2000%2Fsvg%22%20width%3D%22300%22%20height%3D%22250%22%20viewBox%3D%220%200%20300%20250%22%3E%3C%2Fsvg%3E\" loading=\"eager\"><\/span><span class=\"fg-image-overlay\"><\/span><\/a><figcaption class=\"fg-caption\"><div class=\"fg-caption-inner\"><div class=\"fg-caption-title\">Foto: Sandra Schwarz<\/div><\/div><\/figcaption><\/figure><div class=\"fg-loader\"><\/div><\/div><div class=\"fg-item fg-type-image fg-idle\"><figure class=\"fg-item-inner\"><a href=\"http:\/\/www.og-ommersheim.de\/wp-content\/uploads\/2018\/10\/IMG-20181028-WA0024.jpg\" data-caption-title=\"Foto: Sandra Schwarz\" data-attachment-id=\"7477\" rel=\"lightbox[7641]\" data-type=\"image\" class=\"fg-thumb\"><span class=\"fg-image-wrap\"><img decoding=\"async\" title=\"Foto: Sandra Schwarz\" width=\"300\" height=\"250\" class=\"skip-lazy fg-image\" data-src-fg=\"http:\/\/www.og-ommersheim.de\/wp-content\/uploads\/cache\/2018\/10\/IMG-20181028-WA0024\/3182991145.jpg\" src=\"data:image\/svg+xml,%3Csvg%20xmlns%3D%22http%3A%2F%2Fwww.w3.org%2F2000%2Fsvg%22%20width%3D%22300%22%20height%3D%22250%22%20viewBox%3D%220%200%20300%20250%22%3E%3C%2Fsvg%3E\" loading=\"eager\"><\/span><span class=\"fg-image-overlay\"><\/span><\/a><figcaption class=\"fg-caption\"><div class=\"fg-caption-inner\"><div class=\"fg-caption-title\">Foto: Sandra Schwarz<\/div><\/div><\/figcaption><\/figure><div class=\"fg-loader\"><\/div><\/div><div class=\"fg-item fg-type-image fg-idle\"><figure class=\"fg-item-inner\"><a href=\"http:\/\/www.og-ommersheim.de\/wp-content\/uploads\/2018\/10\/IMG-20181028-WA0025.jpg\" data-caption-title=\"Foto: Sandra Schwarz\" data-attachment-id=\"7478\" rel=\"lightbox[7641]\" data-type=\"image\" class=\"fg-thumb\"><span class=\"fg-image-wrap\"><img decoding=\"async\" title=\"Foto: Sandra Schwarz\" width=\"300\" height=\"250\" class=\"skip-lazy fg-image\" data-src-fg=\"http:\/\/www.og-ommersheim.de\/wp-content\/uploads\/cache\/2018\/10\/IMG-20181028-WA0025\/2439972942.jpg\" src=\"data:image\/svg+xml,%3Csvg%20xmlns%3D%22http%3A%2F%2Fwww.w3.org%2F2000%2Fsvg%22%20width%3D%22300%22%20height%3D%22250%22%20viewBox%3D%220%200%20300%20250%22%3E%3C%2Fsvg%3E\" loading=\"eager\"><\/span><span class=\"fg-image-overlay\"><\/span><\/a><figcaption class=\"fg-caption\"><div class=\"fg-caption-inner\"><div class=\"fg-caption-title\">Foto: Sandra Schwarz<\/div><\/div><\/figcaption><\/figure><div class=\"fg-loader\"><\/div><\/div><div class=\"fg-item fg-type-image fg-idle\"><figure class=\"fg-item-inner\"><a href=\"http:\/\/www.og-ommersheim.de\/wp-content\/uploads\/2018\/10\/IMG-20181028-WA0044.jpg\" data-caption-title=\"Foto: Sandra Schwarz\" data-attachment-id=\"7497\" rel=\"lightbox[7641]\" data-type=\"image\" class=\"fg-thumb\"><span class=\"fg-image-wrap\"><img decoding=\"async\" title=\"Foto: Sandra Schwarz\" width=\"300\" height=\"250\" class=\"skip-lazy fg-image\" data-src-fg=\"http:\/\/www.og-ommersheim.de\/wp-content\/uploads\/cache\/2018\/10\/IMG-20181028-WA0044\/530837373.jpg\" src=\"data:image\/svg+xml,%3Csvg%20xmlns%3D%22http%3A%2F%2Fwww.w3.org%2F2000%2Fsvg%22%20width%3D%22300%22%20height%3D%22250%22%20viewBox%3D%220%200%20300%20250%22%3E%3C%2Fsvg%3E\" loading=\"eager\"><\/span><span class=\"fg-image-overlay\"><\/span><\/a><figcaption class=\"fg-caption\"><div class=\"fg-caption-inner\"><div class=\"fg-caption-title\">Foto: Sandra Schwarz<\/div><\/div><\/figcaption><\/figure><div class=\"fg-loader\"><\/div><\/div><div class=\"fg-item fg-type-image fg-idle\"><figure class=\"fg-item-inner\"><a href=\"http:\/\/www.og-ommersheim.de\/wp-content\/uploads\/2018\/10\/IMG-20181028-WA0062.jpg\" data-caption-title=\"Foto: Sandra Schwarz\" data-attachment-id=\"7515\" rel=\"lightbox[7641]\" data-type=\"image\" class=\"fg-thumb\"><span class=\"fg-image-wrap\"><img decoding=\"async\" title=\"Foto: Sandra Schwarz\" width=\"300\" height=\"250\" class=\"skip-lazy fg-image\" data-src-fg=\"http:\/\/www.og-ommersheim.de\/wp-content\/uploads\/cache\/2018\/10\/IMG-20181028-WA0062\/729338752.jpg\" src=\"data:image\/svg+xml,%3Csvg%20xmlns%3D%22http%3A%2F%2Fwww.w3.org%2F2000%2Fsvg%22%20width%3D%22300%22%20height%3D%22250%22%20viewBox%3D%220%200%20300%20250%22%3E%3C%2Fsvg%3E\" loading=\"eager\"><\/span><span class=\"fg-image-overlay\"><\/span><\/a><figcaption class=\"fg-caption\"><div class=\"fg-caption-inner\"><div class=\"fg-caption-title\">Foto: Sandra Schwarz<\/div><\/div><\/figcaption><\/figure><div class=\"fg-loader\"><\/div><\/div><div class=\"fg-item fg-type-image fg-idle\"><figure class=\"fg-item-inner\"><a href=\"http:\/\/www.og-ommersheim.de\/wp-content\/uploads\/2018\/10\/IMG-20181028-WA0078.jpg\" data-caption-title=\"Foto: Sandra Schwarz\" data-attachment-id=\"7531\" rel=\"lightbox[7641]\" data-type=\"image\" class=\"fg-thumb\"><span class=\"fg-image-wrap\"><img decoding=\"async\" title=\"Foto: Sandra Schwarz\" width=\"300\" height=\"250\" class=\"skip-lazy fg-image\" data-src-fg=\"http:\/\/www.og-ommersheim.de\/wp-content\/uploads\/cache\/2018\/10\/IMG-20181028-WA0078\/903639500.jpg\" src=\"data:image\/svg+xml,%3Csvg%20xmlns%3D%22http%3A%2F%2Fwww.w3.org%2F2000%2Fsvg%22%20width%3D%22300%22%20height%3D%22250%22%20viewBox%3D%220%200%20300%20250%22%3E%3C%2Fsvg%3E\" loading=\"eager\"><\/span><span class=\"fg-image-overlay\"><\/span><\/a><figcaption class=\"fg-caption\"><div class=\"fg-caption-inner\"><div class=\"fg-caption-title\">Foto: Sandra Schwarz<\/div><\/div><\/figcaption><\/figure><div class=\"fg-loader\"><\/div><\/div><div class=\"fg-item fg-type-image fg-idle\"><figure class=\"fg-item-inner\"><a href=\"http:\/\/www.og-ommersheim.de\/wp-content\/uploads\/2018\/10\/IMG-20181028-WA0139.jpg\" data-caption-title=\"Foto: Sandra Schwarz\" data-attachment-id=\"7592\" rel=\"lightbox[7641]\" data-type=\"image\" class=\"fg-thumb\"><span class=\"fg-image-wrap\"><img decoding=\"async\" title=\"Foto: Sandra Schwarz\" width=\"300\" height=\"250\" class=\"skip-lazy fg-image\" data-src-fg=\"http:\/\/www.og-ommersheim.de\/wp-content\/uploads\/cache\/2018\/10\/IMG-20181028-WA0139\/578109885.jpg\" src=\"data:image\/svg+xml,%3Csvg%20xmlns%3D%22http%3A%2F%2Fwww.w3.org%2F2000%2Fsvg%22%20width%3D%22300%22%20height%3D%22250%22%20viewBox%3D%220%200%20300%20250%22%3E%3C%2Fsvg%3E\" loading=\"eager\"><\/span><span class=\"fg-image-overlay\"><\/span><\/a><figcaption class=\"fg-caption\"><div class=\"fg-caption-inner\"><div class=\"fg-caption-title\">Foto: Sandra Schwarz<\/div><\/div><\/figcaption><\/figure><div class=\"fg-loader\"><\/div><\/div><div class=\"fg-item fg-type-image fg-idle\"><figure class=\"fg-item-inner\"><a href=\"http:\/\/www.og-ommersheim.de\/wp-content\/uploads\/2018\/10\/IMG-20181028-WA0141.jpg\" data-caption-title=\"Foto: Sandra Schwarz\" data-attachment-id=\"7594\" rel=\"lightbox[7641]\" data-type=\"image\" class=\"fg-thumb\"><span class=\"fg-image-wrap\"><img decoding=\"async\" title=\"Foto: Sandra Schwarz\" width=\"300\" height=\"250\" class=\"skip-lazy fg-image\" data-src-fg=\"http:\/\/www.og-ommersheim.de\/wp-content\/uploads\/cache\/2018\/10\/IMG-20181028-WA0141\/2463731790.jpg\" src=\"data:image\/svg+xml,%3Csvg%20xmlns%3D%22http%3A%2F%2Fwww.w3.org%2F2000%2Fsvg%22%20width%3D%22300%22%20height%3D%22250%22%20viewBox%3D%220%200%20300%20250%22%3E%3C%2Fsvg%3E\" loading=\"eager\"><\/span><span class=\"fg-image-overlay\"><\/span><\/a><figcaption class=\"fg-caption\"><div class=\"fg-caption-inner\"><div class=\"fg-caption-title\">Foto: Sandra Schwarz<\/div><\/div><\/figcaption><\/figure><div class=\"fg-loader\"><\/div><\/div><div class=\"fg-item fg-type-image fg-idle\"><figure class=\"fg-item-inner\"><a href=\"http:\/\/www.og-ommersheim.de\/wp-content\/uploads\/2018\/10\/P1050178_.jpg\" data-caption-title=\"Foto: Stefan Lehnert\" data-attachment-id=\"7444\" rel=\"lightbox[7641]\" data-type=\"image\" class=\"fg-thumb\"><span class=\"fg-image-wrap\"><img decoding=\"async\" title=\"Foto: Stefan Lehnert\" width=\"300\" height=\"250\" class=\"skip-lazy fg-image\" data-src-fg=\"http:\/\/www.og-ommersheim.de\/wp-content\/uploads\/cache\/2018\/10\/P1050178_\/59308821.jpg\" src=\"data:image\/svg+xml,%3Csvg%20xmlns%3D%22http%3A%2F%2Fwww.w3.org%2F2000%2Fsvg%22%20width%3D%22300%22%20height%3D%22250%22%20viewBox%3D%220%200%20300%20250%22%3E%3C%2Fsvg%3E\" loading=\"eager\"><\/span><span class=\"fg-image-overlay\"><\/span><\/a><figcaption class=\"fg-caption\"><div class=\"fg-caption-inner\"><div class=\"fg-caption-title\">Foto: Stefan Lehnert<\/div><\/div><\/figcaption><\/figure><div class=\"fg-loader\"><\/div><\/div><div class=\"fg-item fg-type-image fg-idle\"><figure class=\"fg-item-inner\"><a href=\"http:\/\/www.og-ommersheim.de\/wp-content\/uploads\/2018\/10\/P1050179_.jpg\" data-caption-title=\"Foto: Stefan Lehnert\" data-attachment-id=\"7445\" rel=\"lightbox[7641]\" data-type=\"image\" class=\"fg-thumb\"><span class=\"fg-image-wrap\"><img decoding=\"async\" title=\"Foto: Stefan Lehnert\" width=\"300\" height=\"250\" class=\"skip-lazy fg-image\" data-src-fg=\"http:\/\/www.og-ommersheim.de\/wp-content\/uploads\/cache\/2018\/10\/P1050179_\/999131983.jpg\" src=\"data:image\/svg+xml,%3Csvg%20xmlns%3D%22http%3A%2F%2Fwww.w3.org%2F2000%2Fsvg%22%20width%3D%22300%22%20height%3D%22250%22%20viewBox%3D%220%200%20300%20250%22%3E%3C%2Fsvg%3E\" loading=\"eager\"><\/span><span class=\"fg-image-overlay\"><\/span><\/a><figcaption class=\"fg-caption\"><div class=\"fg-caption-inner\"><div class=\"fg-caption-title\">Foto: Stefan Lehnert<\/div><\/div><\/figcaption><\/figure><div class=\"fg-loader\"><\/div><\/div><div class=\"fg-item fg-type-image fg-idle\"><figure class=\"fg-item-inner\"><a href=\"http:\/\/www.og-ommersheim.de\/wp-content\/uploads\/2018\/10\/P1050180_.jpg\" data-caption-title=\"Foto: Stefan Lehnert\" data-attachment-id=\"7446\" rel=\"lightbox[7641]\" data-type=\"image\" class=\"fg-thumb\"><span class=\"fg-image-wrap\"><img decoding=\"async\" title=\"Foto: Stefan Lehnert\" width=\"300\" height=\"250\" class=\"skip-lazy fg-image\" data-src-fg=\"http:\/\/www.og-ommersheim.de\/wp-content\/uploads\/cache\/2018\/10\/P1050180_\/396872370.jpg\" src=\"data:image\/svg+xml,%3Csvg%20xmlns%3D%22http%3A%2F%2Fwww.w3.org%2F2000%2Fsvg%22%20width%3D%22300%22%20height%3D%22250%22%20viewBox%3D%220%200%20300%20250%22%3E%3C%2Fsvg%3E\" loading=\"eager\"><\/span><span class=\"fg-image-overlay\"><\/span><\/a><figcaption class=\"fg-caption\"><div class=\"fg-caption-inner\"><div class=\"fg-caption-title\">Foto: Stefan Lehnert<\/div><\/div><\/figcaption><\/figure><div class=\"fg-loader\"><\/div><\/div><div class=\"fg-item fg-type-image fg-idle\"><figure class=\"fg-item-inner\"><a href=\"http:\/\/www.og-ommersheim.de\/wp-content\/uploads\/2018\/10\/P1050181_.jpg\" data-caption-title=\"Foto: Stefan Lehnert\" data-attachment-id=\"7447\" rel=\"lightbox[7641]\" data-type=\"image\" class=\"fg-thumb\"><span class=\"fg-image-wrap\"><img decoding=\"async\" title=\"Foto: Stefan Lehnert\" width=\"300\" height=\"250\" class=\"skip-lazy fg-image\" data-src-fg=\"http:\/\/www.og-ommersheim.de\/wp-content\/uploads\/cache\/2018\/10\/P1050181_\/799193832.jpg\" src=\"data:image\/svg+xml,%3Csvg%20xmlns%3D%22http%3A%2F%2Fwww.w3.org%2F2000%2Fsvg%22%20width%3D%22300%22%20height%3D%22250%22%20viewBox%3D%220%200%20300%20250%22%3E%3C%2Fsvg%3E\" loading=\"eager\"><\/span><span class=\"fg-image-overlay\"><\/span><\/a><figcaption class=\"fg-caption\"><div class=\"fg-caption-inner\"><div class=\"fg-caption-title\">Foto: Stefan Lehnert<\/div><\/div><\/figcaption><\/figure><div class=\"fg-loader\"><\/div><\/div><div class=\"fg-item fg-type-image fg-idle\"><figure class=\"fg-item-inner\"><a href=\"http:\/\/www.og-ommersheim.de\/wp-content\/uploads\/2018\/10\/P1050182_.jpg\" data-caption-title=\"Foto: Stefan Lehnert\" data-attachment-id=\"7448\" rel=\"lightbox[7641]\" data-type=\"image\" class=\"fg-thumb\"><span class=\"fg-image-wrap\"><img decoding=\"async\" title=\"Foto: Stefan Lehnert\" width=\"300\" height=\"250\" class=\"skip-lazy fg-image\" data-src-fg=\"http:\/\/www.og-ommersheim.de\/wp-content\/uploads\/cache\/2018\/10\/P1050182_\/2060885227.jpg\" src=\"data:image\/svg+xml,%3Csvg%20xmlns%3D%22http%3A%2F%2Fwww.w3.org%2F2000%2Fsvg%22%20width%3D%22300%22%20height%3D%22250%22%20viewBox%3D%220%200%20300%20250%22%3E%3C%2Fsvg%3E\" loading=\"eager\"><\/span><span class=\"fg-image-overlay\"><\/span><\/a><figcaption class=\"fg-caption\"><div class=\"fg-caption-inner\"><div class=\"fg-caption-title\">Foto: Stefan Lehnert<\/div><\/div><\/figcaption><\/figure><div class=\"fg-loader\"><\/div><\/div><div class=\"fg-item fg-type-image fg-idle\"><figure class=\"fg-item-inner\"><a href=\"http:\/\/www.og-ommersheim.de\/wp-content\/uploads\/2018\/10\/P1050184_.jpg\" data-caption-title=\"Foto: Stefan Lehnert\" data-attachment-id=\"7450\" rel=\"lightbox[7641]\" data-type=\"image\" class=\"fg-thumb\"><span class=\"fg-image-wrap\"><img decoding=\"async\" title=\"Foto: Stefan Lehnert\" width=\"300\" height=\"250\" class=\"skip-lazy fg-image\" data-src-fg=\"http:\/\/www.og-ommersheim.de\/wp-content\/uploads\/cache\/2018\/10\/P1050184_\/3439990092.jpg\" src=\"data:image\/svg+xml,%3Csvg%20xmlns%3D%22http%3A%2F%2Fwww.w3.org%2F2000%2Fsvg%22%20width%3D%22300%22%20height%3D%22250%22%20viewBox%3D%220%200%20300%20250%22%3E%3C%2Fsvg%3E\" loading=\"eager\"><\/span><span class=\"fg-image-overlay\"><\/span><\/a><figcaption class=\"fg-caption\"><div class=\"fg-caption-inner\"><div class=\"fg-caption-title\">Foto: Stefan Lehnert<\/div><\/div><\/figcaption><\/figure><div class=\"fg-loader\"><\/div><\/div><div class=\"fg-item fg-type-image fg-idle\"><figure class=\"fg-item-inner\"><a href=\"http:\/\/www.og-ommersheim.de\/wp-content\/uploads\/2018\/10\/P1050185_.jpg\" data-caption-title=\"Foto: Stefan Lehnert\" data-attachment-id=\"7451\" rel=\"lightbox[7641]\" data-type=\"image\" class=\"fg-thumb\"><span class=\"fg-image-wrap\"><img decoding=\"async\" title=\"Foto: Stefan Lehnert\" width=\"300\" height=\"250\" class=\"skip-lazy fg-image\" data-src-fg=\"http:\/\/www.og-ommersheim.de\/wp-content\/uploads\/cache\/2018\/10\/P1050185_\/4111426838.jpg\" src=\"data:image\/svg+xml,%3Csvg%20xmlns%3D%22http%3A%2F%2Fwww.w3.org%2F2000%2Fsvg%22%20width%3D%22300%22%20height%3D%22250%22%20viewBox%3D%220%200%20300%20250%22%3E%3C%2Fsvg%3E\" loading=\"eager\"><\/span><span class=\"fg-image-overlay\"><\/span><\/a><figcaption class=\"fg-caption\"><div class=\"fg-caption-inner\"><div class=\"fg-caption-title\">Foto: Stefan Lehnert<\/div><\/div><\/figcaption><\/figure><div class=\"fg-loader\"><\/div><\/div>    <\/div>\n<\/div>\n\n<p>Nachfolgend die Ergebnisse:<\/p>\n<table width=\"603\">\n<tbody>\n<tr>\n<td width=\"147\"><\/td>\n<td width=\"219\"><\/td>\n<td width=\"135\"><\/td>\n<td width=\"102\"><\/td>\n<\/tr>\n<tr>\n<td width=\"147\">Hundef\u00fchrer<\/td>\n<td width=\"219\">Hund<\/td>\n<td width=\"135\">Pr. St.<\/td>\n<td width=\"102\">Ergebnis<\/td>\n<\/tr>\n<tr>\n<td width=\"147\"><\/td>\n<td width=\"219\"><\/td>\n<td width=\"135\"><\/td>\n<td width=\"102\"><\/td>\n<\/tr>\n<tr>\n<td width=\"147\">Jaqueline Braun<\/td>\n<td width=\"219\">EYK vom Donnersberger Land<\/td>\n<td width=\"135\">BH<\/td>\n<td width=\"102\">44<\/td>\n<\/tr>\n<tr>\n<td width=\"147\">Monika Caspar<\/td>\n<td width=\"219\">Crazy vom Liemespark<\/td>\n<td width=\"135\">BH<\/td>\n<td width=\"102\">54<\/td>\n<\/tr>\n<tr>\n<td width=\"147\">Stefan Lehnert<\/td>\n<td width=\"219\">Dschinie vom Hof Peters<\/td>\n<td width=\"135\">BH<\/td>\n<td width=\"102\">46<\/td>\n<\/tr>\n<tr>\n<td width=\"147\">Stefan Lehnert<\/td>\n<td width=\"219\">Priska von der Wolfsquelle<\/td>\n<td width=\"135\">BH<\/td>\n<td width=\"102\">51<\/td>\n<\/tr>\n<tr>\n<td width=\"147\">Uta K\u00f6lsch<\/td>\n<td width=\"219\">Geena-Mae des travaillieurs barbus<\/td>\n<td width=\"135\">FPR 1<\/td>\n<td width=\"102\">5<\/td>\n<\/tr>\n<tr>\n<td width=\"147\">Daniel M\u00e4nnlein<\/td>\n<td width=\"219\">Lorie de la cite de loups gris<\/td>\n<td width=\"135\">IPO 2<\/td>\n<td width=\"102\">91\/83\/85\/259<\/td>\n<\/tr>\n<tr>\n<td width=\"147\">000 000<\/td>\n<td width=\"219\">000<\/td>\n<td width=\"135\">IPO 3<\/td>\n<td width=\"102\">91\/83\/83\/257<\/td>\n<\/tr>\n<tr>\n<td width=\"147\">000 000<\/td>\n<td width=\"219\">000<\/td>\n<td width=\"135\">IPO 3<\/td>\n<td width=\"102\">91\/84\/82\/257<\/td>\n<\/tr>\n<\/tbody>\n<\/table>\n","protected":false},"excerpt":{"rendered":"<p>Herbstpr\u00fcfung Ommersheim 2018 Am 28.10.2018 richtete die OG ihre allj\u00e4hrliche Herbstpr\u00fcfung aus. Als Leistungsrichter konnte der 2-te Vorsitzende der Landesgruppe Saar J\u00fcrgen Klein verpflichtet werden. Gegen 8.00 Uhr in der Fr\u00fch trafen<a class=\"moretag\" href=\"http:\/\/www.og-ommersheim.de\/?p=7257\">Read More&#8230;<\/a><\/p>\n","protected":false},"author":3,"featured_media":0,"comment_status":"open","ping_status":"open","sticky":false,"template":"","format":"standard","meta":{"_jetpack_memberships_contains_paid_content":false,"footnotes":""},"categories":[1,10],"tags":[],"class_list":["post-7257","post","type-post","status-publish","format-standard","hentry","category-uncategorized","category-vereinspruefungen"],"jetpack_featured_media_url":"","jetpack_sharing_enabled":true,"_links":{"self":[{"href":"http:\/\/www.og-ommersheim.de\/index.php?rest_route=\/wp\/v2\/posts\/7257","targetHints":{"allow":["GET"]}}],"collection":[{"href":"http:\/\/www.og-ommersheim.de\/index.php?rest_route=\/wp\/v2\/posts"}],"about":[{"href":"http:\/\/www.og-ommersheim.de\/index.php?rest_route=\/wp\/v2\/types\/post"}],"author":[{"embeddable":true,"href":"http:\/\/www.og-ommersheim.de\/index.php?rest_route=\/wp\/v2\/users\/3"}],"replies":[{"embeddable":true,"href":"http:\/\/www.og-ommersheim.de\/index.php?rest_route=%2Fwp%2Fv2%2Fcomments&post=7257"}],"version-history":[{"count":17,"href":"http:\/\/www.og-ommersheim.de\/index.php?rest_route=\/wp\/v2\/posts\/7257\/revisions"}],"predecessor-version":[{"id":10211,"href":"http:\/\/www.og-ommersheim.de\/index.php?rest_route=\/wp\/v2\/posts\/7257\/revisions\/10211"}],"wp:attachment":[{"href":"http:\/\/www.og-ommersheim.de\/index.php?rest_route=%2Fwp%2Fv2%2Fmedia&parent=7257"}],"wp:term":[{"taxonomy":"category","embeddable":true,"href":"http:\/\/www.og-ommersheim.de\/index.php?rest_route=%2Fwp%2Fv2%2Fcategories&post=7257"},{"taxonomy":"post_tag","embeddable":true,"href":"http:\/\/www.og-ommersheim.de\/index.php?rest_route=%2Fwp%2Fv2%2Ftags&post=7257"}],"curies":[{"name":"wp","href":"https:\/\/api.w.org\/{rel}","templated":true}]}}