{"id":8184,"date":"2019-04-27T20:38:56","date_gmt":"2019-04-27T20:38:56","guid":{"rendered":"http:\/\/www.og-ommersheim.de\/?p=8184"},"modified":"2021-12-25T12:02:28","modified_gmt":"2021-12-25T12:02:28","slug":"fruehjahrspruefung-ommersheim-2019","status":"publish","type":"post","link":"http:\/\/www.og-ommersheim.de\/?p=8184","title":{"rendered":"Fr\u00fchjahrspr\u00fcfung Ommersheim 2019"},"content":{"rendered":"<h2>Fr\u00fchjahrspr\u00fcfung 2019 Ommersheim<\/h2>\n<p>Am 27. April fand in der OG Ommersheim die allj\u00e4hrliche Fr\u00fchjahrspr\u00fcfung statt. Als Leistungsrichter hatten wir diesmal den Landesgruppenvorsitzenden Helmut K\u00f6nig verpflichten k\u00f6nnen. Wir trafen uns schon fr\u00fch um 7.00 Uhr mit unseren Hunden zur Pr\u00fcfung. Als Pr\u00fcfungsteilnehmer gingen drei Begleithunde, zwei IGP1, zwei IGP3, sowie ein schriftlicher Sachkundenachweis an den Start. Alle Teilnehmer waren Mitglieder der Ortsgruppe Ommersheim.<\/p>\n<p>Nach Durchsicht der Unterlagen fuhren wir ins F\u00e4hrtengel\u00e4nde um die IGP1-, IGP3-F\u00e4hrten zu legen. F\u00e4hrtenleger f\u00fcr die Fremd-, sowie die Eigenf\u00e4hrten war Stefan Lehnert. Mit sehr guten und vorz\u00fcglichen Ergebnissen kamen wir zum Fr\u00fchst\u00fcck zur\u00fcck ins Vereinsheim, wo wie immer das Bestens vorbereitete Fr\u00fchst\u00fcck auf die Pr\u00fcfungsteilnehmer und deren Helfer wartete. Danach musste Melanie ihren Test ablegen. Nach der willkommenen kleinen Pause wegen des Sachkundenachweises und gut gest\u00e4rkt war nun die Unterordnung der Begleit- und der IGP-Hunde an der Reihe. Die Ergebnisse waren bis auf das von Priska im positiven Bereich. Sie war am Pr\u00fcfungstag davon \u00fcberzeugt, dass das Apportierholz nur zum Spielen geworfen wird und am\u00fcsierte sich bei einigen Ehrenrunden auf dem Platz damit. Was nat\u00fcrlich zur Folge hatte das der Richter sie wegen Ungehorsam disqualifizieren musste. Im Anschluss wurde der Verkehrsteil von allen Begleithunden souver\u00e4n bestanden. Da es wieder einmal regnete mussten wir eine kleine Zwangspause einlegen. Als das Wetter sich immer noch nicht nach einer viertel Stunde gebessert hatte beschloss der Richter das wir jetzt mit dem Schutzdienst der IGP1 beginnen. Als Helfer stand 000 000 zur Verf\u00fcgung. Im Anschluss bei der IGP3 war Stefan Lehnert als Helfer gefordert. Nach den bestandenen Schutzdiensten gab es endlich das lang ersehnte Mittagsessen, brasilianischer Rahmbraten mit Salzkartoffeln und Gem\u00fcse.<\/p>\n<p>Jetzt mussten nur noch der Richter und sein Pr\u00fcfungsleiter ans Werk, um die Unterlagen vor Bekanntgabe der Ergebnisse und Aush\u00e4ndigung der Papiere auszuf\u00fcllen.<\/p>\n<p>Bei der Siegerehrung bedankte sich der erste Vorsitzende J\u00fcrgen Schwarz beim Leistungsrichter Helmut K\u00f6nig f\u00fcr sein faires Richten und bei allen Pr\u00fcfungsteilnehmern, dem Helferteam, der K\u00fcche und allen guten Geistern, die zum Gelingen der Pr\u00fcfung beigetragen haben.<\/p>\n<p>Ebenfalls bedankte sich der Leistungsrichter bei allen Pr\u00fcfungsteilnehmern f\u00fcr ihr faires und sportliches Vorf\u00fchren der Hunde und den guten Mannschaftsgeist untereinander. Er bedankte sich beim F\u00e4hrtenleger Stefan Lehnert f\u00fcr die gelegten F\u00e4hrten. Lob gab es f\u00fcr die immer anwesende Gruppe. Er bedankte sich bei den Schutzdiensthelfern 000 000 und Stefan Lehnert, die ihm die Hunde so gearbeitet hatten, dass es ihm ein Leichtes war sie zu beurteilen. Ein ganz besonderes Lob gab es f\u00fcr das gute Essen von Harald Spork und seinem Helferteam. Im Anschluss gab er dann die erzielten Pr\u00fcfungsergebnisse bekannt. Es hatten alle Teilnehmer, bis auf einen bestanden.<\/p>\n<p>Tagessieger bei den <strong>Begleithunden wurde Sandra Schwarz mit Rosco von den zwei Loewen mit 53 Punkten<\/strong> und in der <strong>IGP wurde 000 000 mit 000 mit 276 Punkten<\/strong>.<\/p>\n\n<div class=\"foogallery foogallery-container foogallery-thumbnail foogallery-single-thumbnail foogallery-lightbox-foobox fg-center fg-thumbnail fg-ready fg-light fg-border-thin fg-shadow-outline fg-loading-default fg-loaded-fade-in fg-caption-hover fg-hover-fade fg-hover-zoom\" id=\"foogallery-gallery-8263\" data-foogallery=\"{&quot;item&quot;:{&quot;showCaptionTitle&quot;:true,&quot;showCaptionDescription&quot;:true},&quot;lazy&quot;:true}\" style=\"--fg-title-line-clamp: 0; --fg-description-line-clamp: 0;\" >\n    <div class=\"fg-item fg-type-image fg-idle\"><figure class=\"fg-item-inner\"><a href=\"http:\/\/www.og-ommersheim.de\/wp-content\/uploads\/2019\/04\/P1050266_.jpg\" data-caption-title=\"Foto: Karin Lehnert\" data-attachment-id=\"8188\" rel=\"lightbox[8263]\" data-type=\"image\" class=\"fg-thumb\"><span class=\"fg-image-wrap\"><img fetchpriority=\"high\" decoding=\"async\" title=\"Foto: Karin Lehnert\" width=\"300\" height=\"240\" class=\"skip-lazy fg-image\" data-src-fg=\"http:\/\/www.og-ommersheim.de\/wp-content\/uploads\/cache\/2019\/04\/P1050266_\/3250500300.jpg\" src=\"data:image\/svg+xml,%3Csvg%20xmlns%3D%22http%3A%2F%2Fwww.w3.org%2F2000%2Fsvg%22%20width%3D%22300%22%20height%3D%22240%22%20viewBox%3D%220%200%20300%20240%22%3E%3C%2Fsvg%3E\" loading=\"eager\"><\/span><span class=\"fg-image-overlay\"><\/span><\/a><figcaption class=\"fg-caption\"><div class=\"fg-caption-inner\"><div class=\"fg-caption-title\">Fr\u00fchjahrspr\u00fcfung Omersheim 2019<\/div><\/div><\/figcaption><\/figure><div class=\"fg-loader\"><\/div><\/div>        <div class=\"fg-st-hidden\">\n        <div class=\"fg-item fg-type-image fg-idle\"><figure class=\"fg-item-inner\"><a href=\"http:\/\/www.og-ommersheim.de\/wp-content\/uploads\/2019\/04\/P1050267_.jpg\" data-caption-title=\"Foto: Karin Lehnert\" data-attachment-id=\"8189\" rel=\"lightbox[8263]\" data-type=\"image\" class=\"fg-thumb\"><span class=\"fg-image-wrap\"><img decoding=\"async\" title=\"Foto: Karin Lehnert\" width=\"300\" height=\"240\" class=\"skip-lazy fg-image\" data-src-fg=\"http:\/\/www.og-ommersheim.de\/wp-content\/uploads\/cache\/2019\/04\/P1050267_\/1378730392.jpg\" src=\"data:image\/svg+xml,%3Csvg%20xmlns%3D%22http%3A%2F%2Fwww.w3.org%2F2000%2Fsvg%22%20width%3D%22300%22%20height%3D%22240%22%20viewBox%3D%220%200%20300%20240%22%3E%3C%2Fsvg%3E\" loading=\"eager\"><\/span><span class=\"fg-image-overlay\"><\/span><\/a><figcaption class=\"fg-caption\"><div class=\"fg-caption-inner\"><div class=\"fg-caption-title\">Foto: Karin Lehnert<\/div><\/div><\/figcaption><\/figure><div class=\"fg-loader\"><\/div><\/div><div class=\"fg-item fg-type-image fg-idle\"><figure class=\"fg-item-inner\"><a href=\"http:\/\/www.og-ommersheim.de\/wp-content\/uploads\/2019\/04\/P1050268_.jpg\" data-caption-title=\"Foto: Karin Lehnert\" data-attachment-id=\"8190\" rel=\"lightbox[8263]\" data-type=\"image\" class=\"fg-thumb\"><span class=\"fg-image-wrap\"><img decoding=\"async\" title=\"Foto: Karin Lehnert\" width=\"300\" height=\"240\" class=\"skip-lazy fg-image\" data-src-fg=\"http:\/\/www.og-ommersheim.de\/wp-content\/uploads\/cache\/2019\/04\/P1050268_\/1714199165.jpg\" src=\"data:image\/svg+xml,%3Csvg%20xmlns%3D%22http%3A%2F%2Fwww.w3.org%2F2000%2Fsvg%22%20width%3D%22300%22%20height%3D%22240%22%20viewBox%3D%220%200%20300%20240%22%3E%3C%2Fsvg%3E\" loading=\"eager\"><\/span><span class=\"fg-image-overlay\"><\/span><\/a><figcaption class=\"fg-caption\"><div class=\"fg-caption-inner\"><div class=\"fg-caption-title\">Foto: Karin Lehnert<\/div><\/div><\/figcaption><\/figure><div class=\"fg-loader\"><\/div><\/div><div class=\"fg-item fg-type-image fg-idle\"><figure class=\"fg-item-inner\"><a href=\"http:\/\/www.og-ommersheim.de\/wp-content\/uploads\/2019\/04\/P1050269_.jpg\" data-caption-title=\"Foto: Karin Lehnert\" data-attachment-id=\"8191\" rel=\"lightbox[8263]\" data-type=\"image\" class=\"fg-thumb\"><span class=\"fg-image-wrap\"><img decoding=\"async\" title=\"Foto: Karin Lehnert\" width=\"300\" height=\"240\" class=\"skip-lazy fg-image\" data-src-fg=\"http:\/\/www.og-ommersheim.de\/wp-content\/uploads\/cache\/2019\/04\/P1050269_\/1579805223.jpg\" src=\"data:image\/svg+xml,%3Csvg%20xmlns%3D%22http%3A%2F%2Fwww.w3.org%2F2000%2Fsvg%22%20width%3D%22300%22%20height%3D%22240%22%20viewBox%3D%220%200%20300%20240%22%3E%3C%2Fsvg%3E\" loading=\"eager\"><\/span><span class=\"fg-image-overlay\"><\/span><\/a><figcaption class=\"fg-caption\"><div class=\"fg-caption-inner\"><div class=\"fg-caption-title\">Foto: Karin Lehnert<\/div><\/div><\/figcaption><\/figure><div class=\"fg-loader\"><\/div><\/div><div class=\"fg-item fg-type-image fg-idle\"><figure class=\"fg-item-inner\"><a href=\"http:\/\/www.og-ommersheim.de\/wp-content\/uploads\/2019\/04\/P1050270_.jpg\" data-caption-title=\"Foto: Karin Lehnert\" data-attachment-id=\"8192\" rel=\"lightbox[8263]\" data-type=\"image\" class=\"fg-thumb\"><span class=\"fg-image-wrap\"><img decoding=\"async\" title=\"Foto: Karin Lehnert\" width=\"300\" height=\"240\" class=\"skip-lazy fg-image\" data-src-fg=\"http:\/\/www.og-ommersheim.de\/wp-content\/uploads\/cache\/2019\/04\/P1050270_\/1825217385.jpg\" src=\"data:image\/svg+xml,%3Csvg%20xmlns%3D%22http%3A%2F%2Fwww.w3.org%2F2000%2Fsvg%22%20width%3D%22300%22%20height%3D%22240%22%20viewBox%3D%220%200%20300%20240%22%3E%3C%2Fsvg%3E\" loading=\"eager\"><\/span><span class=\"fg-image-overlay\"><\/span><\/a><figcaption class=\"fg-caption\"><div class=\"fg-caption-inner\"><div class=\"fg-caption-title\">Foto: Karin Lehnert<\/div><\/div><\/figcaption><\/figure><div class=\"fg-loader\"><\/div><\/div><div class=\"fg-item fg-type-image fg-idle\"><figure class=\"fg-item-inner\"><a href=\"http:\/\/www.og-ommersheim.de\/wp-content\/uploads\/2019\/04\/P1050271_.jpg\" data-caption-title=\"Foto: Karin Lehnert\" data-attachment-id=\"8193\" rel=\"lightbox[8263]\" data-type=\"image\" class=\"fg-thumb\"><span class=\"fg-image-wrap\"><img decoding=\"async\" title=\"Foto: Karin Lehnert\" width=\"300\" height=\"240\" class=\"skip-lazy fg-image\" data-src-fg=\"http:\/\/www.og-ommersheim.de\/wp-content\/uploads\/cache\/2019\/04\/P1050271_\/1422912307.jpg\" src=\"data:image\/svg+xml,%3Csvg%20xmlns%3D%22http%3A%2F%2Fwww.w3.org%2F2000%2Fsvg%22%20width%3D%22300%22%20height%3D%22240%22%20viewBox%3D%220%200%20300%20240%22%3E%3C%2Fsvg%3E\" loading=\"eager\"><\/span><span class=\"fg-image-overlay\"><\/span><\/a><figcaption class=\"fg-caption\"><div class=\"fg-caption-inner\"><div class=\"fg-caption-title\">Foto: Karin Lehnert<\/div><\/div><\/figcaption><\/figure><div class=\"fg-loader\"><\/div><\/div><div class=\"fg-item fg-type-image fg-idle\"><figure class=\"fg-item-inner\"><a href=\"http:\/\/www.og-ommersheim.de\/wp-content\/uploads\/2019\/04\/P1050272_.jpg\" data-caption-title=\"Foto: Karin Lehnert\" data-attachment-id=\"8194\" rel=\"lightbox[8263]\" data-type=\"image\" class=\"fg-thumb\"><span class=\"fg-image-wrap\"><img decoding=\"async\" title=\"Foto: Karin Lehnert\" width=\"300\" height=\"240\" class=\"skip-lazy fg-image\" data-src-fg=\"http:\/\/www.og-ommersheim.de\/wp-content\/uploads\/cache\/2019\/04\/P1050272_\/2704927673.jpg\" src=\"data:image\/svg+xml,%3Csvg%20xmlns%3D%22http%3A%2F%2Fwww.w3.org%2F2000%2Fsvg%22%20width%3D%22300%22%20height%3D%22240%22%20viewBox%3D%220%200%20300%20240%22%3E%3C%2Fsvg%3E\" loading=\"eager\"><\/span><span class=\"fg-image-overlay\"><\/span><\/a><figcaption class=\"fg-caption\"><div class=\"fg-caption-inner\"><div class=\"fg-caption-title\">Foto: Karin Lehnert<\/div><\/div><\/figcaption><\/figure><div class=\"fg-loader\"><\/div><\/div><div class=\"fg-item fg-type-image fg-idle\"><figure class=\"fg-item-inner\"><a href=\"http:\/\/www.og-ommersheim.de\/wp-content\/uploads\/2019\/04\/P1050273_.jpg\" data-caption-title=\"Foto: Karin Lehnert\" data-attachment-id=\"8195\" rel=\"lightbox[8263]\" data-type=\"image\" class=\"fg-thumb\"><span class=\"fg-image-wrap\"><img decoding=\"async\" title=\"Foto: Karin Lehnert\" width=\"300\" height=\"240\" class=\"skip-lazy fg-image\" data-src-fg=\"http:\/\/www.og-ommersheim.de\/wp-content\/uploads\/cache\/2019\/04\/P1050273_\/2570886115.jpg\" src=\"data:image\/svg+xml,%3Csvg%20xmlns%3D%22http%3A%2F%2Fwww.w3.org%2F2000%2Fsvg%22%20width%3D%22300%22%20height%3D%22240%22%20viewBox%3D%220%200%20300%20240%22%3E%3C%2Fsvg%3E\" loading=\"eager\"><\/span><span class=\"fg-image-overlay\"><\/span><\/a><figcaption class=\"fg-caption\"><div class=\"fg-caption-inner\"><div class=\"fg-caption-title\">Foto: Karin Lehnert<\/div><\/div><\/figcaption><\/figure><div class=\"fg-loader\"><\/div><\/div><div class=\"fg-item fg-type-image fg-idle\"><figure class=\"fg-item-inner\"><a href=\"http:\/\/www.og-ommersheim.de\/wp-content\/uploads\/2019\/04\/P1050274_.jpg\" data-caption-title=\"Foto: Karin Lehnert\" data-attachment-id=\"8196\" rel=\"lightbox[8263]\" data-type=\"image\" class=\"fg-thumb\"><span class=\"fg-image-wrap\"><img decoding=\"async\" title=\"Foto: Karin Lehnert\" width=\"300\" height=\"240\" class=\"skip-lazy fg-image\" data-src-fg=\"http:\/\/www.og-ommersheim.de\/wp-content\/uploads\/cache\/2019\/04\/P1050274_\/2363447809.jpg\" src=\"data:image\/svg+xml,%3Csvg%20xmlns%3D%22http%3A%2F%2Fwww.w3.org%2F2000%2Fsvg%22%20width%3D%22300%22%20height%3D%22240%22%20viewBox%3D%220%200%20300%20240%22%3E%3C%2Fsvg%3E\" loading=\"eager\"><\/span><span class=\"fg-image-overlay\"><\/span><\/a><figcaption class=\"fg-caption\"><div class=\"fg-caption-inner\"><div class=\"fg-caption-title\">Foto: Karin Lehnert<\/div><\/div><\/figcaption><\/figure><div class=\"fg-loader\"><\/div><\/div><div class=\"fg-item fg-type-image fg-idle\"><figure class=\"fg-item-inner\"><a href=\"http:\/\/www.og-ommersheim.de\/wp-content\/uploads\/2019\/04\/P1050276_.jpg\" data-caption-title=\"Foto: Karin Lehnert\" data-attachment-id=\"8198\" rel=\"lightbox[8263]\" data-type=\"image\" class=\"fg-thumb\"><span class=\"fg-image-wrap\"><img decoding=\"async\" title=\"Foto: Karin Lehnert\" width=\"300\" height=\"240\" class=\"skip-lazy fg-image\" data-src-fg=\"http:\/\/www.og-ommersheim.de\/wp-content\/uploads\/cache\/2019\/04\/P1050276_\/3786280024.jpg\" src=\"data:image\/svg+xml,%3Csvg%20xmlns%3D%22http%3A%2F%2Fwww.w3.org%2F2000%2Fsvg%22%20width%3D%22300%22%20height%3D%22240%22%20viewBox%3D%220%200%20300%20240%22%3E%3C%2Fsvg%3E\" loading=\"eager\"><\/span><span class=\"fg-image-overlay\"><\/span><\/a><figcaption class=\"fg-caption\"><div class=\"fg-caption-inner\"><div class=\"fg-caption-title\">Foto: Karin Lehnert<\/div><\/div><\/figcaption><\/figure><div class=\"fg-loader\"><\/div><\/div><div class=\"fg-item fg-type-image fg-idle\"><figure class=\"fg-item-inner\"><a href=\"http:\/\/www.og-ommersheim.de\/wp-content\/uploads\/2019\/04\/P1050277_.jpg\" data-caption-title=\"Foto: Karin Lehnert\" data-attachment-id=\"8199\" rel=\"lightbox[8263]\" data-type=\"image\" class=\"fg-thumb\"><span class=\"fg-image-wrap\"><img decoding=\"async\" title=\"Foto: Karin Lehnert\" width=\"300\" height=\"240\" class=\"skip-lazy fg-image\" data-src-fg=\"http:\/\/www.og-ommersheim.de\/wp-content\/uploads\/cache\/2019\/04\/P1050277_\/3651894274.jpg\" src=\"data:image\/svg+xml,%3Csvg%20xmlns%3D%22http%3A%2F%2Fwww.w3.org%2F2000%2Fsvg%22%20width%3D%22300%22%20height%3D%22240%22%20viewBox%3D%220%200%20300%20240%22%3E%3C%2Fsvg%3E\" loading=\"eager\"><\/span><span class=\"fg-image-overlay\"><\/span><\/a><figcaption class=\"fg-caption\"><div class=\"fg-caption-inner\"><div class=\"fg-caption-title\">Foto: Karin Lehnert<\/div><\/div><\/figcaption><\/figure><div class=\"fg-loader\"><\/div><\/div><div class=\"fg-item fg-type-image fg-idle\"><figure class=\"fg-item-inner\"><a href=\"http:\/\/www.og-ommersheim.de\/wp-content\/uploads\/2019\/04\/P1050293_.jpg\" data-caption-title=\"Foto: Karin Lehnert\" data-attachment-id=\"8204\" rel=\"lightbox[8263]\" data-type=\"image\" class=\"fg-thumb\"><span class=\"fg-image-wrap\"><img decoding=\"async\" title=\"Foto: Karin Lehnert\" width=\"300\" height=\"240\" class=\"skip-lazy fg-image\" data-src-fg=\"http:\/\/www.og-ommersheim.de\/wp-content\/uploads\/cache\/2019\/04\/P1050293_\/4045128551.jpg\" src=\"data:image\/svg+xml,%3Csvg%20xmlns%3D%22http%3A%2F%2Fwww.w3.org%2F2000%2Fsvg%22%20width%3D%22300%22%20height%3D%22240%22%20viewBox%3D%220%200%20300%20240%22%3E%3C%2Fsvg%3E\" loading=\"eager\"><\/span><span class=\"fg-image-overlay\"><\/span><\/a><figcaption class=\"fg-caption\"><div class=\"fg-caption-inner\"><div class=\"fg-caption-title\">Foto: Karin Lehnert<\/div><\/div><\/figcaption><\/figure><div class=\"fg-loader\"><\/div><\/div><div class=\"fg-item fg-type-image fg-idle\"><figure class=\"fg-item-inner\"><a href=\"http:\/\/www.og-ommersheim.de\/wp-content\/uploads\/2019\/04\/P1050297_.jpg\" data-caption-title=\"Foto: Karin Lehnert\" data-attachment-id=\"8205\" rel=\"lightbox[8263]\" data-type=\"image\" class=\"fg-thumb\"><span class=\"fg-image-wrap\"><img decoding=\"async\" title=\"Foto: Karin Lehnert\" width=\"300\" height=\"240\" class=\"skip-lazy fg-image\" data-src-fg=\"http:\/\/www.og-ommersheim.de\/wp-content\/uploads\/cache\/2019\/04\/P1050297_\/2206856818.jpg\" src=\"data:image\/svg+xml,%3Csvg%20xmlns%3D%22http%3A%2F%2Fwww.w3.org%2F2000%2Fsvg%22%20width%3D%22300%22%20height%3D%22240%22%20viewBox%3D%220%200%20300%20240%22%3E%3C%2Fsvg%3E\" loading=\"eager\"><\/span><span class=\"fg-image-overlay\"><\/span><\/a><figcaption class=\"fg-caption\"><div class=\"fg-caption-inner\"><div class=\"fg-caption-title\">Foto: Karin Lehnert<\/div><\/div><\/figcaption><\/figure><div class=\"fg-loader\"><\/div><\/div><div class=\"fg-item fg-type-image fg-idle\"><figure class=\"fg-item-inner\"><a href=\"http:\/\/www.og-ommersheim.de\/wp-content\/uploads\/2019\/04\/P1050298_.jpg\" data-caption-title=\"Foto: Karin Lehnert\" data-attachment-id=\"8206\" rel=\"lightbox[8263]\" data-type=\"image\" class=\"fg-thumb\"><span class=\"fg-image-wrap\"><img decoding=\"async\" title=\"Foto: Karin Lehnert\" width=\"300\" height=\"240\" class=\"skip-lazy fg-image\" data-src-fg=\"http:\/\/www.og-ommersheim.de\/wp-content\/uploads\/cache\/2019\/04\/P1050298_\/766678408.jpg\" src=\"data:image\/svg+xml,%3Csvg%20xmlns%3D%22http%3A%2F%2Fwww.w3.org%2F2000%2Fsvg%22%20width%3D%22300%22%20height%3D%22240%22%20viewBox%3D%220%200%20300%20240%22%3E%3C%2Fsvg%3E\" loading=\"eager\"><\/span><span class=\"fg-image-overlay\"><\/span><\/a><figcaption class=\"fg-caption\"><div class=\"fg-caption-inner\"><div class=\"fg-caption-title\">Foto: Karin Lehnert<\/div><\/div><\/figcaption><\/figure><div class=\"fg-loader\"><\/div><\/div><div class=\"fg-item fg-type-image fg-idle\"><figure class=\"fg-item-inner\"><a href=\"http:\/\/www.og-ommersheim.de\/wp-content\/uploads\/2019\/04\/P1050299_.jpg\" data-caption-title=\"Foto: Karin Lehnert\" data-attachment-id=\"8207\" rel=\"lightbox[8263]\" data-type=\"image\" class=\"fg-thumb\"><span class=\"fg-image-wrap\"><img decoding=\"async\" title=\"Foto: Karin Lehnert\" width=\"300\" height=\"240\" class=\"skip-lazy fg-image\" data-src-fg=\"http:\/\/www.og-ommersheim.de\/wp-content\/uploads\/cache\/2019\/04\/P1050299_\/364373458.jpg\" src=\"data:image\/svg+xml,%3Csvg%20xmlns%3D%22http%3A%2F%2Fwww.w3.org%2F2000%2Fsvg%22%20width%3D%22300%22%20height%3D%22240%22%20viewBox%3D%220%200%20300%20240%22%3E%3C%2Fsvg%3E\" loading=\"eager\"><\/span><span class=\"fg-image-overlay\"><\/span><\/a><figcaption class=\"fg-caption\"><div class=\"fg-caption-inner\"><div class=\"fg-caption-title\">Foto: Karin Lehnert<\/div><\/div><\/figcaption><\/figure><div class=\"fg-loader\"><\/div><\/div><div class=\"fg-item fg-type-image fg-idle\"><figure class=\"fg-item-inner\"><a href=\"http:\/\/www.og-ommersheim.de\/wp-content\/uploads\/2019\/04\/P1050300_.jpg\" data-caption-title=\"Foto: Karin Lehnert\" data-attachment-id=\"8208\" rel=\"lightbox[8263]\" data-type=\"image\" class=\"fg-thumb\"><span class=\"fg-image-wrap\"><img decoding=\"async\" title=\"Foto: Karin Lehnert\" width=\"300\" height=\"240\" class=\"skip-lazy fg-image\" data-src-fg=\"http:\/\/www.og-ommersheim.de\/wp-content\/uploads\/cache\/2019\/04\/P1050300_\/3900095813.jpg\" src=\"data:image\/svg+xml,%3Csvg%20xmlns%3D%22http%3A%2F%2Fwww.w3.org%2F2000%2Fsvg%22%20width%3D%22300%22%20height%3D%22240%22%20viewBox%3D%220%200%20300%20240%22%3E%3C%2Fsvg%3E\" loading=\"eager\"><\/span><span class=\"fg-image-overlay\"><\/span><\/a><figcaption class=\"fg-caption\"><div class=\"fg-caption-inner\"><div class=\"fg-caption-title\">Foto: Karin Lehnert<\/div><\/div><\/figcaption><\/figure><div class=\"fg-loader\"><\/div><\/div><div class=\"fg-item fg-type-image fg-idle\"><figure class=\"fg-item-inner\"><a href=\"http:\/\/www.og-ommersheim.de\/wp-content\/uploads\/2019\/04\/P1050301_.jpg\" data-caption-title=\"Foto: Karin Lehnert\" data-attachment-id=\"8209\" rel=\"lightbox[8263]\" data-type=\"image\" class=\"fg-thumb\"><span class=\"fg-image-wrap\"><img decoding=\"async\" title=\"Foto: Karin Lehnert\" width=\"300\" height=\"240\" class=\"skip-lazy fg-image\" data-src-fg=\"http:\/\/www.og-ommersheim.de\/wp-content\/uploads\/cache\/2019\/04\/P1050301_\/3497250079.jpg\" src=\"data:image\/svg+xml,%3Csvg%20xmlns%3D%22http%3A%2F%2Fwww.w3.org%2F2000%2Fsvg%22%20width%3D%22300%22%20height%3D%22240%22%20viewBox%3D%220%200%20300%20240%22%3E%3C%2Fsvg%3E\" loading=\"eager\"><\/span><span class=\"fg-image-overlay\"><\/span><\/a><figcaption class=\"fg-caption\"><div class=\"fg-caption-inner\"><div class=\"fg-caption-title\">Foto: Karin Lehnert<\/div><\/div><\/figcaption><\/figure><div class=\"fg-loader\"><\/div><\/div><div class=\"fg-item fg-type-image fg-idle\"><figure class=\"fg-item-inner\"><a href=\"http:\/\/www.og-ommersheim.de\/wp-content\/uploads\/2019\/04\/P1050302_.jpg\" data-caption-title=\"Foto: Karin Lehnert\" data-attachment-id=\"8210\" rel=\"lightbox[8263]\" data-type=\"image\" class=\"fg-thumb\"><span class=\"fg-image-wrap\"><img decoding=\"async\" title=\"Foto: Karin Lehnert\" width=\"300\" height=\"240\" class=\"skip-lazy fg-image\" data-src-fg=\"http:\/\/www.og-ommersheim.de\/wp-content\/uploads\/cache\/2019\/04\/P1050302_\/38168046.jpg\" src=\"data:image\/svg+xml,%3Csvg%20xmlns%3D%22http%3A%2F%2Fwww.w3.org%2F2000%2Fsvg%22%20width%3D%22300%22%20height%3D%22240%22%20viewBox%3D%220%200%20300%20240%22%3E%3C%2Fsvg%3E\" loading=\"eager\"><\/span><span class=\"fg-image-overlay\"><\/span><\/a><figcaption class=\"fg-caption\"><div class=\"fg-caption-inner\"><div class=\"fg-caption-title\">Foto: Karin Lehnert<\/div><\/div><\/figcaption><\/figure><div class=\"fg-loader\"><\/div><\/div><div class=\"fg-item fg-type-image fg-idle\"><figure class=\"fg-item-inner\"><a href=\"http:\/\/www.og-ommersheim.de\/wp-content\/uploads\/2019\/04\/P1050303_.jpg\" data-caption-title=\"Foto: Karin Lehnert\" data-attachment-id=\"8211\" rel=\"lightbox[8263]\" data-type=\"image\" class=\"fg-thumb\"><span class=\"fg-image-wrap\"><img decoding=\"async\" title=\"Foto: Karin Lehnert\" width=\"300\" height=\"240\" class=\"skip-lazy fg-image\" data-src-fg=\"http:\/\/www.og-ommersheim.de\/wp-content\/uploads\/cache\/2019\/04\/P1050303_\/977474996.jpg\" src=\"data:image\/svg+xml,%3Csvg%20xmlns%3D%22http%3A%2F%2Fwww.w3.org%2F2000%2Fsvg%22%20width%3D%22300%22%20height%3D%22240%22%20viewBox%3D%220%200%20300%20240%22%3E%3C%2Fsvg%3E\" loading=\"eager\"><\/span><span class=\"fg-image-overlay\"><\/span><\/a><figcaption class=\"fg-caption\"><div class=\"fg-caption-inner\"><div class=\"fg-caption-title\">Foto: Karin Lehnert<\/div><\/div><\/figcaption><\/figure><div class=\"fg-loader\"><\/div><\/div><div class=\"fg-item fg-type-image fg-idle\"><figure class=\"fg-item-inner\"><a href=\"http:\/\/www.og-ommersheim.de\/wp-content\/uploads\/2019\/04\/P1050304_.jpg\" data-caption-title=\"Foto: Karin Lehnert\" data-attachment-id=\"8212\" rel=\"lightbox[8263]\" data-type=\"image\" class=\"fg-thumb\"><span class=\"fg-image-wrap\"><img decoding=\"async\" title=\"Foto: Karin Lehnert\" width=\"300\" height=\"240\" class=\"skip-lazy fg-image\" data-src-fg=\"http:\/\/www.og-ommersheim.de\/wp-content\/uploads\/cache\/2019\/04\/P1050304_\/799069270.jpg\" src=\"data:image\/svg+xml,%3Csvg%20xmlns%3D%22http%3A%2F%2Fwww.w3.org%2F2000%2Fsvg%22%20width%3D%22300%22%20height%3D%22240%22%20viewBox%3D%220%200%20300%20240%22%3E%3C%2Fsvg%3E\" loading=\"eager\"><\/span><span class=\"fg-image-overlay\"><\/span><\/a><figcaption class=\"fg-caption\"><div class=\"fg-caption-inner\"><div class=\"fg-caption-title\">Foto: Karin Lehnert<\/div><\/div><\/figcaption><\/figure><div class=\"fg-loader\"><\/div><\/div><div class=\"fg-item fg-type-image fg-idle\"><figure class=\"fg-item-inner\"><a href=\"http:\/\/www.og-ommersheim.de\/wp-content\/uploads\/2019\/04\/P1050305_.jpg\" data-caption-title=\"Foto: Karin Lehnert\" data-attachment-id=\"8213\" rel=\"lightbox[8263]\" data-type=\"image\" class=\"fg-thumb\"><span class=\"fg-image-wrap\"><img decoding=\"async\" title=\"Foto: Karin Lehnert\" width=\"300\" height=\"240\" class=\"skip-lazy fg-image\" data-src-fg=\"http:\/\/www.og-ommersheim.de\/wp-content\/uploads\/cache\/2019\/04\/P1050305_\/396731404.jpg\" src=\"data:image\/svg+xml,%3Csvg%20xmlns%3D%22http%3A%2F%2Fwww.w3.org%2F2000%2Fsvg%22%20width%3D%22300%22%20height%3D%22240%22%20viewBox%3D%220%200%20300%20240%22%3E%3C%2Fsvg%3E\" loading=\"eager\"><\/span><span class=\"fg-image-overlay\"><\/span><\/a><figcaption class=\"fg-caption\"><div class=\"fg-caption-inner\"><div class=\"fg-caption-title\">Foto: Karin Lehnert<\/div><\/div><\/figcaption><\/figure><div class=\"fg-loader\"><\/div><\/div><div class=\"fg-item fg-type-image fg-idle\"><figure class=\"fg-item-inner\"><a href=\"http:\/\/www.og-ommersheim.de\/wp-content\/uploads\/2019\/04\/P1050306_.jpg\" data-caption-title=\"Foto: Karin Lehnert\" data-attachment-id=\"8214\" rel=\"lightbox[8263]\" data-type=\"image\" class=\"fg-thumb\"><span class=\"fg-image-wrap\"><img decoding=\"async\" title=\"Foto: Karin Lehnert\" width=\"300\" height=\"240\" class=\"skip-lazy fg-image\" data-src-fg=\"http:\/\/www.og-ommersheim.de\/wp-content\/uploads\/cache\/2019\/04\/P1050306_\/3797132422.jpg\" src=\"data:image\/svg+xml,%3Csvg%20xmlns%3D%22http%3A%2F%2Fwww.w3.org%2F2000%2Fsvg%22%20width%3D%22300%22%20height%3D%22240%22%20viewBox%3D%220%200%20300%20240%22%3E%3C%2Fsvg%3E\" loading=\"eager\"><\/span><span class=\"fg-image-overlay\"><\/span><\/a><figcaption class=\"fg-caption\"><div class=\"fg-caption-inner\"><div class=\"fg-caption-title\">Foto: Karin Lehnert<\/div><\/div><\/figcaption><\/figure><div class=\"fg-loader\"><\/div><\/div><div class=\"fg-item fg-type-image fg-idle\"><figure class=\"fg-item-inner\"><a href=\"http:\/\/www.og-ommersheim.de\/wp-content\/uploads\/2019\/04\/P1050307_.jpg\" data-caption-title=\"Foto: Karin Lehnert\" data-attachment-id=\"8215\" rel=\"lightbox[8263]\" data-type=\"image\" class=\"fg-thumb\"><span class=\"fg-image-wrap\"><img decoding=\"async\" title=\"Foto: Karin Lehnert\" width=\"300\" height=\"240\" class=\"skip-lazy fg-image\" data-src-fg=\"http:\/\/www.og-ommersheim.de\/wp-content\/uploads\/cache\/2019\/04\/P1050307_\/3663123676.jpg\" src=\"data:image\/svg+xml,%3Csvg%20xmlns%3D%22http%3A%2F%2Fwww.w3.org%2F2000%2Fsvg%22%20width%3D%22300%22%20height%3D%22240%22%20viewBox%3D%220%200%20300%20240%22%3E%3C%2Fsvg%3E\" loading=\"eager\"><\/span><span class=\"fg-image-overlay\"><\/span><\/a><figcaption class=\"fg-caption\"><div class=\"fg-caption-inner\"><div class=\"fg-caption-title\">Foto: Karin Lehnert<\/div><\/div><\/figcaption><\/figure><div class=\"fg-loader\"><\/div><\/div><div class=\"fg-item fg-type-image fg-idle\"><figure class=\"fg-item-inner\"><a href=\"http:\/\/www.og-ommersheim.de\/wp-content\/uploads\/2019\/04\/P1050308_.jpg\" data-caption-title=\"Foto: Karin Lehnert\" data-attachment-id=\"8216\" rel=\"lightbox[8263]\" data-type=\"image\" class=\"fg-thumb\"><span class=\"fg-image-wrap\"><img decoding=\"async\" title=\"Foto: Karin Lehnert\" width=\"300\" height=\"240\" class=\"skip-lazy fg-image\" data-src-fg=\"http:\/\/www.og-ommersheim.de\/wp-content\/uploads\/cache\/2019\/04\/P1050308_\/1953347366.jpg\" src=\"data:image\/svg+xml,%3Csvg%20xmlns%3D%22http%3A%2F%2Fwww.w3.org%2F2000%2Fsvg%22%20width%3D%22300%22%20height%3D%22240%22%20viewBox%3D%220%200%20300%20240%22%3E%3C%2Fsvg%3E\" loading=\"eager\"><\/span><span class=\"fg-image-overlay\"><\/span><\/a><figcaption class=\"fg-caption\"><div class=\"fg-caption-inner\"><div class=\"fg-caption-title\">Foto: Karin Lehnert<\/div><\/div><\/figcaption><\/figure><div class=\"fg-loader\"><\/div><\/div><div class=\"fg-item fg-type-image fg-idle\"><figure class=\"fg-item-inner\"><a href=\"http:\/\/www.og-ommersheim.de\/wp-content\/uploads\/2019\/04\/P1050309_.jpg\" data-caption-title=\"Foto: Karin Lehnert\" data-attachment-id=\"8217\" rel=\"lightbox[8263]\" data-type=\"image\" class=\"fg-thumb\"><span class=\"fg-image-wrap\"><img decoding=\"async\" title=\"Foto: Karin Lehnert\" width=\"300\" height=\"240\" class=\"skip-lazy fg-image\" data-src-fg=\"http:\/\/www.og-ommersheim.de\/wp-content\/uploads\/cache\/2019\/04\/P1050309_\/1281935228.jpg\" src=\"data:image\/svg+xml,%3Csvg%20xmlns%3D%22http%3A%2F%2Fwww.w3.org%2F2000%2Fsvg%22%20width%3D%22300%22%20height%3D%22240%22%20viewBox%3D%220%200%20300%20240%22%3E%3C%2Fsvg%3E\" loading=\"eager\"><\/span><span class=\"fg-image-overlay\"><\/span><\/a><figcaption class=\"fg-caption\"><div class=\"fg-caption-inner\"><div class=\"fg-caption-title\">Foto: Karin Lehnert<\/div><\/div><\/figcaption><\/figure><div class=\"fg-loader\"><\/div><\/div><div class=\"fg-item fg-type-image fg-idle\"><figure class=\"fg-item-inner\"><a href=\"http:\/\/www.og-ommersheim.de\/wp-content\/uploads\/2019\/04\/P1050310_.jpg\" data-caption-title=\"Foto: Karin Lehnert\" data-attachment-id=\"8218\" rel=\"lightbox[8263]\" data-type=\"image\" class=\"fg-thumb\"><span class=\"fg-image-wrap\"><img decoding=\"async\" title=\"Foto: Karin Lehnert\" width=\"300\" height=\"240\" class=\"skip-lazy fg-image\" data-src-fg=\"http:\/\/www.og-ommersheim.de\/wp-content\/uploads\/cache\/2019\/04\/P1050310_\/1676673247.jpg\" src=\"data:image\/svg+xml,%3Csvg%20xmlns%3D%22http%3A%2F%2Fwww.w3.org%2F2000%2Fsvg%22%20width%3D%22300%22%20height%3D%22240%22%20viewBox%3D%220%200%20300%20240%22%3E%3C%2Fsvg%3E\" loading=\"eager\"><\/span><span class=\"fg-image-overlay\"><\/span><\/a><figcaption class=\"fg-caption\"><div class=\"fg-caption-inner\"><div class=\"fg-caption-title\">Foto: Karin Lehnert<\/div><\/div><\/figcaption><\/figure><div class=\"fg-loader\"><\/div><\/div><div class=\"fg-item fg-type-image fg-idle\"><figure class=\"fg-item-inner\"><a href=\"http:\/\/www.og-ommersheim.de\/wp-content\/uploads\/2019\/04\/P1050311_.jpg\" data-caption-title=\"Foto: Karin Lehnert\" data-attachment-id=\"8219\" rel=\"lightbox[8263]\" data-type=\"image\" class=\"fg-thumb\"><span class=\"fg-image-wrap\"><img decoding=\"async\" title=\"Foto: Karin Lehnert\" width=\"300\" height=\"240\" class=\"skip-lazy fg-image\" data-src-fg=\"http:\/\/www.og-ommersheim.de\/wp-content\/uploads\/cache\/2019\/04\/P1050311_\/1542811781.jpg\" src=\"data:image\/svg+xml,%3Csvg%20xmlns%3D%22http%3A%2F%2Fwww.w3.org%2F2000%2Fsvg%22%20width%3D%22300%22%20height%3D%22240%22%20viewBox%3D%220%200%20300%20240%22%3E%3C%2Fsvg%3E\" loading=\"eager\"><\/span><span class=\"fg-image-overlay\"><\/span><\/a><figcaption class=\"fg-caption\"><div class=\"fg-caption-inner\"><div class=\"fg-caption-title\">Foto: Karin Lehnert<\/div><\/div><\/figcaption><\/figure><div class=\"fg-loader\"><\/div><\/div><div class=\"fg-item fg-type-image fg-idle\"><figure class=\"fg-item-inner\"><a href=\"http:\/\/www.og-ommersheim.de\/wp-content\/uploads\/2019\/04\/P1050312_.jpg\" data-caption-title=\"Foto: Karin Lehnert\" data-attachment-id=\"8220\" rel=\"lightbox[8263]\" data-type=\"image\" class=\"fg-thumb\"><span class=\"fg-image-wrap\"><img decoding=\"async\" title=\"Foto: Karin Lehnert\" width=\"300\" height=\"240\" class=\"skip-lazy fg-image\" data-src-fg=\"http:\/\/www.og-ommersheim.de\/wp-content\/uploads\/cache\/2019\/04\/P1050312_\/1095333180.jpg\" src=\"data:image\/svg+xml,%3Csvg%20xmlns%3D%22http%3A%2F%2Fwww.w3.org%2F2000%2Fsvg%22%20width%3D%22300%22%20height%3D%22240%22%20viewBox%3D%220%200%20300%20240%22%3E%3C%2Fsvg%3E\" loading=\"eager\"><\/span><span class=\"fg-image-overlay\"><\/span><\/a><figcaption class=\"fg-caption\"><div class=\"fg-caption-inner\"><div class=\"fg-caption-title\">Foto: Karin Lehnert<\/div><\/div><\/figcaption><\/figure><div class=\"fg-loader\"><\/div><\/div><div class=\"fg-item fg-type-image fg-idle\"><figure class=\"fg-item-inner\"><a href=\"http:\/\/www.og-ommersheim.de\/wp-content\/uploads\/2019\/04\/P1050313_.jpg\" data-caption-title=\"Foto: Karin Lehnert\" data-attachment-id=\"8221\" rel=\"lightbox[8263]\" data-type=\"image\" class=\"fg-thumb\"><span class=\"fg-image-wrap\"><img decoding=\"async\" title=\"Foto: Karin Lehnert\" width=\"300\" height=\"240\" class=\"skip-lazy fg-image\" data-src-fg=\"http:\/\/www.og-ommersheim.de\/wp-content\/uploads\/cache\/2019\/04\/P1050313_\/2035025254.jpg\" src=\"data:image\/svg+xml,%3Csvg%20xmlns%3D%22http%3A%2F%2Fwww.w3.org%2F2000%2Fsvg%22%20width%3D%22300%22%20height%3D%22240%22%20viewBox%3D%220%200%20300%20240%22%3E%3C%2Fsvg%3E\" loading=\"eager\"><\/span><span class=\"fg-image-overlay\"><\/span><\/a><figcaption class=\"fg-caption\"><div class=\"fg-caption-inner\"><div class=\"fg-caption-title\">Foto: Karin Lehnert<\/div><\/div><\/figcaption><\/figure><div class=\"fg-loader\"><\/div><\/div><div class=\"fg-item fg-type-image fg-idle\"><figure class=\"fg-item-inner\"><a href=\"http:\/\/www.og-ommersheim.de\/wp-content\/uploads\/2019\/04\/P1050314_.jpg\" data-caption-title=\"Foto: Karin Lehnert\" data-attachment-id=\"8222\" rel=\"lightbox[8263]\" data-type=\"image\" class=\"fg-thumb\"><span class=\"fg-image-wrap\"><img decoding=\"async\" title=\"Foto: Karin Lehnert\" width=\"300\" height=\"240\" class=\"skip-lazy fg-image\" data-src-fg=\"http:\/\/www.og-ommersheim.de\/wp-content\/uploads\/cache\/2019\/04\/P1050314_\/1823458436.jpg\" src=\"data:image\/svg+xml,%3Csvg%20xmlns%3D%22http%3A%2F%2Fwww.w3.org%2F2000%2Fsvg%22%20width%3D%22300%22%20height%3D%22240%22%20viewBox%3D%220%200%20300%20240%22%3E%3C%2Fsvg%3E\" loading=\"eager\"><\/span><span class=\"fg-image-overlay\"><\/span><\/a><figcaption class=\"fg-caption\"><div class=\"fg-caption-inner\"><div class=\"fg-caption-title\">Foto: Karin Lehnert<\/div><\/div><\/figcaption><\/figure><div class=\"fg-loader\"><\/div><\/div><div class=\"fg-item fg-type-image fg-idle\"><figure class=\"fg-item-inner\"><a href=\"http:\/\/www.og-ommersheim.de\/wp-content\/uploads\/2019\/04\/P1050319_.jpg\" data-caption-title=\"Foto: Karin Lehnert\" data-attachment-id=\"8227\" rel=\"lightbox[8263]\" data-type=\"image\" class=\"fg-thumb\"><span class=\"fg-image-wrap\"><img decoding=\"async\" title=\"Foto: Karin Lehnert\" width=\"300\" height=\"240\" class=\"skip-lazy fg-image\" data-src-fg=\"http:\/\/www.og-ommersheim.de\/wp-content\/uploads\/cache\/2019\/04\/P1050319_\/258463662.jpg\" src=\"data:image\/svg+xml,%3Csvg%20xmlns%3D%22http%3A%2F%2Fwww.w3.org%2F2000%2Fsvg%22%20width%3D%22300%22%20height%3D%22240%22%20viewBox%3D%220%200%20300%20240%22%3E%3C%2Fsvg%3E\" loading=\"eager\"><\/span><span class=\"fg-image-overlay\"><\/span><\/a><figcaption class=\"fg-caption\"><div class=\"fg-caption-inner\"><div class=\"fg-caption-title\">Foto: Karin Lehnert<\/div><\/div><\/figcaption><\/figure><div class=\"fg-loader\"><\/div><\/div><div class=\"fg-item fg-type-image fg-idle\"><figure class=\"fg-item-inner\"><a href=\"http:\/\/www.og-ommersheim.de\/wp-content\/uploads\/2019\/04\/P1050320_.jpg\" data-caption-title=\"Foto: Karin Lehnert\" data-attachment-id=\"8228\" rel=\"lightbox[8263]\" data-type=\"image\" class=\"fg-thumb\"><span class=\"fg-image-wrap\"><img decoding=\"async\" title=\"Foto: Karin Lehnert\" width=\"300\" height=\"240\" class=\"skip-lazy fg-image\" data-src-fg=\"http:\/\/www.og-ommersheim.de\/wp-content\/uploads\/cache\/2019\/04\/P1050320_\/604684336.jpg\" src=\"data:image\/svg+xml,%3Csvg%20xmlns%3D%22http%3A%2F%2Fwww.w3.org%2F2000%2Fsvg%22%20width%3D%22300%22%20height%3D%22240%22%20viewBox%3D%220%200%20300%20240%22%3E%3C%2Fsvg%3E\" loading=\"eager\"><\/span><span class=\"fg-image-overlay\"><\/span><\/a><figcaption class=\"fg-caption\"><div class=\"fg-caption-inner\"><div class=\"fg-caption-title\">Foto: Karin Lehnert<\/div><\/div><\/figcaption><\/figure><div class=\"fg-loader\"><\/div><\/div><div class=\"fg-item fg-type-image fg-idle\"><figure class=\"fg-item-inner\"><a href=\"http:\/\/www.og-ommersheim.de\/wp-content\/uploads\/2019\/04\/P1050321_.jpg\" data-caption-title=\"Foto: Karin Lehnert\" data-attachment-id=\"8229\" rel=\"lightbox[8263]\" data-type=\"image\" class=\"fg-thumb\"><span class=\"fg-image-wrap\"><img decoding=\"async\" title=\"Foto: Karin Lehnert\" width=\"300\" height=\"240\" class=\"skip-lazy fg-image\" data-src-fg=\"http:\/\/www.og-ommersheim.de\/wp-content\/uploads\/cache\/2019\/04\/P1050321_\/470790250.jpg\" src=\"data:image\/svg+xml,%3Csvg%20xmlns%3D%22http%3A%2F%2Fwww.w3.org%2F2000%2Fsvg%22%20width%3D%22300%22%20height%3D%22240%22%20viewBox%3D%220%200%20300%20240%22%3E%3C%2Fsvg%3E\" loading=\"eager\"><\/span><span class=\"fg-image-overlay\"><\/span><\/a><figcaption class=\"fg-caption\"><div class=\"fg-caption-inner\"><div class=\"fg-caption-title\">Foto: Karin Lehnert<\/div><\/div><\/figcaption><\/figure><div class=\"fg-loader\"><\/div><\/div><div class=\"fg-item fg-type-image fg-idle\"><figure class=\"fg-item-inner\"><a href=\"http:\/\/www.og-ommersheim.de\/wp-content\/uploads\/2019\/04\/P1050322_.jpg\" data-caption-title=\"Foto: Karin Lehnert\" data-attachment-id=\"8230\" rel=\"lightbox[8263]\" data-type=\"image\" class=\"fg-thumb\"><span class=\"fg-image-wrap\"><img decoding=\"async\" title=\"Foto: Karin Lehnert\" width=\"300\" height=\"240\" class=\"skip-lazy fg-image\" data-src-fg=\"http:\/\/www.og-ommersheim.de\/wp-content\/uploads\/cache\/2019\/04\/P1050322_\/3459913883.jpg\" src=\"data:image\/svg+xml,%3Csvg%20xmlns%3D%22http%3A%2F%2Fwww.w3.org%2F2000%2Fsvg%22%20width%3D%22300%22%20height%3D%22240%22%20viewBox%3D%220%200%20300%20240%22%3E%3C%2Fsvg%3E\" loading=\"eager\"><\/span><span class=\"fg-image-overlay\"><\/span><\/a><figcaption class=\"fg-caption\"><div class=\"fg-caption-inner\"><div class=\"fg-caption-title\">Foto: Karin Lehnert<\/div><\/div><\/figcaption><\/figure><div class=\"fg-loader\"><\/div><\/div><div class=\"fg-item fg-type-image fg-idle\"><figure class=\"fg-item-inner\"><a href=\"http:\/\/www.og-ommersheim.de\/wp-content\/uploads\/2019\/04\/P1050323_.jpg\" data-caption-title=\"Foto: Karin Lehnert\" data-attachment-id=\"8231\" rel=\"lightbox[8263]\" data-type=\"image\" class=\"fg-thumb\"><span class=\"fg-image-wrap\"><img decoding=\"async\" title=\"Foto: Karin Lehnert\" width=\"300\" height=\"240\" class=\"skip-lazy fg-image\" data-src-fg=\"http:\/\/www.og-ommersheim.de\/wp-content\/uploads\/cache\/2019\/04\/P1050323_\/4131350721.jpg\" src=\"data:image\/svg+xml,%3Csvg%20xmlns%3D%22http%3A%2F%2Fwww.w3.org%2F2000%2Fsvg%22%20width%3D%22300%22%20height%3D%22240%22%20viewBox%3D%220%200%20300%20240%22%3E%3C%2Fsvg%3E\" loading=\"eager\"><\/span><span class=\"fg-image-overlay\"><\/span><\/a><figcaption class=\"fg-caption\"><div class=\"fg-caption-inner\"><div class=\"fg-caption-title\">Foto: Karin Lehnert<\/div><\/div><\/figcaption><\/figure><div class=\"fg-loader\"><\/div><\/div><div class=\"fg-item fg-type-image fg-idle\"><figure class=\"fg-item-inner\"><a href=\"http:\/\/www.og-ommersheim.de\/wp-content\/uploads\/2019\/04\/P1050324_.jpg\" data-caption-title=\"Foto: Karin Lehnert\" data-attachment-id=\"8232\" rel=\"lightbox[8263]\" data-type=\"image\" class=\"fg-thumb\"><span class=\"fg-image-wrap\"><img decoding=\"async\" title=\"Foto: Karin Lehnert\" width=\"300\" height=\"240\" class=\"skip-lazy fg-image\" data-src-fg=\"http:\/\/www.og-ommersheim.de\/wp-content\/uploads\/cache\/2019\/04\/P1050324_\/3822889251.jpg\" src=\"data:image\/svg+xml,%3Csvg%20xmlns%3D%22http%3A%2F%2Fwww.w3.org%2F2000%2Fsvg%22%20width%3D%22300%22%20height%3D%22240%22%20viewBox%3D%220%200%20300%20240%22%3E%3C%2Fsvg%3E\" loading=\"eager\"><\/span><span class=\"fg-image-overlay\"><\/span><\/a><figcaption class=\"fg-caption\"><div class=\"fg-caption-inner\"><div class=\"fg-caption-title\">Foto: Karin Lehnert<\/div><\/div><\/figcaption><\/figure><div class=\"fg-loader\"><\/div><\/div><div class=\"fg-item fg-type-image fg-idle\"><figure class=\"fg-item-inner\"><a href=\"http:\/\/www.og-ommersheim.de\/wp-content\/uploads\/2019\/04\/P1050325_.jpg\" data-caption-title=\"Foto: Karin Lehnert\" data-attachment-id=\"8233\" rel=\"lightbox[8263]\" data-type=\"image\" class=\"fg-thumb\"><span class=\"fg-image-wrap\"><img decoding=\"async\" title=\"Foto: Karin Lehnert\" width=\"300\" height=\"240\" class=\"skip-lazy fg-image\" data-src-fg=\"http:\/\/www.og-ommersheim.de\/wp-content\/uploads\/cache\/2019\/04\/P1050325_\/3688487289.jpg\" src=\"data:image\/svg+xml,%3Csvg%20xmlns%3D%22http%3A%2F%2Fwww.w3.org%2F2000%2Fsvg%22%20width%3D%22300%22%20height%3D%22240%22%20viewBox%3D%220%200%20300%20240%22%3E%3C%2Fsvg%3E\" loading=\"eager\"><\/span><span class=\"fg-image-overlay\"><\/span><\/a><figcaption class=\"fg-caption\"><div class=\"fg-caption-inner\"><div class=\"fg-caption-title\">Foto: Karin Lehnert<\/div><\/div><\/figcaption><\/figure><div class=\"fg-loader\"><\/div><\/div><div class=\"fg-item fg-type-image fg-idle\"><figure class=\"fg-item-inner\"><a href=\"http:\/\/www.og-ommersheim.de\/wp-content\/uploads\/2019\/04\/P1050326_.jpg\" data-caption-title=\"Foto: Karin Lehnert\" data-attachment-id=\"8234\" rel=\"lightbox[8263]\" data-type=\"image\" class=\"fg-thumb\"><span class=\"fg-image-wrap\"><img decoding=\"async\" title=\"Foto: Karin Lehnert\" width=\"300\" height=\"240\" class=\"skip-lazy fg-image\" data-src-fg=\"http:\/\/www.og-ommersheim.de\/wp-content\/uploads\/cache\/2019\/04\/P1050326_\/774887923.jpg\" src=\"data:image\/svg+xml,%3Csvg%20xmlns%3D%22http%3A%2F%2Fwww.w3.org%2F2000%2Fsvg%22%20width%3D%22300%22%20height%3D%22240%22%20viewBox%3D%220%200%20300%20240%22%3E%3C%2Fsvg%3E\" loading=\"eager\"><\/span><span class=\"fg-image-overlay\"><\/span><\/a><figcaption class=\"fg-caption\"><div class=\"fg-caption-inner\"><div class=\"fg-caption-title\">Foto: Karin Lehnert<\/div><\/div><\/figcaption><\/figure><div class=\"fg-loader\"><\/div><\/div><div class=\"fg-item fg-type-image fg-idle\"><figure class=\"fg-item-inner\"><a href=\"http:\/\/www.og-ommersheim.de\/wp-content\/uploads\/2019\/04\/P1050342_.jpg\" data-caption-title=\"Foto: Karin Lehnert\" data-attachment-id=\"8250\" rel=\"lightbox[8263]\" data-type=\"image\" class=\"fg-thumb\"><span class=\"fg-image-wrap\"><img decoding=\"async\" title=\"Foto: Karin Lehnert\" width=\"300\" height=\"240\" class=\"skip-lazy fg-image\" data-src-fg=\"http:\/\/www.og-ommersheim.de\/wp-content\/uploads\/cache\/2019\/04\/P1050342_\/1104124229.jpg\" src=\"data:image\/svg+xml,%3Csvg%20xmlns%3D%22http%3A%2F%2Fwww.w3.org%2F2000%2Fsvg%22%20width%3D%22300%22%20height%3D%22240%22%20viewBox%3D%220%200%20300%20240%22%3E%3C%2Fsvg%3E\" loading=\"eager\"><\/span><span class=\"fg-image-overlay\"><\/span><\/a><figcaption class=\"fg-caption\"><div class=\"fg-caption-inner\"><div class=\"fg-caption-title\">Foto: Karin Lehnert<\/div><\/div><\/figcaption><\/figure><div class=\"fg-loader\"><\/div><\/div><div class=\"fg-item fg-type-image fg-idle\"><figure class=\"fg-item-inner\"><a href=\"http:\/\/www.og-ommersheim.de\/wp-content\/uploads\/2019\/04\/P1050343_.jpg\" data-caption-title=\"Foto: J\u00fcrgen Schwarz\" data-attachment-id=\"8251\" rel=\"lightbox[8263]\" data-type=\"image\" class=\"fg-thumb\"><span class=\"fg-image-wrap\"><img decoding=\"async\" title=\"Foto: J\u00fcrgen Schwarz\" width=\"300\" height=\"240\" class=\"skip-lazy fg-image\" data-src-fg=\"http:\/\/www.og-ommersheim.de\/wp-content\/uploads\/cache\/2019\/04\/P1050343_\/2043341087.jpg\" src=\"data:image\/svg+xml,%3Csvg%20xmlns%3D%22http%3A%2F%2Fwww.w3.org%2F2000%2Fsvg%22%20width%3D%22300%22%20height%3D%22240%22%20viewBox%3D%220%200%20300%20240%22%3E%3C%2Fsvg%3E\" loading=\"eager\"><\/span><span class=\"fg-image-overlay\"><\/span><\/a><figcaption class=\"fg-caption\"><div class=\"fg-caption-inner\"><div class=\"fg-caption-title\">Foto: J\u00fcrgen Schwarz<\/div><\/div><\/figcaption><\/figure><div class=\"fg-loader\"><\/div><\/div><div class=\"fg-item fg-type-image fg-idle\"><figure class=\"fg-item-inner\"><a href=\"http:\/\/www.og-ommersheim.de\/wp-content\/uploads\/2019\/04\/P1050344_.jpg\" data-caption-title=\"Foto: J\u00fcrgen Schwarz\" data-attachment-id=\"8252\" rel=\"lightbox[8263]\" data-type=\"image\" class=\"fg-thumb\"><span class=\"fg-image-wrap\"><img decoding=\"async\" title=\"Foto: J\u00fcrgen Schwarz\" width=\"300\" height=\"240\" class=\"skip-lazy fg-image\" data-src-fg=\"http:\/\/www.og-ommersheim.de\/wp-content\/uploads\/cache\/2019\/04\/P1050344_\/1814636797.jpg\" src=\"data:image\/svg+xml,%3Csvg%20xmlns%3D%22http%3A%2F%2Fwww.w3.org%2F2000%2Fsvg%22%20width%3D%22300%22%20height%3D%22240%22%20viewBox%3D%220%200%20300%20240%22%3E%3C%2Fsvg%3E\" loading=\"eager\"><\/span><span class=\"fg-image-overlay\"><\/span><\/a><figcaption class=\"fg-caption\"><div class=\"fg-caption-inner\"><div class=\"fg-caption-title\">Foto: J\u00fcrgen Schwarz<\/div><\/div><\/figcaption><\/figure><div class=\"fg-loader\"><\/div><\/div><div class=\"fg-item fg-type-image fg-idle\"><figure class=\"fg-item-inner\"><a href=\"http:\/\/www.og-ommersheim.de\/wp-content\/uploads\/2019\/04\/P1050345_.jpg\" data-caption-title=\"Foto: J\u00fcrgen Schwarz\" data-attachment-id=\"8253\" rel=\"lightbox[8263]\" data-type=\"image\" class=\"fg-thumb\"><span class=\"fg-image-wrap\"><img decoding=\"async\" title=\"Foto: J\u00fcrgen Schwarz\" width=\"300\" height=\"240\" class=\"skip-lazy fg-image\" data-src-fg=\"http:\/\/www.og-ommersheim.de\/wp-content\/uploads\/cache\/2019\/04\/P1050345_\/1412192423.jpg\" src=\"data:image\/svg+xml,%3Csvg%20xmlns%3D%22http%3A%2F%2Fwww.w3.org%2F2000%2Fsvg%22%20width%3D%22300%22%20height%3D%22240%22%20viewBox%3D%220%200%20300%20240%22%3E%3C%2Fsvg%3E\" loading=\"eager\"><\/span><span class=\"fg-image-overlay\"><\/span><\/a><figcaption class=\"fg-caption\"><div class=\"fg-caption-inner\"><div class=\"fg-caption-title\">Foto: J\u00fcrgen Schwarz<\/div><\/div><\/figcaption><\/figure><div class=\"fg-loader\"><\/div><\/div><div class=\"fg-item fg-type-image fg-idle\"><figure class=\"fg-item-inner\"><a href=\"http:\/\/www.og-ommersheim.de\/wp-content\/uploads\/2019\/04\/P1050346_.jpg\" data-caption-title=\"Foto: J\u00fcrgen Schwarz\" data-attachment-id=\"8254\" rel=\"lightbox[8263]\" data-type=\"image\" class=\"fg-thumb\"><span class=\"fg-image-wrap\"><img decoding=\"async\" title=\"Foto: J\u00fcrgen Schwarz\" width=\"300\" height=\"240\" class=\"skip-lazy fg-image\" data-src-fg=\"http:\/\/www.og-ommersheim.de\/wp-content\/uploads\/cache\/2019\/04\/P1050346_\/2715441197.jpg\" src=\"data:image\/svg+xml,%3Csvg%20xmlns%3D%22http%3A%2F%2Fwww.w3.org%2F2000%2Fsvg%22%20width%3D%22300%22%20height%3D%22240%22%20viewBox%3D%220%200%20300%20240%22%3E%3C%2Fsvg%3E\" loading=\"eager\"><\/span><span class=\"fg-image-overlay\"><\/span><\/a><figcaption class=\"fg-caption\"><div class=\"fg-caption-inner\"><div class=\"fg-caption-title\">Foto: J\u00fcrgen Schwarz<\/div><\/div><\/figcaption><\/figure><div class=\"fg-loader\"><\/div><\/div><div class=\"fg-item fg-type-image fg-idle\"><figure class=\"fg-item-inner\"><a href=\"http:\/\/www.og-ommersheim.de\/wp-content\/uploads\/2019\/04\/P1050347_.jpg\" data-caption-title=\"Foto: J\u00fcrgen Schwarz\" data-attachment-id=\"8255\" rel=\"lightbox[8263]\" data-type=\"image\" class=\"fg-thumb\"><span class=\"fg-image-wrap\"><img decoding=\"async\" title=\"Foto: J\u00fcrgen Schwarz\" width=\"300\" height=\"240\" class=\"skip-lazy fg-image\" data-src-fg=\"http:\/\/www.og-ommersheim.de\/wp-content\/uploads\/cache\/2019\/04\/P1050347_\/2581538935.jpg\" src=\"data:image\/svg+xml,%3Csvg%20xmlns%3D%22http%3A%2F%2Fwww.w3.org%2F2000%2Fsvg%22%20width%3D%22300%22%20height%3D%22240%22%20viewBox%3D%220%200%20300%20240%22%3E%3C%2Fsvg%3E\" loading=\"eager\"><\/span><span class=\"fg-image-overlay\"><\/span><\/a><figcaption class=\"fg-caption\"><div class=\"fg-caption-inner\"><div class=\"fg-caption-title\">Foto: J\u00fcrgen Schwarz<\/div><\/div><\/figcaption><\/figure><div class=\"fg-loader\"><\/div><\/div><div class=\"fg-item fg-type-image fg-idle\"><figure class=\"fg-item-inner\"><a href=\"http:\/\/www.og-ommersheim.de\/wp-content\/uploads\/2019\/04\/P1050348_.jpg\" data-caption-title=\"Foto: Karin Lehnert\" data-attachment-id=\"8256\" rel=\"lightbox[8263]\" data-type=\"image\" class=\"fg-thumb\"><span class=\"fg-image-wrap\"><img decoding=\"async\" title=\"Foto: Karin Lehnert\" width=\"300\" height=\"240\" class=\"skip-lazy fg-image\" data-src-fg=\"http:\/\/www.og-ommersheim.de\/wp-content\/uploads\/cache\/2019\/04\/P1050348_\/937708429.jpg\" src=\"data:image\/svg+xml,%3Csvg%20xmlns%3D%22http%3A%2F%2Fwww.w3.org%2F2000%2Fsvg%22%20width%3D%22300%22%20height%3D%22240%22%20viewBox%3D%220%200%20300%20240%22%3E%3C%2Fsvg%3E\" loading=\"eager\"><\/span><span class=\"fg-image-overlay\"><\/span><\/a><figcaption class=\"fg-caption\"><div class=\"fg-caption-inner\"><div class=\"fg-caption-title\">Foto: Karin Lehnert<\/div><\/div><\/figcaption><\/figure><div class=\"fg-loader\"><\/div><\/div><div class=\"fg-item fg-type-image fg-idle\"><figure class=\"fg-item-inner\"><a href=\"http:\/\/www.og-ommersheim.de\/wp-content\/uploads\/2019\/04\/P1050349_.jpg\" data-caption-title=\"Foto: Karin Lehnert\" data-attachment-id=\"8257\" rel=\"lightbox[8263]\" data-type=\"image\" class=\"fg-thumb\"><span class=\"fg-image-wrap\"><img decoding=\"async\" title=\"Foto: Karin Lehnert\" width=\"300\" height=\"240\" class=\"skip-lazy fg-image\" data-src-fg=\"http:\/\/www.og-ommersheim.de\/wp-content\/uploads\/cache\/2019\/04\/P1050349_\/266419159.jpg\" src=\"data:image\/svg+xml,%3Csvg%20xmlns%3D%22http%3A%2F%2Fwww.w3.org%2F2000%2Fsvg%22%20width%3D%22300%22%20height%3D%22240%22%20viewBox%3D%220%200%20300%20240%22%3E%3C%2Fsvg%3E\" loading=\"eager\"><\/span><span class=\"fg-image-overlay\"><\/span><\/a><figcaption class=\"fg-caption\"><div class=\"fg-caption-inner\"><div class=\"fg-caption-title\">Foto: Karin Lehnert<\/div><\/div><\/figcaption><\/figure><div class=\"fg-loader\"><\/div><\/div><div class=\"fg-item fg-type-image fg-idle\"><figure class=\"fg-item-inner\"><a href=\"http:\/\/www.og-ommersheim.de\/wp-content\/uploads\/2019\/04\/P1050350_.jpg\" data-caption-title=\"Foto: Karin Lehnert\" data-attachment-id=\"8258\" rel=\"lightbox[8263]\" data-type=\"image\" class=\"fg-thumb\"><span class=\"fg-image-wrap\"><img decoding=\"async\" title=\"Foto: Karin Lehnert\" width=\"300\" height=\"240\" class=\"skip-lazy fg-image\" data-src-fg=\"http:\/\/www.og-ommersheim.de\/wp-content\/uploads\/cache\/2019\/04\/P1050350_\/544865396.jpg\" src=\"data:image\/svg+xml,%3Csvg%20xmlns%3D%22http%3A%2F%2Fwww.w3.org%2F2000%2Fsvg%22%20width%3D%22300%22%20height%3D%22240%22%20viewBox%3D%220%200%20300%20240%22%3E%3C%2Fsvg%3E\" loading=\"eager\"><\/span><span class=\"fg-image-overlay\"><\/span><\/a><figcaption class=\"fg-caption\"><div class=\"fg-caption-inner\"><div class=\"fg-caption-title\">Foto: Karin Lehnert<\/div><\/div><\/figcaption><\/figure><div class=\"fg-loader\"><\/div><\/div><div class=\"fg-item fg-type-image fg-idle\"><figure class=\"fg-item-inner\"><a href=\"http:\/\/www.og-ommersheim.de\/wp-content\/uploads\/2019\/04\/P1050351_.jpg\" data-caption-title=\"Foto: Karin Lehnert\" data-attachment-id=\"8259\" rel=\"lightbox[8263]\" data-type=\"image\" class=\"fg-thumb\"><span class=\"fg-image-wrap\"><img decoding=\"async\" title=\"Foto: Karin Lehnert\" width=\"300\" height=\"240\" class=\"skip-lazy fg-image\" data-src-fg=\"http:\/\/www.og-ommersheim.de\/wp-content\/uploads\/cache\/2019\/04\/P1050351_\/410815534.jpg\" src=\"data:image\/svg+xml,%3Csvg%20xmlns%3D%22http%3A%2F%2Fwww.w3.org%2F2000%2Fsvg%22%20width%3D%22300%22%20height%3D%22240%22%20viewBox%3D%220%200%20300%20240%22%3E%3C%2Fsvg%3E\" loading=\"eager\"><\/span><span class=\"fg-image-overlay\"><\/span><\/a><figcaption class=\"fg-caption\"><div class=\"fg-caption-inner\"><div class=\"fg-caption-title\">Foto: Karin Lehnert<\/div><\/div><\/figcaption><\/figure><div class=\"fg-loader\"><\/div><\/div><div class=\"fg-item fg-type-image fg-idle\"><figure class=\"fg-item-inner\"><a href=\"http:\/\/www.og-ommersheim.de\/wp-content\/uploads\/2019\/04\/P1050352_.jpg\" data-caption-title=\"Foto: Karin Lehnert\" data-attachment-id=\"8260\" rel=\"lightbox[8263]\" data-type=\"image\" class=\"fg-thumb\"><span class=\"fg-image-wrap\"><img decoding=\"async\" title=\"Foto: Karin Lehnert\" width=\"300\" height=\"240\" class=\"skip-lazy fg-image\" data-src-fg=\"http:\/\/www.og-ommersheim.de\/wp-content\/uploads\/cache\/2019\/04\/P1050352_\/46172567.jpg\" src=\"data:image\/svg+xml,%3Csvg%20xmlns%3D%22http%3A%2F%2Fwww.w3.org%2F2000%2Fsvg%22%20width%3D%22300%22%20height%3D%22240%22%20viewBox%3D%220%200%20300%20240%22%3E%3C%2Fsvg%3E\" loading=\"eager\"><\/span><span class=\"fg-image-overlay\"><\/span><\/a><figcaption class=\"fg-caption\"><div class=\"fg-caption-inner\"><div class=\"fg-caption-title\">Foto: Karin Lehnert<\/div><\/div><\/figcaption><\/figure><div class=\"fg-loader\"><\/div><\/div><div class=\"fg-item fg-type-image fg-idle\"><figure class=\"fg-item-inner\"><a href=\"http:\/\/www.og-ommersheim.de\/wp-content\/uploads\/2019\/04\/P1050353_.jpg\" data-caption-title=\"Foto: Karin Lehnert\" data-attachment-id=\"8261\" rel=\"lightbox[8263]\" data-type=\"image\" class=\"fg-thumb\"><span class=\"fg-image-wrap\"><img decoding=\"async\" title=\"Foto: Karin Lehnert\" width=\"300\" height=\"240\" class=\"skip-lazy fg-image\" data-src-fg=\"http:\/\/www.og-ommersheim.de\/wp-content\/uploads\/cache\/2019\/04\/P1050353_\/986053069.jpg\" src=\"data:image\/svg+xml,%3Csvg%20xmlns%3D%22http%3A%2F%2Fwww.w3.org%2F2000%2Fsvg%22%20width%3D%22300%22%20height%3D%22240%22%20viewBox%3D%220%200%20300%20240%22%3E%3C%2Fsvg%3E\" loading=\"eager\"><\/span><span class=\"fg-image-overlay\"><\/span><\/a><figcaption class=\"fg-caption\"><div class=\"fg-caption-inner\"><div class=\"fg-caption-title\">Foto: Karin Lehnert<\/div><\/div><\/figcaption><\/figure><div class=\"fg-loader\"><\/div><\/div><div class=\"fg-item fg-type-image fg-idle\"><figure class=\"fg-item-inner\"><a href=\"http:\/\/www.og-ommersheim.de\/wp-content\/uploads\/2019\/04\/P1050354_.jpg\" data-caption-title=\"Foto: Karin Lehnert\" data-attachment-id=\"8262\" rel=\"lightbox[8263]\" data-type=\"image\" class=\"fg-thumb\"><span class=\"fg-image-wrap\"><img decoding=\"async\" title=\"Foto: Karin Lehnert\" width=\"300\" height=\"240\" class=\"skip-lazy fg-image\" data-src-fg=\"http:\/\/www.og-ommersheim.de\/wp-content\/uploads\/cache\/2019\/04\/P1050354_\/791033903.jpg\" src=\"data:image\/svg+xml,%3Csvg%20xmlns%3D%22http%3A%2F%2Fwww.w3.org%2F2000%2Fsvg%22%20width%3D%22300%22%20height%3D%22240%22%20viewBox%3D%220%200%20300%20240%22%3E%3C%2Fsvg%3E\" loading=\"eager\"><\/span><span class=\"fg-image-overlay\"><\/span><\/a><figcaption class=\"fg-caption\"><div class=\"fg-caption-inner\"><div class=\"fg-caption-title\">Foto: Karin Lehnert<\/div><\/div><\/figcaption><\/figure><div class=\"fg-loader\"><\/div><\/div>    <\/div>\n<\/div>\n\n\n\n<figure class=\"wp-block-table\"><table><tbody><tr><td>Nachfolgend die Ergebnisse:<\/td><\/tr><tr><td>Hundef\u00fchrer<\/td><td>Hund<\/td><td>Pr. St.<\/td><td>Ergebnis<\/td><\/tr><tr><\/tr><tr><td>Susan\n  Breit<\/td><td>Qamar vom Rotbachsee<\/td><td>BH<\/td><td>51<\/td><\/tr><tr><td>Dagmar\n  Scheitinger<\/td><td>Lexi<\/td><td>BH<\/td><td>42<\/td><\/tr><tr><td>Sandra\n  Schwarz<\/td><td>Rosco von den zwei Loewen<\/td><td>BH<\/td><td>53<\/td><\/tr><tr><td>Stefan\n  Lehnert<\/td><td>Dschinie vom Hof Peters<\/td><td>IGP1<\/td><td>94\/83\/90\/267<\/td><\/tr><tr><td>Stefan\n  Lehnert<\/td><td>Priska von der Wolfsquelle<\/td><td>IGP1<\/td><td>96\/ \/ \/Di<\/td><\/tr><tr><td>Daniel\n  M\u00e4nnlein<\/td><td>Lorie de la cite de loups gris<\/td><td>IGP3<\/td><td>96\/84\/88\/268<\/td><\/tr><tr><td>000 000<\/td><td>000<\/td><td>IGP3<\/td><td>94\/90\/92\/276<\/td><\/tr><\/tbody><\/table><\/figure>\n","protected":false},"excerpt":{"rendered":"<p>Fr\u00fchjahrspr\u00fcfung 2019 Ommersheim Am 27. April fand in der OG Ommersheim die allj\u00e4hrliche Fr\u00fchjahrspr\u00fcfung statt. Als Leistungsrichter hatten wir diesmal den Landesgruppenvorsitzenden Helmut K\u00f6nig verpflichten k\u00f6nnen. Wir trafen uns schon fr\u00fch um<a class=\"moretag\" href=\"http:\/\/www.og-ommersheim.de\/?p=8184\">Read More&#8230;<\/a><\/p>\n","protected":false},"author":3,"featured_media":0,"comment_status":"open","ping_status":"open","sticky":false,"template":"","format":"standard","meta":{"_jetpack_memberships_contains_paid_content":false,"footnotes":""},"categories":[1],"tags":[],"class_list":["post-8184","post","type-post","status-publish","format-standard","hentry","category-uncategorized"],"jetpack_featured_media_url":"","jetpack_sharing_enabled":true,"_links":{"self":[{"href":"http:\/\/www.og-ommersheim.de\/index.php?rest_route=\/wp\/v2\/posts\/8184","targetHints":{"allow":["GET"]}}],"collection":[{"href":"http:\/\/www.og-ommersheim.de\/index.php?rest_route=\/wp\/v2\/posts"}],"about":[{"href":"http:\/\/www.og-ommersheim.de\/index.php?rest_route=\/wp\/v2\/types\/post"}],"author":[{"embeddable":true,"href":"http:\/\/www.og-ommersheim.de\/index.php?rest_route=\/wp\/v2\/users\/3"}],"replies":[{"embeddable":true,"href":"http:\/\/www.og-ommersheim.de\/index.php?rest_route=%2Fwp%2Fv2%2Fcomments&post=8184"}],"version-history":[{"count":5,"href":"http:\/\/www.og-ommersheim.de\/index.php?rest_route=\/wp\/v2\/posts\/8184\/revisions"}],"predecessor-version":[{"id":10206,"href":"http:\/\/www.og-ommersheim.de\/index.php?rest_route=\/wp\/v2\/posts\/8184\/revisions\/10206"}],"wp:attachment":[{"href":"http:\/\/www.og-ommersheim.de\/index.php?rest_route=%2Fwp%2Fv2%2Fmedia&parent=8184"}],"wp:term":[{"taxonomy":"category","embeddable":true,"href":"http:\/\/www.og-ommersheim.de\/index.php?rest_route=%2Fwp%2Fv2%2Fcategories&post=8184"},{"taxonomy":"post_tag","embeddable":true,"href":"http:\/\/www.og-ommersheim.de\/index.php?rest_route=%2Fwp%2Fv2%2Ftags&post=8184"}],"curies":[{"name":"wp","href":"https:\/\/api.w.org\/{rel}","templated":true}]}}